{"id":670200,"date":"2026-01-17T14:35:12","date_gmt":"2026-01-17T14:35:12","guid":{"rendered":"https:\/\/www.europesays.com\/fr\/670200\/"},"modified":"2026-01-17T14:35:12","modified_gmt":"2026-01-17T14:35:12","slug":"le-prix-charlemagne-decerne-a-lancien-patron-de-la-bce-mario-draghi-qui-appelle-lue-a-devenir-plus-forte-face-aux-puissances-etrangeres","status":"publish","type":"post","link":"https:\/\/www.europesays.com\/fr\/670200\/","title":{"rendered":"le prix Charlemagne d\u00e9cern\u00e9 \u00e0 l&rsquo;ancien patron de la BCE Mario Draghi qui appelle l&rsquo;UE \u00e0 devenir plus forte face aux puissances \u00e9trang\u00e8res"},"content":{"rendered":"<p>L&rsquo;ancien pr\u00e9sident de la Banque centrale europ\u00e9enne (BCE), l&rsquo;Italien Mario Draghi, a re\u00e7u le prix Charlemagne 2026 pour sa contribution \u00e0 l&rsquo;unit\u00e9 europ\u00e9enne, ont annonc\u00e9 samedi les organisateurs, tout en avertissant que l&rsquo;Europe devait d&rsquo;urgence renforcer son \u00e9conomie.<\/p>\n<p>Le prestigieux prix Charlemagne 2026 a \u00e9t\u00e9 remis \u00e0 l&rsquo;ancien pr\u00e9sident de la BCE Mario Draghi pour sa contribution \u00e0 l&rsquo;unit\u00e9 europ\u00e9enne, ont annonc\u00e9 ce samedi 17 janvier les organisateurs, tout en avertissant que <a href=\"https:\/\/www.bfmtv.com\/economie\/edito-l-europe-est-assise-sur-un-gisement-de-croissance-sans-les-frictions-administratives-au-sein-du-marche-unique-son-pib-gonflerait-de-2-000-milliards-d-euros_AV-202601150403.html\" title=\"EDITO. L&#039;Europe est assise sur un gisement de croissance: sans les frictions administratives au sein du march\u00e9 unique, son PIB gonflerait de 2.000 milliards d&#039;euros\" class=\"internal_link\" target=\"_blank\" rel=\"noopener\">l&rsquo;Europe devait d&rsquo;urgence renforcer son \u00e9conomie<\/a>.<\/p>\n<p>\u00ab\u00a0La situation est grave\u00a0\u00bb, a d\u00e9clar\u00e9 le d\u00e9put\u00e9 allemand et pr\u00e9sident du comit\u00e9 de s\u00e9lection de cette prestigieuse distinction, Armin Laschet. \u00ab\u00a0L&rsquo;Europe ne doit pas devenir un pion entre les mains de puissances \u00e9trang\u00e8res face \u00e0 l&rsquo;accumulation des crises g\u00e9opolitiques\u00a0\u00bb.<\/p>\n<blockquote class=\"embed embed_quote\"><p>\u00ab\u00a0Si l&rsquo;Europe n&rsquo;est pas comp\u00e9titive sur le plan \u00e9conomique, elle ne disposera pas, \u00e0 long terme, des bases financi\u00e8res, technologiques et industrielles pour garantir sa s\u00e9curit\u00e9\u00a0\u00bb, a-t-il ajout\u00e9 dans un discours prononc\u00e9 d&rsquo;un ton grave.<\/p><\/blockquote>\n<p>Fervent d\u00e9fenseur de la monnaie unique<\/p>\n<p>Largement cr\u00e9dit\u00e9 d&rsquo;avoir sauv\u00e9 l&rsquo;euro de l&rsquo;effondrement apr\u00e8s avoir promis en 2012 de faire \u00ab\u00a0tout ce qu&rsquo;il faudra\u00a0\u00bb pour soutenir la monnaie unique au plus fort de la crise de la dette dans la zone euro, Mario Draghi a depuis exhort\u00e9 l&rsquo;UE \u00e0 approfondir son int\u00e9gration \u00e9conomique pour mieux rivaliser avec les \u00c9tats-Unis et la Chine.<\/p>\n<p>Dans son rapport phare de 2024 sur la comp\u00e9titivit\u00e9 pr\u00f4nant des \u00ab\u00a0r\u00e9formes radicales\u00a0\u00bb au sein de l&rsquo;UE, Mario Draghi avait formul\u00e9 383 recommandations, appelant \u00e0 une r\u00e9glementation commune des march\u00e9s de capitaux du continent et \u00e0 une r\u00e9duction globale de la bureaucratie pour les entreprises.<\/p>\n<p>L&rsquo;Europe subit une pression croissante pour dynamiser son \u00e9conomie, alors que des partis antisyst\u00e8me remportent des victoires \u00e9lectorales sur tout le continent et que la Russie et les \u00c9tats-Unis se montrent de plus en plus hostiles.<\/p>\n<p><img decoding=\"async\" src=\"https:\/\/www.europesays.com\/fr\/wp-content\/uploads\/2025\/12\/principale-26_2.jpg\"  alt=\"Surendettement: pourquoi l\u2019Union europ\u00e9enne durcit-elle les r\u00e8gles des cr\u00e9dits?\" title=\"Surendettement: pourquoi l\u2019Union europ\u00e9enne durcit-elle les r\u00e8gles des cr\u00e9dits?\"\/>Surendettement: pourquoi l\u2019Union europ\u00e9enne durcit-elle les r\u00e8gles des cr\u00e9dits?<\/p>\n<p>\u00ab\u00a0Cette d\u00e9cision (de lui d\u00e9cerner ce prix, ndlr) intervient \u00e0 un moment o\u00f9 l&rsquo;Europe n&rsquo;a peut-\u00eatre jamais compt\u00e9 autant d&rsquo;ennemis qu&rsquo;aujourd&rsquo;hui, tant int\u00e9rieurs qu&rsquo;ext\u00e9rieurs\u00a0\u00bb, a d\u00e9clar\u00e9 l&rsquo;ancien patron de la BCE (2011-2019), \u00e2g\u00e9 de 78 ans, dans un bref discours de remerciement diffus\u00e9 par vid\u00e9o.<\/p>\n<blockquote class=\"embed embed_quote\"><p>\u00ab\u00a0Nous devons devenir plus forts : plus forts militairement, plus forts \u00e9conomiquement et plus forts politiquement\u00a0\u00bb, a-t-il ajout\u00e9.<\/p><\/blockquote>\n<p>Nomm\u00e9 d&rsquo;apr\u00e8s le roi des Francs devenu empereur Charlemagne, premier \u00e0 unifier une large partie de l&rsquo;Europe occidentale apr\u00e8s la chute de l&rsquo;Empire romain d&rsquo;Occident, le prix est d\u00e9cern\u00e9 par un comit\u00e9 de 17 membres et remis \u00e0 Aix-la-Chapelle, l&rsquo;ex-capitale de l&#8217;empire carolingien. Le prix avait \u00e9t\u00e9 cr\u00e9\u00e9 en 1949 pour promouvoir la construction europ\u00e9enne, apr\u00e8s les destructions de la Seconde guerre mondiale.<\/p>\n<p>Parmi les laur\u00e9ats pr\u00e9c\u00e9dents figurent le pape Fran\u00e7ois, Volodymyr Zelensky et le peuple ukrainien, ainsi que le chef de l&rsquo;\u00c9tat fran\u00e7ais Emmanuel Macron et l&rsquo;ancien pr\u00e9sident tch\u00e8que et dissident anticommuniste V\u00e1clav Havel.<\/p>\n","protected":false},"excerpt":{"rendered":"L&rsquo;ancien pr\u00e9sident de la Banque centrale europ\u00e9enne (BCE), l&rsquo;Italien Mario Draghi, a re\u00e7u le prix Charlemagne 2026 pour&hellip;\n","protected":false},"author":2,"featured_media":670201,"comment_status":"","ping_status":"","sticky":false,"template":"","format":"standard","meta":{"footnotes":""},"categories":[1586],"tags":[11,1777,674,1011,27,12,25],"class_list":{"0":"post-670200","1":"post","2":"type-post","3":"status-publish","4":"format-standard","5":"has-post-thumbnail","7":"category-europe","8":"tag-actualites","9":"tag-eu","10":"tag-europe","11":"tag-fr","12":"tag-france","13":"tag-news","14":"tag-republique-francaise"},"share_on_mastodon":{"url":"https:\/\/pubeurope.com\/@fr\/115910942739448842","error":""},"_links":{"self":[{"href":"https:\/\/www.europesays.com\/fr\/wp-json\/wp\/v2\/posts\/670200","targetHints":{"allow":["GET"]}}],"collection":[{"href":"https:\/\/www.europesays.com\/fr\/wp-json\/wp\/v2\/posts"}],"about":[{"href":"https:\/\/www.europesays.com\/fr\/wp-json\/wp\/v2\/types\/post"}],"author":[{"embeddable":true,"href":"https:\/\/www.europesays.com\/fr\/wp-json\/wp\/v2\/users\/2"}],"replies":[{"embeddable":true,"href":"https:\/\/www.europesays.com\/fr\/wp-json\/wp\/v2\/comments?post=670200"}],"version-history":[{"count":0,"href":"https:\/\/www.europesays.com\/fr\/wp-json\/wp\/v2\/posts\/670200\/revisions"}],"wp:featuredmedia":[{"embeddable":true,"href":"https:\/\/www.europesays.com\/fr\/wp-json\/wp\/v2\/media\/670201"}],"wp:attachment":[{"href":"https:\/\/www.europesays.com\/fr\/wp-json\/wp\/v2\/media?parent=670200"}],"wp:term":[{"taxonomy":"category","embeddable":true,"href":"https:\/\/www.europesays.com\/fr\/wp-json\/wp\/v2\/categories?post=670200"},{"taxonomy":"post_tag","embeddable":true,"href":"https:\/\/www.europesays.com\/fr\/wp-json\/wp\/v2\/tags?post=670200"}],"curies":[{"name":"wp","href":"https:\/\/api.w.org\/{rel}","templated":true}]}}