{"id":670202,"date":"2026-01-17T14:36:16","date_gmt":"2026-01-17T14:36:16","guid":{"rendered":"https:\/\/www.europesays.com\/fr\/670202\/"},"modified":"2026-01-17T14:36:16","modified_gmt":"2026-01-17T14:36:16","slug":"accord-ue-mercosur-il-est-necessaire-de-signer-des-accords-de-libre-echange-pour-nos-exportateurs-invite-international","status":"publish","type":"post","link":"https:\/\/www.europesays.com\/fr\/670202\/","title":{"rendered":"Accord UE-Mercosur: \u00abil est n\u00e9cessaire de signer des accords de libre \u00e9change pour nos exportateurs\u00bb &#8211; Invit\u00e9 international"},"content":{"rendered":"<p class=\"t-content__chapo\">\n                                                L\u2019Union europ\u00e9enne et les pays du Mercosur signent leur accord au Paraguay ce samedi 17 janvier. Un texte qui suscite beaucoup de remous entre ses partisans d&rsquo;une part et ses d\u00e9tracteurs d&rsquo;autre part. Les agriculteurs europ\u00e9ens, vent debout contre ce document, comptent faire entendre leurs voix au Parlement europ\u00e9en la semaine prochaine. Pourquoi cet accord,\u00a0 n\u00e9goci\u00e9 depuis 1999, suscite-t-il tant de controverses ? En quoi est-il pertinent ? Charlotte Emlinger, \u00e9conomiste au Centre d\u2019\u00e9tudes prospectives et d\u2019informations internationales (CEPII), sp\u00e9cialiste du commerce international, est l&rsquo;invit\u00e9e internationale de la mi-journ\u00e9e de RFI.                    <\/p>\n<p><img fetchpriority=\"low\" decoding=\"async\" src=\"https:\/\/www.europesays.com\/fr\/wp-content\/uploads\/2026\/01\/Ursula-von-der-Leyen-et-Luiz-In\u00e1cio-Lula-da-Silva.jpg\"   width=\"1024\" height=\"576\" alt=\"Le pr\u00e9sident br\u00e9silien Luiz In\u00e1cio Lula da Silva (\u00e0 droite) et la pr\u00e9sidente de la Commission europ\u00e9enne Ursula von der Leyen se serrent la main en marge de leur r\u00e9union sur l'accord commercial UE-Mercosur \u00e0 Rio de Janeiro, au Br\u00e9sil, le vendredi 16 janvier 2026.\" loading=\"eager\" class=\"a-img \"\/><\/p>\n<p>                Le pr\u00e9sident br\u00e9silien Luiz In\u00e1cio Lula da Silva (\u00e0 droite) et la pr\u00e9sidente de la Commission europ\u00e9enne Ursula von der Leyen se serrent la main en marge de leur r\u00e9union sur l&rsquo;accord commercial UE-Mercosur \u00e0 Rio de Janeiro, au Br\u00e9sil, le vendredi 16 janvier 2026.                AP &#8211; Bruna Prado            <\/p>\n<p class=\"a-read-more\">\u00c0 lire aussi<a href=\"https:\/\/www.rfi.fr\/fr\/podcasts\/politique-le-choix-de-la-semaine\/20260117-mercosur-parlement-europ\u00e9en-dernier-espoir-opposants-trait\u00e9\" target=\"_self\" class=\"a-read-more__link\" rel=\"noopener\">Mercosur: le Parlement europ\u00e9en, dernier espoir pour les opposants au trait\u00e9 ?<\/a><\/p>\n<p class=\"a-read-more\">\u00c0 lire aussi<a href=\"https:\/\/www.rfi.fr\/fr\/europe\/20260109-ue-mercosur-une-majorit\u00e9-d-\u00e9tats-membres-approuve-l-accord-de-libre-\u00e9change\" target=\"_self\" class=\"a-read-more__link\" rel=\"noopener\">UE-Mercosur: une majorit\u00e9 d\u2019\u00c9tats membres approuve l\u2019accord de libre-\u00e9change<\/a><\/p>\n","protected":false},"excerpt":{"rendered":"L\u2019Union europ\u00e9enne et les pays du Mercosur signent leur accord au Paraguay ce samedi 17 janvier. Un texte&hellip;\n","protected":false},"author":2,"featured_media":670203,"comment_status":"","ping_status":"","sticky":false,"template":"","format":"standard","meta":{"footnotes":""},"categories":[1586],"tags":[11,2548,1777,674,1779,1011,27,5653,21426,74,12,26853,25,1778,364],"class_list":{"0":"post-670202","1":"post","2":"type-post","3":"status-publish","4":"format-standard","5":"has-post-thumbnail","7":"category-europe","8":"tag-actualites","9":"tag-bresil","10":"tag-eu","11":"tag-europe","12":"tag-european-union","13":"tag-fr","14":"tag-france","15":"tag-invite-international","16":"tag-mercosur","17":"tag-monde","18":"tag-news","19":"tag-paraguay","20":"tag-republique-francaise","21":"tag-ue","22":"tag-union-europeenne"},"share_on_mastodon":{"url":"https:\/\/pubeurope.com\/@fr\/115910946615871202","error":""},"_links":{"self":[{"href":"https:\/\/www.europesays.com\/fr\/wp-json\/wp\/v2\/posts\/670202","targetHints":{"allow":["GET"]}}],"collection":[{"href":"https:\/\/www.europesays.com\/fr\/wp-json\/wp\/v2\/posts"}],"about":[{"href":"https:\/\/www.europesays.com\/fr\/wp-json\/wp\/v2\/types\/post"}],"author":[{"embeddable":true,"href":"https:\/\/www.europesays.com\/fr\/wp-json\/wp\/v2\/users\/2"}],"replies":[{"embeddable":true,"href":"https:\/\/www.europesays.com\/fr\/wp-json\/wp\/v2\/comments?post=670202"}],"version-history":[{"count":0,"href":"https:\/\/www.europesays.com\/fr\/wp-json\/wp\/v2\/posts\/670202\/revisions"}],"wp:featuredmedia":[{"embeddable":true,"href":"https:\/\/www.europesays.com\/fr\/wp-json\/wp\/v2\/media\/670203"}],"wp:attachment":[{"href":"https:\/\/www.europesays.com\/fr\/wp-json\/wp\/v2\/media?parent=670202"}],"wp:term":[{"taxonomy":"category","embeddable":true,"href":"https:\/\/www.europesays.com\/fr\/wp-json\/wp\/v2\/categories?post=670202"},{"taxonomy":"post_tag","embeddable":true,"href":"https:\/\/www.europesays.com\/fr\/wp-json\/wp\/v2\/tags?post=670202"}],"curies":[{"name":"wp","href":"https:\/\/api.w.org\/{rel}","templated":true}]}}