{"id":670204,"date":"2026-01-17T14:37:09","date_gmt":"2026-01-17T14:37:09","guid":{"rendered":"https:\/\/www.europesays.com\/fr\/670204\/"},"modified":"2026-01-17T14:37:09","modified_gmt":"2026-01-17T14:37:09","slug":"ligue-1-angers-om-menace-de-report","status":"publish","type":"post","link":"https:\/\/www.europesays.com\/fr\/670204\/","title":{"rendered":"Ligue 1 : Angers-OM menac\u00e9 de report"},"content":{"rendered":"<p>L\u2019OM doit affronter <a href=\"https:\/\/www.footmercato.net\/club\/angers-sco\/\" target=\"_blank\" rel=\"noopener\">Angers<\/a> ce soir \u00e0 21h05 mais l\u2019avion devant transporter les joueurs marseillais n\u2019a toujours pas d\u00e9coll\u00e9 de l\u2019a\u00e9roport de Marignane, \u00e0 quelques heures du coup d\u2019envoi seulement. La raison ? Le mauvais temps.<\/p>\n<p>            La suite apr\u00e8s cette publicit\u00e9<\/p>\n<p>Alors que l\u2019appareil devait prendre les airs \u00e0 10h45, la fen\u00eatre m\u00e9t\u00e9o emp\u00eache toujours le d\u00e9collage. Une course contre-la-montre est engag\u00e9e au point qu\u2019un report de la rencontre n\u2019est pas \u00e0 exclure. <\/p>\n<p>\n    Pub. le 17\/01\/2026 14:17<br \/>\n            &#8211; MAJ le 17\/01\/2026 15:32\n    <\/p>\n","protected":false},"excerpt":{"rendered":"L\u2019OM doit affronter Angers ce soir \u00e0 21h05 mais l\u2019avion devant transporter les joueurs marseillais n\u2019a toujours pas&hellip;\n","protected":false},"author":2,"featured_media":597678,"comment_status":"","ping_status":"","sticky":false,"template":"","format":"standard","meta":{"footnotes":""},"categories":[2],"tags":[11,1011,27,12,25],"class_list":{"0":"post-670204","1":"post","2":"type-post","3":"status-publish","4":"format-standard","5":"has-post-thumbnail","7":"category-actualites","8":"tag-actualites","9":"tag-fr","10":"tag-france","11":"tag-news","12":"tag-republique-francaise"},"share_on_mastodon":{"url":"https:\/\/pubeurope.com\/@fr\/115910950516609071","error":""},"_links":{"self":[{"href":"https:\/\/www.europesays.com\/fr\/wp-json\/wp\/v2\/posts\/670204","targetHints":{"allow":["GET"]}}],"collection":[{"href":"https:\/\/www.europesays.com\/fr\/wp-json\/wp\/v2\/posts"}],"about":[{"href":"https:\/\/www.europesays.com\/fr\/wp-json\/wp\/v2\/types\/post"}],"author":[{"embeddable":true,"href":"https:\/\/www.europesays.com\/fr\/wp-json\/wp\/v2\/users\/2"}],"replies":[{"embeddable":true,"href":"https:\/\/www.europesays.com\/fr\/wp-json\/wp\/v2\/comments?post=670204"}],"version-history":[{"count":0,"href":"https:\/\/www.europesays.com\/fr\/wp-json\/wp\/v2\/posts\/670204\/revisions"}],"wp:featuredmedia":[{"embeddable":true,"href":"https:\/\/www.europesays.com\/fr\/wp-json\/wp\/v2\/media\/597678"}],"wp:attachment":[{"href":"https:\/\/www.europesays.com\/fr\/wp-json\/wp\/v2\/media?parent=670204"}],"wp:term":[{"taxonomy":"category","embeddable":true,"href":"https:\/\/www.europesays.com\/fr\/wp-json\/wp\/v2\/categories?post=670204"},{"taxonomy":"post_tag","embeddable":true,"href":"https:\/\/www.europesays.com\/fr\/wp-json\/wp\/v2\/tags?post=670204"}],"curies":[{"name":"wp","href":"https:\/\/api.w.org\/{rel}","templated":true}]}}