{"id":670209,"date":"2026-01-17T14:42:09","date_gmt":"2026-01-17T14:42:09","guid":{"rendered":"https:\/\/www.europesays.com\/fr\/670209\/"},"modified":"2026-01-17T14:42:09","modified_gmt":"2026-01-17T14:42:09","slug":"cest-terrible-ce-que-je-vais-vous-dire-le-mea-culpa-dugo-mola-sur-le-declin-du-stade-toulousain","status":"publish","type":"post","link":"https:\/\/www.europesays.com\/fr\/670209\/","title":{"rendered":"\u00ab C\u2019est terrible ce que je vais vous dire\u2026 \u00bb : Le mea culpa d\u2019Ugo Mola sur le d\u00e9clin du Stade Toulousain"},"content":{"rendered":"<p data-path-to-node=\"3\"><b data-path-to-node=\"3\" data-index-in-node=\"0\">\u00c0 l\u2019aube d\u2019un duel couperet face aux Anglais de Sale, le Stade Toulousain ne joue pas seulement une qualification : il d\u00e9fie sa propre histoire. Face aux vents contraires, Ugo Mola rompt le silence et d\u00e9taille sa strat\u00e9gie manag\u00e9riale pour sortir ses troupes de l\u2019ombre et redevenir cette machine \u00e0 gagner qui effrayait l\u2019Europe.<\/b><\/p>\n<p data-path-to-node=\"4\"><strong>Le cr\u00e9puscule d\u2019une h\u00e9g\u00e9monie ou simple trou d\u2019air ?<\/strong><\/p>\n<p data-path-to-node=\"5\">Dans les trav\u00e9es d\u2019Ernest-Wallon, l\u2019air s\u2019est rafra\u00eechi. Avec trois revers sur les cinq derniers matchs, le g\u00e9ant haut-garonnais vacille. Pourtant, Ugo Mola, l\u2019homme aux sept boucliers et couronnes europ\u00e9ennes, observe ce tumulte avec un flegme teint\u00e9 d\u2019ironie.<\/p>\n<p data-path-to-node=\"5\"><strong>Il pointe du doigt la versatilit\u00e9 des observateurs :<\/strong><\/p>\n<p data-path-to-node=\"5\">\u00ab Je vous observe, je vous lis. Vous vous posez tour \u00e0 tour la question \u00ab\u00a0pourquoi Toulouse ne gagne pas tout le temps\u00a0\u00bb et, quand Toulouse gagne, \u00ab\u00a0pourquoi l\u2019h\u00e9g\u00e9monie de Toulouse d\u00e9range.\u00a0\u00bb Je remarque cette ambivalence-l\u00e0\u2026 \u00bb.<\/p>\n<p data-path-to-node=\"6\">Si le technicien refuse de c\u00e9der \u00e0 la panique, il ne se voile pas la face. Le rugby l\u00e9ch\u00e9 des Rouge et Noir s\u2019est gripp\u00e9, laissant place \u00e0 une irr\u00e9gularit\u00e9 chronique. \u00ab Qu\u2019il ne faut pas mettre sous couvercle les performances en Top 14 o\u00f9 on a r\u00e9guli\u00e8rement marqu\u00e9 plus de 50 points contre des \u00e9quipes majeures. Mais, pour autant, il y a, l\u00e0 aussi, une forme d\u2019ambivalence entre ces r\u00e9sultats et ce rugby pas toujours abouti. Particuli\u00e8rement ces trous d\u2019air qui nous font mal. \u00bb.<\/p>\n<p data-path-to-node=\"7\"><strong>La fin des \u00ab coachs l\u00e9gistes \u00bb : la r\u00e9volution interne<\/strong><\/p>\n<p data-path-to-node=\"8\">Pour affronter le mur d\u00e9fensif de Sale, Mola a d\u00e9cid\u00e9 de bousculer les fondations de son encadrement. Fini le constat passif, place \u00e0 l\u2019action imm\u00e9diate.<\/p>\n<p data-path-to-node=\"8\">\u00ab Il y a suffisamment de coachs \u2018\u2019l\u00e9gistes\u2019\u2019 et de gens qui constatent. J\u2019en ai eu dans mon staff. Aujourd\u2019hui, je n\u2019en ai plus. J\u2019ai des porteurs de solution. Des gens qui se questionnent car les sachant, c\u2019est rare qu\u2019ils trouvent des solutions puisqu\u2019ils savent d\u00e9j\u00e0. Maintenant, il faut qu\u2019on trouve la bonne. On est en qu\u00eate. \u00bb.<\/p>\n<p data-path-to-node=\"9\"><strong>Cette qu\u00eate de renouveau passe par une remise \u00e0 plat des certitudes. Le manager toulousain assume une mutation profonde dans le quotidien du club :<\/strong><\/p>\n<p data-path-to-node=\"9\">\u00ab Comment penser qu\u2019on aura des r\u00e9sultats meilleurs avec la m\u00eame m\u00e9thode ? Donc oui, il le faut. Et on a d\u00e9j\u00e0 enclench\u00e9 certaines petites mutations dans notre mani\u00e8re de fonctionner. Mais tout prend du temps. J\u2019ai toujours pens\u00e9 que les solutions se trouvaient par les acteurs du jeu. \u00c0 nous de les mettre dans les meilleures conditions. \u00c0 nous de penser peut-\u00eatre nos semaines un peu diff\u00e9remment\u2026 \u00bb.<\/p>\n<p data-path-to-node=\"10\"><strong>L\u2019urgence de redevenir une \u00e9quipe \u00ab inqui\u00e9tante \u00bb<\/strong><\/p>\n<p data-path-to-node=\"11\">Le constat est sans appel, et presque brutal dans la bouche du patron : Toulouse a perdu son aura de pr\u00e9dateur. \u00ab \u00c0 nous de nous remettre dans ce paradigme-l\u00e0, d\u2019\u00eatre \u00e0 nouveau une \u00e9quipe de haut niveau, ce que nous ne sommes pas en ce moment\u2026 \u00bb. Une d\u00e9ch\u00e9ance temporaire qu\u2019il juge paradoxalement salvatrice pour la psychologie du groupe : \u00ab C\u2019est terrible ce que je vais vous dire, mais je pense que c\u2019\u00e9tait n\u00e9cessaire \u00e0 notre construction, \u00e0 un chemin un peu diff\u00e9rent. \u00bb.<\/p>\n<p data-path-to-node=\"12\">Face \u00e0 l\u2019enjeu, Mola balaie d\u2019un revers de main la notion de pression n\u00e9gative, lui pr\u00e9f\u00e9rant la vertu du doute constructif : \u00ab Je vous retourne la question, C\u2019est quoi la pression, en fait ? Des doutes qui peuvent se cr\u00e9er ? Mais vous croyez que quand on est champion, on n\u2019a pas de doutes ? Que quand on gagne une finale apr\u00e8s prolongation, on n\u2019a pas eu de doutes ? Mais c\u2019est la vie, les doutes ! \u00bb.<\/p>\n<p data-path-to-node=\"13\"><strong>Le sc\u00e9nario du pire : une seule comp\u00e9tition ?<\/strong><\/p>\n<p data-path-to-node=\"14\">Si Toulouse devait chuter ce samedi, le manager est pr\u00eat \u00e0 en assumer les cons\u00e9quences, quitte \u00e0 r\u00e9duire ses ambitions nationales. \u00ab Si on est \u00e9limin\u00e9 en Champions Cup, eh bien, on en tirera les cons\u00e9quences, on remettra le bleu de chauffe. Et peut-\u00eatre que, cette saison, on a l\u2019effectif pour jouer une seule comp\u00e9tition\u2026 \u00bb.<\/p>\n<p data-path-to-node=\"15\">Mais avant d\u2019en arriver l\u00e0, le Stade veut montrer qu\u2019il a encore les crocs.<\/p>\n<p data-path-to-node=\"15\">\u00ab On s\u2019est mis en ordre de marche pour essayer de redevenir, malgr\u00e9 ces deux d\u00e9faites, une \u00e9quipe un peu plus inqui\u00e9tante que ce que l\u2019on laisse para\u00eetre ces derniers temps. Parce qu\u2019on n\u2019est pas tr\u00e8s inqui\u00e9tants, \u00e7a, je vous conc\u00e8de. On essaie de trouver la bonne formule du moment pour y rem\u00e9dier. Et peut-\u00eatre qu\u2019on se plante. Mais je n\u2019ai pas de honte \u00e0 dire que je me suis tromp\u00e9. \u00bb.<\/p>\n","protected":false},"excerpt":{"rendered":"\u00c0 l\u2019aube d\u2019un duel couperet face aux Anglais de Sale, le Stade Toulousain ne joue pas seulement une&hellip;\n","protected":false},"author":2,"featured_media":670210,"comment_status":"","ping_status":"","sticky":false,"template":"","format":"standard","meta":{"footnotes":""},"categories":[1416],"tags":[1011,27,479,1468,60],"class_list":{"0":"post-670209","1":"post","2":"type-post","3":"status-publish","4":"format-standard","5":"has-post-thumbnail","7":"category-rugby","8":"tag-fr","9":"tag-france","10":"tag-rugby","11":"tag-rugby-football","12":"tag-sports"},"share_on_mastodon":{"url":"https:\/\/pubeurope.com\/@fr\/115910970142310714","error":""},"_links":{"self":[{"href":"https:\/\/www.europesays.com\/fr\/wp-json\/wp\/v2\/posts\/670209","targetHints":{"allow":["GET"]}}],"collection":[{"href":"https:\/\/www.europesays.com\/fr\/wp-json\/wp\/v2\/posts"}],"about":[{"href":"https:\/\/www.europesays.com\/fr\/wp-json\/wp\/v2\/types\/post"}],"author":[{"embeddable":true,"href":"https:\/\/www.europesays.com\/fr\/wp-json\/wp\/v2\/users\/2"}],"replies":[{"embeddable":true,"href":"https:\/\/www.europesays.com\/fr\/wp-json\/wp\/v2\/comments?post=670209"}],"version-history":[{"count":0,"href":"https:\/\/www.europesays.com\/fr\/wp-json\/wp\/v2\/posts\/670209\/revisions"}],"wp:featuredmedia":[{"embeddable":true,"href":"https:\/\/www.europesays.com\/fr\/wp-json\/wp\/v2\/media\/670210"}],"wp:attachment":[{"href":"https:\/\/www.europesays.com\/fr\/wp-json\/wp\/v2\/media?parent=670209"}],"wp:term":[{"taxonomy":"category","embeddable":true,"href":"https:\/\/www.europesays.com\/fr\/wp-json\/wp\/v2\/categories?post=670209"},{"taxonomy":"post_tag","embeddable":true,"href":"https:\/\/www.europesays.com\/fr\/wp-json\/wp\/v2\/tags?post=670209"}],"curies":[{"name":"wp","href":"https:\/\/api.w.org\/{rel}","templated":true}]}}