{"id":67021,"date":"2025-05-01T13:53:14","date_gmt":"2025-05-01T13:53:14","guid":{"rendered":"https:\/\/www.europesays.com\/fr\/67021\/"},"modified":"2025-05-01T13:53:14","modified_gmt":"2025-05-01T13:53:14","slug":"emilien-les-12-coups-de-midi-fait-une-demande-surprenante-a-jean-luc-reichmann","status":"publish","type":"post","link":"https:\/\/www.europesays.com\/fr\/67021\/","title":{"rendered":"\u00c9milien (Les 12 coups de midi) fait une demande surprenante \u00e0 Jean-Luc Reichmann"},"content":{"rendered":"<p>Ce jeudi 1er mai, \u00c9milien a montr\u00e9 qu&rsquo;il a plus d&rsquo;un tour dans son sac sur le plateau des 12 coups de midi avec cette demande qui a pris de court Jean-Luc Reichmann.<\/p>\n<p>\u00c9milien est ind\u00e9tr\u00f4nable depuis sa premi\u00e8re participation aux 12 coups de midi. Sur le plateau de l&rsquo;\u00e9mission anim\u00e9e par Jean-Luc Reichmann, l&rsquo;\u00e9tudiant a vu d\u00e9filer un bon nombre d&rsquo;adversaires <a href=\"https:\/\/www.programme-tv.net\/news\/tv\/371580-je-ne-le-prends-pas-mal-emilien-donne-son-avis-sur-les-candidats-qui-le-convoquent-de-plus-en-plus-en-duel\/\" data-api-deeplink=\"teleloisirs:\/\/news\/371580\" target=\"_blank\" rel=\"noopener\">d\u00e9termin\u00e9s \u00e0 le d\u00e9poss\u00e9der de son titre de Ma\u00eetre de midi<\/a>. Malheureusement pour eux, le candidat \u00e0 l&rsquo;impressionnante culture g\u00e9n\u00e9rale ne faillit toujours pas <a href=\"https:\/\/www.programme-tv.net\/news\/tv\/374955-emilien-les-12-coups-de-midi-tout-proche-de-l-elimination-le-champion-s-est-fait-une-belle-frayeur\/\" data-api-deeplink=\"teleloisirs:\/\/news\/374955\" target=\"_blank\" rel=\"noopener\">malgr\u00e9 quelques coups de chaud<\/a>. Aujourd&rsquo;hui, le jeune champion <a href=\"https:\/\/www.programme-tv.net\/news\/tv\/377719-les-12-coups-de-midi-combien-d-argent-a-gagne-emilien-en-avril-2025-il-remonte-la-pente\/\" data-api-deeplink=\"teleloisirs:\/\/news\/377719\" target=\"_blank\" rel=\"noopener\">cumule plus de 500 participations et plus de 2 millions dans sa cagnotte<\/a>, impressionnant toujours un peu plus les t\u00e9l\u00e9spectateurs et Jean-Luc Reichmann.<\/p>\n<p><b>Les 12 coups de midi <\/b><b>: cette blague d&rsquo;\u00c9milien qui a doucement fait rire Jean-Luc Reichmann <\/b><\/p>\n<p>Comme \u00e0 l&rsquo;accoutum\u00e9e, depuis septembre 2023, \u00c9milien \u00e9tait de retour sur le plateau des 12 coups de midi. En ce lundi 1er mai, jour du Travail, <b>l&rsquo;\u00e9tudiant a surpris Jean-Luc Reichmann en lui demandant, avec humour, de signer un contrat \u00e0 dur\u00e9e ind\u00e9termin\u00e9e<\/b>. \u00ab\u00a0Pour la s\u00e9curit\u00e9 de l&#8217;emploi, on renouvelle le CDD tous les jours depuis 18 mois maintenant. Je ne sais pas si c&rsquo;est tr\u00e8s l\u00e9gal mais j&rsquo;aimerais bien vous faire signer un CDI\u00a0\u00bb, a d\u00e9but\u00e9 Emilien, provoquant les rires du public. \u00ab\u00a0Mais non !\u00a0\u00bb, s&rsquo;est exclam\u00e9 l&rsquo;animateur en d\u00e9couvrant le papier qui lui \u00e9tait tendu. Et de pr\u00e9ciser : \u00ab\u00a0<b>Mais ce n&rsquo;est pas moi qui signe les contrats&#8230; C&rsquo;est le producteur<\/b>.\u00a0\u00bb En parcourant le fameux contrat,<a href=\"https:\/\/www.programme-tv.net\/news\/tv\/122827-jean-luc-reichmann-en-couple-qui-est-sa-femme-nathalie-lecoultre\/\" data-api-deeplink=\"teleloisirs:\/\/news\/122827\" target=\"_blank\" rel=\"noopener\"> le compagnon de Nathalie Lecoultre<\/a> n&rsquo;a pas pu s&#8217;emp\u00eacher d&rsquo;en rire, avant qu&rsquo;il n&rsquo;ajoute en s&rsquo;adressant directement au champion : \u00ab\u00a0Je vais prendre cet exemple-l\u00e0 et je vais peut-\u00eatre faire un cadeau \u00e0 un t\u00e9l\u00e9spectateur. Je vais essayer de trouver une id\u00e9e. Vous m&rsquo;inspirez pour un t\u00e9l\u00e9spectateur&#8230; Je vais y penser.\u00a0\u00bb<\/p>\n<p>                        <b>Les 12 coups de midi<\/b><b> : ce contrat sign\u00e9 par \u00c9milien qui justifie son nombre incalculable de participations<\/b><\/p>\n<p>Face \u00e0 celles et ceux qui sont lass\u00e9s de voir le Ma\u00eetre de midi dans son \u00e9mission, Jean-Luc Reichmann <a href=\"https:\/\/www.programme-tv.net\/news\/tv\/371212-il-a-signe-un-contrat-jean-luc-reichmann-explique-pourquoi-emilien-peut-cumuler-autant-de-participations-dans-les-12-coups-de-midi\/\" data-api-deeplink=\"teleloisirs:\/\/news\/371212\" target=\"_blank\" rel=\"noopener\">avait expliqu\u00e9 aupr\u00e8s de T\u00e9l\u00e9-Loisirs qu&rsquo;\u00c9milien avait sign\u00e9 un contrat<\/a>. \u00ab\u00a0Pour l&rsquo;instant, dans la mesure o\u00f9 on a sign\u00e9 des papiers, on ne peut pas changer les r\u00e8gles en plein milieu. On ne peut pas lui dire : &lsquo;Tiens, on a instaur\u00e9 une r\u00e8gle, \u00e7a s&rsquo;arr\u00eate \u00e0 500 participations&rsquo;, parce qu&rsquo;il a sign\u00e9 un contrat. Ce n&rsquo;est pas possible. On se mettrait en danger. Pour l&rsquo;instant, tant qu&rsquo;il gagne, il continue.\u00a0\u00bb<\/p>\n<p>Article \u00e9crit en collaboration avec 6M\u00e9dias<\/p>\n","protected":false},"excerpt":{"rendered":"Ce jeudi 1er mai, \u00c9milien a montr\u00e9 qu&rsquo;il a plus d&rsquo;un tour dans son sac sur le plateau&hellip;\n","protected":false},"author":2,"featured_media":67022,"comment_status":"","ping_status":"","sticky":false,"template":"","format":"standard","meta":{"footnotes":""},"categories":[1356],"tags":[244,58,59,1011,27,8050,252,199,1364],"class_list":{"0":"post-67021","1":"post","2":"type-post","3":"status-publish","4":"format-standard","5":"has-post-thumbnail","7":"category-television","8":"tag-commentaire","9":"tag-divertissement","10":"tag-entertainment","11":"tag-fr","12":"tag-france","13":"tag-les-douze-coups-de-midi","14":"tag-television","15":"tag-tf1","16":"tag-tv"},"share_on_mastodon":{"url":"https:\/\/pubeurope.com\/@fr\/114432914717341007","error":""},"_links":{"self":[{"href":"https:\/\/www.europesays.com\/fr\/wp-json\/wp\/v2\/posts\/67021","targetHints":{"allow":["GET"]}}],"collection":[{"href":"https:\/\/www.europesays.com\/fr\/wp-json\/wp\/v2\/posts"}],"about":[{"href":"https:\/\/www.europesays.com\/fr\/wp-json\/wp\/v2\/types\/post"}],"author":[{"embeddable":true,"href":"https:\/\/www.europesays.com\/fr\/wp-json\/wp\/v2\/users\/2"}],"replies":[{"embeddable":true,"href":"https:\/\/www.europesays.com\/fr\/wp-json\/wp\/v2\/comments?post=67021"}],"version-history":[{"count":0,"href":"https:\/\/www.europesays.com\/fr\/wp-json\/wp\/v2\/posts\/67021\/revisions"}],"wp:featuredmedia":[{"embeddable":true,"href":"https:\/\/www.europesays.com\/fr\/wp-json\/wp\/v2\/media\/67022"}],"wp:attachment":[{"href":"https:\/\/www.europesays.com\/fr\/wp-json\/wp\/v2\/media?parent=67021"}],"wp:term":[{"taxonomy":"category","embeddable":true,"href":"https:\/\/www.europesays.com\/fr\/wp-json\/wp\/v2\/categories?post=67021"},{"taxonomy":"post_tag","embeddable":true,"href":"https:\/\/www.europesays.com\/fr\/wp-json\/wp\/v2\/tags?post=67021"}],"curies":[{"name":"wp","href":"https:\/\/api.w.org\/{rel}","templated":true}]}}