{"id":670212,"date":"2026-01-17T14:47:09","date_gmt":"2026-01-17T14:47:09","guid":{"rendered":"https:\/\/www.europesays.com\/fr\/670212\/"},"modified":"2026-01-17T14:47:09","modified_gmt":"2026-01-17T14:47:09","slug":"disparition-thierry-cazeneuve-ancien-directeur-du-criterium-du-dauphine-libere-est-mort-lequipe","status":"publish","type":"post","link":"https:\/\/www.europesays.com\/fr\/670212\/","title":{"rendered":"Disparition : Thierry Cazeneuve, ancien directeur du Crit\u00e9rium du Dauphin\u00e9 Lib\u00e9r\u00e9, est mort &#8211; L&#039;\u00c9quipe"},"content":{"rendered":"<ol>\n<li><a href=\"https:\/\/news.google.com\/rss\/articles\/CBMi4gFBVV95cUxObVBKWjktZjMwWHJzZXBJZzBaNDNkUnlfR3VSU3FwTTVPMkQxQldHdEpkSHhtZFFmaEd3aWRVNlhfbV9Lb0E4ekg3bEdHVG82Mk9XYll5X3IwdEw1a2Q3amhUcVE4X2tKNUx6NzZkRW1SZEJJZ0Q5dlJKNmc2YWlIOHpqdEM0VC16MXBuU1N6NXBHVnVBOEVHNzRlSDBBdGxaWFRIVm9KSENPQnNfRE1sc0FZcEtSNmJwcWtpTDlFV28wRThKWjVUY0lkbnZndlFtM0M2UGpVUC1rdC12MER2YXln?oc=5\" target=\"_blank\" rel=\"noopener\">Disparition : Thierry Cazeneuve, ancien directeur du Crit\u00e9rium du Dauphin\u00e9 Lib\u00e9r\u00e9, est mort<\/a>&nbsp;&nbsp;L&rsquo;\u00c9quipe<\/li>\n<li><a href=\"https:\/\/news.google.com\/rss\/articles\/CBMimAJBVV95cUxONDdDcWVSNGd2d1h3cEdVOXNYeWpzUFJXQXYxMXRWejVMOTZSYU1DZlhxdkdkN01adDE3X2NVTUxxWnFjUHhpdEROZnV3X0RXOWVha0U5WDhKTkkwNGZaVUFhcUFJdWxPNzJ0NGhLMWZMTGV2eS15TW10ZmJnTTJzNXpSd2FxWG9OQ0pTUHdsUXJhVEkzbzNoQWE4R1NROU5neWVOUThIMEQ0WFdybjZmSVlfajlzaWlsNFZJSHJpRGlrS21OX3g5UDZqdXRmaS1xSGlBaVNwVEFmVFBvMnFlaDRPQ0hlRjQ3Qi1SMVNxaWVuX1FuWnM2ZmpidGhRYjlEWHBHeDNPaUxWUFE3Q0pCWmp1VzZIQlNo?oc=5\" target=\"_blank\" rel=\"noopener\">Cyclisme. Ancien directeur du Crit\u00e9rium du Dauphin\u00e9 et journaliste, Thierry Cazeneuve est mort \u00e0 l\u2019\u00e2ge de 74 ans<\/a>&nbsp;&nbsp;Ouest-France<\/li>\n<li><a href=\"https:\/\/news.google.com\/rss\/articles\/CBMiekFVX3lxTE95dDJ4M2RPMUxuZXdqWnRvaUNUcFVQTHJDUVg2MnJjQUI2S25sdXNpNm9fQnZxd1ZYaUo4bnRxYzh1R2Izbk9qTHNBQUlhNGJXbGlPcVkxaGpDZldwXzlDSUh0YjZQSXBSNmd1a3pObTRZanVlclEyckVn?oc=5\" target=\"_blank\" rel=\"noopener\">Thierry Cazeneuve est mort<\/a>&nbsp;&nbsp;DirectVelo<\/li>\n<li><a href=\"https:\/\/news.google.com\/rss\/articles\/CBMi5AFBVV95cUxPWmpYak9SWlVEWmo1eWVfcDV1UzVMTWhzbUJnNHVBUGktSnQ2aTNvcnFaUFRtQmlBbkJZakpaazFaOXRtYmVPaEl5U0t4NWNfQndiQndyZks5T0FqbTQ3emFIQk1IbVByZkJpSzNleWVKd2pTaUhhQUxNVjdob1Qzd1FxV2FHM1BzczlhVkcxNURYRmxSMWtZYmd0T3NsX0k5MlFsZnpjV0lTbDc3Z3VEQjVlOGpIU20zek1CLUVqN3NzbnFyWTBGV3Uzc2hrZ0dMTTJmWEkzaWxKU2FCb0dhZnNYcFY?oc=5\" target=\"_blank\" rel=\"noopener\">Ancien directeur du Crit\u00e9rium du Dauphin\u00e9 Lib\u00e9r\u00e9 et figure du cyclisme fran\u00e7ais, Thierry Cazeneuve est mort<\/a>&nbsp;&nbsp;Le Dauphin\u00e9 Lib\u00e9r\u00e9<\/li>\n<li><a href=\"https:\/\/news.google.com\/rss\/articles\/CBMiuwFBVV95cUxNSTYtZmRJWTBCZWJUbmJGQVoxbzVreUJwdDRiMlY1LXAwX1NPTXNEdS0yREZBX0xsVXBRQjdFMDNMNjltYlI4blN3RV94d2VJdU1pOWhncU5QVl9IMi1qV0VKeG95bHItOHktNWFBNkNiZTNHRzFxUXplc1BVczdhZUYzMGxMUHN4bmliNEZCcjljcjd6RGlmZzllendMT3Z3dGZ1UVl3TUdzSzVvQWFlTlpwd0U5bHlTTEc0?oc=5\" target=\"_blank\" rel=\"noopener\">Figure du cyclisme et ancien journaliste, Thierry Cazeneuve est d\u00e9c\u00e9d\u00e9<\/a>&nbsp;&nbsp;francebleu.fr<\/li>\n<\/ol>\n","protected":false},"excerpt":{"rendered":"Disparition : Thierry Cazeneuve, ancien directeur du Crit\u00e9rium du Dauphin\u00e9 Lib\u00e9r\u00e9, est mort&nbsp;&nbsp;L&rsquo;\u00c9quipe Cyclisme. Ancien directeur du Crit\u00e9rium&hellip;\n","protected":false},"author":2,"featured_media":670213,"comment_status":"","ping_status":"","sticky":false,"template":"","format":"standard","meta":{"footnotes":""},"categories":[1411],"tags":[1154,207,1011,27,60],"class_list":{"0":"post-670212","1":"post","2":"type-post","3":"status-publish","4":"format-standard","5":"has-post-thumbnail","7":"category-cyclisme","8":"tag-cycling","9":"tag-cyclisme","10":"tag-fr","11":"tag-france","12":"tag-sports"},"share_on_mastodon":{"url":"https:\/\/pubeurope.com\/@fr\/115910989845086583","error":""},"_links":{"self":[{"href":"https:\/\/www.europesays.com\/fr\/wp-json\/wp\/v2\/posts\/670212","targetHints":{"allow":["GET"]}}],"collection":[{"href":"https:\/\/www.europesays.com\/fr\/wp-json\/wp\/v2\/posts"}],"about":[{"href":"https:\/\/www.europesays.com\/fr\/wp-json\/wp\/v2\/types\/post"}],"author":[{"embeddable":true,"href":"https:\/\/www.europesays.com\/fr\/wp-json\/wp\/v2\/users\/2"}],"replies":[{"embeddable":true,"href":"https:\/\/www.europesays.com\/fr\/wp-json\/wp\/v2\/comments?post=670212"}],"version-history":[{"count":0,"href":"https:\/\/www.europesays.com\/fr\/wp-json\/wp\/v2\/posts\/670212\/revisions"}],"wp:featuredmedia":[{"embeddable":true,"href":"https:\/\/www.europesays.com\/fr\/wp-json\/wp\/v2\/media\/670213"}],"wp:attachment":[{"href":"https:\/\/www.europesays.com\/fr\/wp-json\/wp\/v2\/media?parent=670212"}],"wp:term":[{"taxonomy":"category","embeddable":true,"href":"https:\/\/www.europesays.com\/fr\/wp-json\/wp\/v2\/categories?post=670212"},{"taxonomy":"post_tag","embeddable":true,"href":"https:\/\/www.europesays.com\/fr\/wp-json\/wp\/v2\/tags?post=670212"}],"curies":[{"name":"wp","href":"https:\/\/api.w.org\/{rel}","templated":true}]}}