{"id":670214,"date":"2026-01-17T14:48:10","date_gmt":"2026-01-17T14:48:10","guid":{"rendered":"https:\/\/www.europesays.com\/fr\/670214\/"},"modified":"2026-01-17T14:48:10","modified_gmt":"2026-01-17T14:48:10","slug":"la-mise-au-point-musclee-dhansi-flick-sur-le-dossier-dro-fernandez","status":"publish","type":"post","link":"https:\/\/www.europesays.com\/fr\/670214\/","title":{"rendered":"la mise au point muscl\u00e9e d\u2019Hansi Flick sur le dossier Dro Fernandez"},"content":{"rendered":"<p>\u00abLa plus grande d\u00e9ception\u00bb de sa vie d\u2019entra\u00eeneur. <a href=\"https:\/\/www.footmercato.net\/a8206692553053078085-le-fc-barcelone-est-furieux-pour-dro-fernandez\" target=\"_blank\" rel=\"noopener\">Voici ce qu\u2019affirmait Sport, ce samedi, au sujet d\u2019Hansi Flick<\/a>, alors que la jeune p\u00e9pite Dro Fernandez serait en passe de rejoindre le <a href=\"https:\/\/www.footmercato.net\/club\/psg\/\" target=\"_blank\" rel=\"noopener\">Paris Saint-Germain<\/a>. Selon nos derni\u00e8res informations, le jeune milieu offensif &#8211; qui poss\u00e8de le m\u00eame agent que Luis Enrique (Iv\u00e1n de la Pe\u00f1a) &#8211; <a href=\"https:\/\/www.footmercato.net\/a1236475875236108774-accord-trouve-entre-le-psg-et-dro-fernandez\" target=\"_blank\" rel=\"noopener\">a m\u00eame trouv\u00e9 un accord verbal avec le club de la capitale<\/a>, qui s\u2019appr\u00eate donc \u00e0 lever la clause de 6 millions d\u2019euros. Un \u00e9chec profond pour les Culers, en passe de perdre l\u2019un des plus grands talents de sa g\u00e9n\u00e9ration. <\/p>\n<p>            La suite apr\u00e8s cette publicit\u00e9<\/p>\n<p>Ce samedi, le technicien allemand des Blaugranas a d\u2019ailleurs \u00e9t\u00e9 mitraill\u00e9 de questions par les journalistes espagnols, d\u00e9sireux d\u2019en savoir plus sur les coulisses de ce probable d\u00e9part. \u00abJe parlerai quand ce sera fait. Pas avant\u00bb, a pourtant affirm\u00e9 d\u2019entr\u00e9e de jeu le coach de 60 ans. Avant d\u2019insister : \u00abje ne veux pas r\u00e9pondre parce qu\u2019en tant qu\u2019entra\u00eeneur, je mets beaucoup d\u2019\u00e9nergie dans les joueurs pour qu\u2019ils s\u2019am\u00e9liorent, mais il y a beaucoup de monde autour des joueurs. Si (Dro) finit par aller dans un autre club, demande-moi et je parlerai mais pas maintenant\u00bb. <\/p>\n<p>            La suite apr\u00e8s cette publicit\u00e9<\/p>\n<p>        Flick \u00e9vite le sujet<\/p>\n<p>Relanc\u00e9 sur le sujet, l\u2019ancien tacticien du Bayern Munich a, finalement, d\u00fb se r\u00e9soudre \u00e0 en dire un peu plus\u2026 \u00abQuand il y a des joueurs qui arrivent avec du potentiel, on a un plan pour voir comment ils s\u2019entra\u00eenent, leurs performances et leur attitude, s\u2019ils sont professionnels\u2026 Nous faisons partie d\u2019une excellente \u00e9quipe et il n\u2019est pas facile de prendre des minutes. C\u2019est clair. Mais chaque s\u00e9ance d\u2019entra\u00eenement rend ces joueurs meilleurs. C\u2019est la fa\u00e7on normale et quand ils m\u00e9ritent de jouer, ils jouent bien s\u00fbr\u00bb. <\/p>\n<p>Pour conclure, <a href=\"https:\/\/www.footmercato.net\/entraineur\/hans-dieter-flick\" target=\"_blank\" rel=\"noopener\">Hansi Flick<\/a> a semble-t-il tendu une main au jeune Dro Fernandez : \u00abmon id\u00e9e est qu\u2019ils continuent tous. Dro n\u2019est pas encore un joueur termin\u00e9 mais c\u2019est le football. Il y a des joueurs de 17 ou 18 ans, mais il y a des gens autour d\u2019eux qui prennent des d\u00e9cisions mais je ne veux rien dire d\u2019autre\u00bb. Il semblerait que la messe soit d\u00e9j\u00e0 dite\u2026<\/p>\n<p>\n    Pub. le 17\/01\/2026 14:02<br \/>\n            &#8211; MAJ le 17\/01\/2026 15:35\n    <\/p>\n","protected":false},"excerpt":{"rendered":"\u00abLa plus grande d\u00e9ception\u00bb de sa vie d\u2019entra\u00eeneur. Voici ce qu\u2019affirmait Sport, ce samedi, au sujet d\u2019Hansi Flick,&hellip;\n","protected":false},"author":2,"featured_media":562195,"comment_status":"","ping_status":"","sticky":false,"template":"","format":"standard","meta":{"footnotes":""},"categories":[1410],"tags":[63,1011,27,60],"class_list":{"0":"post-670214","1":"post","2":"type-post","3":"status-publish","4":"format-standard","5":"has-post-thumbnail","7":"category-football","8":"tag-football","9":"tag-fr","10":"tag-france","11":"tag-sports"},"share_on_mastodon":{"url":"https:\/\/pubeurope.com\/@fr\/115910993740729569","error":""},"_links":{"self":[{"href":"https:\/\/www.europesays.com\/fr\/wp-json\/wp\/v2\/posts\/670214","targetHints":{"allow":["GET"]}}],"collection":[{"href":"https:\/\/www.europesays.com\/fr\/wp-json\/wp\/v2\/posts"}],"about":[{"href":"https:\/\/www.europesays.com\/fr\/wp-json\/wp\/v2\/types\/post"}],"author":[{"embeddable":true,"href":"https:\/\/www.europesays.com\/fr\/wp-json\/wp\/v2\/users\/2"}],"replies":[{"embeddable":true,"href":"https:\/\/www.europesays.com\/fr\/wp-json\/wp\/v2\/comments?post=670214"}],"version-history":[{"count":0,"href":"https:\/\/www.europesays.com\/fr\/wp-json\/wp\/v2\/posts\/670214\/revisions"}],"wp:featuredmedia":[{"embeddable":true,"href":"https:\/\/www.europesays.com\/fr\/wp-json\/wp\/v2\/media\/562195"}],"wp:attachment":[{"href":"https:\/\/www.europesays.com\/fr\/wp-json\/wp\/v2\/media?parent=670214"}],"wp:term":[{"taxonomy":"category","embeddable":true,"href":"https:\/\/www.europesays.com\/fr\/wp-json\/wp\/v2\/categories?post=670214"},{"taxonomy":"post_tag","embeddable":true,"href":"https:\/\/www.europesays.com\/fr\/wp-json\/wp\/v2\/tags?post=670214"}],"curies":[{"name":"wp","href":"https:\/\/api.w.org\/{rel}","templated":true}]}}