{"id":670225,"date":"2026-01-17T14:55:14","date_gmt":"2026-01-17T14:55:14","guid":{"rendered":"https:\/\/www.europesays.com\/fr\/670225\/"},"modified":"2026-01-17T14:55:14","modified_gmt":"2026-01-17T14:55:14","slug":"larthrose-france-culture","status":"publish","type":"post","link":"https:\/\/www.europesays.com\/fr\/670225\/","title":{"rendered":"L\u2019arthrose | France Culture"},"content":{"rendered":"<p class=\"PopSlotParagraph qg-tx2 qg-xtra-lh svelte-1r0pyek\">Elle touche 10 millions de personnes dans notre pays, 600 millions dans le monde, l\u2019arthrose est la maladie articulaire la plus fr\u00e9quente. Et cela ne risque gu\u00e8re de changer puisque l\u2019on estime que pr\u00e8s d\u2019un milliard d\u2019individus pourraient \u00eatre touch\u00e9s en 2050.\u00a0Ce qui est lourd de cons\u00e9quences tant cette affection, douloureuse, est une des causes majeures de s\u00e9dentarit\u00e9 chez la personne \u00e2g\u00e9e, favorisant ainsi l\u2019apparition de maladies cardiovasculaires, d\u2019hypertension ou encore de diab\u00e8te.<\/p>\n<p class=\"PopSlotParagraph qg-tx2 qg-xtra-lh svelte-1r0pyek\">On ne sait pas aujourd\u2019hui gu\u00e9rir cette maladie, ni m\u00eame freiner sa progression et les recherches ont \u00e9t\u00e9 marqu\u00e9es par de nombreuses d\u00e9sillusions.\u00a0Actuellement, la prise en charge vise \u00e0 soulager la douleur et maintenir de la mobilit\u00e9 gr\u00e2ce \u00e0 des m\u00e9dicaments et des gestes m\u00e9dicaux ou chirurgicaux. Pour un maximum d\u2019efficacit\u00e9, il serait essentiel d\u2019intervenir le plus en amont possible de l\u2019\u00e9volution de la maladie, mais \u00e0 ce jour le diagnostic reste tr\u00e8s tardif.\u00a0Tout l&rsquo;espoir est permis.\u00a0A la fois pour faire des diagnostics pr\u00e9coces voire pour d\u00e9pister les personnes \u00e0 risque. Mais aussi pour traiter autrement l\u2019arthrose notamment gr\u00e2ce \u00e0 l\u2019immunoth\u00e9rapie et ainsi esp\u00e9rer agir sur son \u00e9volution.<\/p>\n<p class=\"PopSlotParagraph qg-tx2 qg-xtra-lh svelte-1r0pyek\"><a href=\"https:\/\/urldefense.com\/v3\/__https:\/www.femina.fr\/article\/acouphenes-comment-faire-face__;!!B6IQPYr2rLEU!Q-eFJTew2rdx9uU3uGV9Gx76nAG7pkRBwHH_ZhKatra6UOVdvEiS385NAPXlmxXcytWPDkL3Z4STwbQnTjM6BHyIZq8obdc$\" target=\"_blank\" rel=\"noopener noreferrer\" class=\"\" data-testid=\"link\">En partenariat avec le magazine<\/a>\u00a0<a href=\"https:\/\/www.femina.fr\/article\/comment-soulager-l-arthrose-sans-medicaments-les-conseils-d-experts\" target=\"_blank\" rel=\"noopener noreferrer\" class=\"\" data-testid=\"link\">Version Femina.<\/a>\u00a0Chaque semaine avec votre quotidien r\u00e9gional, retrouvez le magazine aussi sur\u00a0<a href=\"https:\/\/urldefense.com\/v3\/__https:\/www.femina.fr\/__;!!B6IQPYr2rLEU!Wpjaa2BKrJ0EwZxki-Knlj8uRLcAW1ViB3li-vlqj2HdSsyFk7EFGEXHAO5S7ONQL-Eb6QLuqw4A69qfm8P9ZyuYHqlRTcM0SjE$\" target=\"_blank\" rel=\"noopener noreferrer\" class=\"\" data-testid=\"link\">Femina.fr<\/a>,\u00a0<a href=\"https:\/\/urldefense.com\/v3\/__https:\/www.facebook.com\/VersionFemina\/__;!!B6IQPYr2rLEU!Wpjaa2BKrJ0EwZxki-Knlj8uRLcAW1ViB3li-vlqj2HdSsyFk7EFGEXHAO5S7ONQL-Eb6QLuqw4A69qfm8P9ZyuYHqlR0THnlE0$\" target=\"_blank\" rel=\"noopener noreferrer\" class=\"\" data-testid=\"link\">Facebook<\/a>,\u00a0<a href=\"https:\/\/urldefense.com\/v3\/__https:\/www.instagram.com\/versionfemina\/?hl=fr__;!!B6IQPYr2rLEU!Wpjaa2BKrJ0EwZxki-Knlj8uRLcAW1ViB3li-vlqj2HdSsyFk7EFGEXHAO5S7ONQL-Eb6QLuqw4A69qfm8P9ZyuYHqlRElcxWc0$\" target=\"_blank\" rel=\"noopener noreferrer\" class=\"\" data-testid=\"link\">Instagram<\/a>\u00a0et\u00a0<a href=\"https:\/\/urldefense.com\/v3\/__https:\/www.tiktok.com\/@versionfemina__;!!B6IQPYr2rLEU!Wpjaa2BKrJ0EwZxki-Knlj8uRLcAW1ViB3li-vlqj2HdSsyFk7EFGEXHAO5S7ONQL-Eb6QLuqw4A69qfm8P9ZyuYHqlRJU9NS9A$\" target=\"_blank\" rel=\"noopener noreferrer\" class=\"\" data-testid=\"link\">TikTok<\/a>.<\/p>\n<p>  <img decoding=\"async\" class=\"Image-preview  svelte-1b9cmvl\" data-testid=\"image-preview\" src=\"data:image\/jpeg;charset=utf-8;base64, \/9j\/2wBDACgcHiMeGSgjISMtKygwPGRBPDc3PHtYXUlkkYCZlo+AjIqgtObDoKrarYqMyP\/L2u71\/\/\/\/m8H\/\/\/\/6\/+b9\/\/j\/2wBDASstLTw1PHZBQXb4pYyl+Pj4+Pj4+Pj4+Pj4+Pj4+Pj4+Pj4+Pj4+Pj4+Pj4+Pj4+Pj4+Pj4+Pj4+Pj4+Pj4+Pj\/wAARCAALACoDASIAAhEBAxEB\/8QAFgABAQEAAAAAAAAAAAAAAAAAAAED\/8QAFRABAQAAAAAAAAAAAAAAAAAAAAH\/xAAXAQADAQAAAAAAAAAAAAAAAAAAAQMF\/8QAFBEBAAAAAAAAAAAAAAAAAAAAAP\/aAAwDAQACEQMRAD8AyioqrSAQEVABv\/\/Z\" alt=\"\" aria-hidden=\"false\"\/>     <img decoding=\"async\" src=\"https:\/\/www.europesays.com\/fr\/wp-content\/uploads\/2026\/01\/1768661714_686_860_sc_logo-version-femina.jpg\" loading=\"lazy\" fetchpriority=\"low\" width=\"860\" height=\"240\" class=\"Image-main  svelte-1b9cmvl rounded\" data-testid=\"image-src\" alt=\"Logo Version Femina\" aria-hidden=\"false\" onload=\"this.__e=event\" onerror=\"this.__e=event\"\/> Logo Version Femina  <script async src=\"\/\/www.instagram.com\/embed.js\"><\/script><script async src=\"\/\/www.tiktok.com\/embed.js\"><\/script><\/p>\n","protected":false},"excerpt":{"rendered":"Elle touche 10 millions de personnes dans notre pays, 600 millions dans le monde, l\u2019arthrose est la maladie&hellip;\n","protected":false},"author":2,"featured_media":670226,"comment_status":"","ping_status":"","sticky":false,"template":"","format":"standard","meta":{"footnotes":""},"categories":[10],"tags":[1011,27,72,71],"class_list":{"0":"post-670225","1":"post","2":"type-post","3":"status-publish","4":"format-standard","5":"has-post-thumbnail","7":"category-sante","8":"tag-fr","9":"tag-france","10":"tag-health","11":"tag-sante"},"share_on_mastodon":{"url":"https:\/\/pubeurope.com\/@fr\/115911021318343603","error":""},"_links":{"self":[{"href":"https:\/\/www.europesays.com\/fr\/wp-json\/wp\/v2\/posts\/670225","targetHints":{"allow":["GET"]}}],"collection":[{"href":"https:\/\/www.europesays.com\/fr\/wp-json\/wp\/v2\/posts"}],"about":[{"href":"https:\/\/www.europesays.com\/fr\/wp-json\/wp\/v2\/types\/post"}],"author":[{"embeddable":true,"href":"https:\/\/www.europesays.com\/fr\/wp-json\/wp\/v2\/users\/2"}],"replies":[{"embeddable":true,"href":"https:\/\/www.europesays.com\/fr\/wp-json\/wp\/v2\/comments?post=670225"}],"version-history":[{"count":0,"href":"https:\/\/www.europesays.com\/fr\/wp-json\/wp\/v2\/posts\/670225\/revisions"}],"wp:featuredmedia":[{"embeddable":true,"href":"https:\/\/www.europesays.com\/fr\/wp-json\/wp\/v2\/media\/670226"}],"wp:attachment":[{"href":"https:\/\/www.europesays.com\/fr\/wp-json\/wp\/v2\/media?parent=670225"}],"wp:term":[{"taxonomy":"category","embeddable":true,"href":"https:\/\/www.europesays.com\/fr\/wp-json\/wp\/v2\/categories?post=670225"},{"taxonomy":"post_tag","embeddable":true,"href":"https:\/\/www.europesays.com\/fr\/wp-json\/wp\/v2\/tags?post=670225"}],"curies":[{"name":"wp","href":"https:\/\/api.w.org\/{rel}","templated":true}]}}