{"id":670229,"date":"2026-01-17T14:57:10","date_gmt":"2026-01-17T14:57:10","guid":{"rendered":"https:\/\/www.europesays.com\/fr\/670229\/"},"modified":"2026-01-17T14:57:10","modified_gmt":"2026-01-17T14:57:10","slug":"echappees-belles-france-5-ou-se-deroule-lemission-du-17-janvier-tele-star","status":"publish","type":"post","link":"https:\/\/www.europesays.com\/fr\/670229\/","title":{"rendered":"Echapp\u00e9es belles (France 5) : o\u00f9 se d\u00e9roule l\u2019\u00e9mission du 17 janvier ? &#8211; T\u00e9l\u00e9 Star"},"content":{"rendered":"<ol>\n<li><a href=\"https:\/\/news.google.com\/rss\/articles\/CBMipgFBVV95cUxPenhsZkhPa2dob0xjYUVKU2RyVUxOWXpKY1RJd0pNN0RFSmtId1RzM3VLVTFNRUpRank5WWxDU1o5V2EtU2ljWFluWU85cUNGakJRVEFMdHAyRm9ELVZKNUs4VDZRbmxmSGs3cDVhVFBxZXd6aDVIeTAzZGlfVS0tU3RNaDNZeFVaTFpSTUk5RzlfZW1qR0lHN2U5VmJSX25NeVFiMElB?oc=5\" target=\"_blank\" rel=\"noopener\">Echapp\u00e9es belles (France 5) : o\u00f9 se d\u00e9roule l\u2019\u00e9mission du 17 janvier ?<\/a>&nbsp;&nbsp;T\u00e9l\u00e9 Star<\/li>\n<li><a href=\"https:\/\/news.google.com\/rss\/articles\/CBMiqAFBVV95cUxQbTFtbkJwREpxS2s1QUZNbnBMcVBQSGh1WmNsam5yOTgtLWFNZ1E4TE0tNmdNUnJhOVRsQWpfV2d2Q3YtNmNwU0RXWWxILTc2NTdaekFHQ3FneWxWTzVDSEZZMEc5SWt3aktDNU1aRWV6alhYVDJ6ZV9UTGJrWTdiYUVZYndvRlJJRUlLakdJbF9JTGtwRUdEbllIUVVndEUxQXVJYzFETDM?oc=5\" target=\"_blank\" rel=\"noopener\">Australie, en van sur la c\u00f4te ouest &#8211; Documentaire en replay \u00c9chapp\u00e9es belles<\/a>&nbsp;&nbsp;France TV<\/li>\n<li><a href=\"https:\/\/news.google.com\/rss\/articles\/CBMigwJBVV95cUxOUVpEM3djSmVVVS1YTWZFTHdHMEpmdXRDWnk2SWFMMFJnZHZza19XMGY2TnJsZC1qT2lrVDl5cGZvVDQ1akZhUXYxcUNBZ1YyNnlPZWdKY3J5RjkxaERDQjdIXy03VXllX0prNzRVeEcwVzJTSl9qQWpDUXFKQU9ZbVY4RFRKRHJhS0Q0aGx4eEhvSmxoQnFKNXl6cHBMWWRTX2VJUW5GaTFyS3kwOGlmOTZabk9tYXVwQjBpbUR4MHlVUWVQMldtUVlXbUluNnJsd2RpUXNaTnFua195andkNWUzcmlyeEhvUEplSDRmb2pKclFkSW50OVIxUUhENG1sMFBj?oc=5\" target=\"_blank\" rel=\"noopener\">Le Berry, \u00ab\u00a0son charme rural\u00a0\u00bb et ses \u00ab\u00a0habitants fiers et audacieux\u00a0\u00bb \u00e0 l&rsquo;honneur dans l&rsquo;\u00e9mission \u00c9chapp\u00e9es belles ce samedi<\/a>&nbsp;&nbsp;Le Berry R\u00e9publicain<\/li>\n<li><a href=\"https:\/\/news.google.com\/rss\/articles\/CBMi1gFBVV95cUxPdy1BYUpQbTJwYlpUT2p2REh0UWp4V3pTMUM1TTFhVUk1dmRvTmJlVWR2cnoyQW5TNUFRejNETUhxV3hRTk9HRl9CTy1SVElwZzhuVW5KMGhYb3dzRlBOWFBib3hEWVpURmFoQVdRQS1WOTJ0c18xbmM2eVJkRTh0MWRIdGRJam1lQnNsQ1VLdHlWbEVIdGNZamZVOGtYWXR3S2FCYjdjeTl1SV84UVJVOXZtQzg2Vms2VXEyekhvMXdPOEY3QmMwR3poVjJNem5ybDdfNXpR?oc=5\" target=\"_blank\" rel=\"noopener\">Australie-Occidentale : \u00e9couter la terre, reconna\u00eetre ses peuples<\/a>&nbsp;&nbsp;francetelevisions.fr<\/li>\n<li><a href=\"https:\/\/news.google.com\/rss\/articles\/CBMiywFBVV95cUxPel9GTVdZazRRQ2lLTmt6TEV6SU9Ma0xDNFFsUFBsd2daUXNpTHZIVHBLeWJ6ZU1hZnhmcEl3TDM3MFJ5WUVKQlRqbU9MMmJ4T3ZkSjhuM3BuQ0VfbGpacEl4bnB5bEk1cVB4TFFUZVpMTTZmYU5KbTAweDg4VGpxZGxWb2NEbmMtckRybjlJN1NrVENFMF85OS1zRy1GQ0owY0xPeDd0MXVJekhrcVlDbDJmS0pUdElYLTFmXzhmdERWTGxLcUgzVjByMA?oc=5\" target=\"_blank\" rel=\"noopener\">Echapp\u00e9es belles (France 5) &#8211; \u00c0 la d\u00e9couverte de l&rsquo;Ouest australien<\/a>&nbsp;&nbsp;T\u00e9l\u00e9 7 Jours<\/li>\n<\/ol>\n","protected":false},"excerpt":{"rendered":"Echapp\u00e9es belles (France 5) : o\u00f9 se d\u00e9roule l\u2019\u00e9mission du 17 janvier ?&nbsp;&nbsp;T\u00e9l\u00e9 Star Australie, en van sur&hellip;\n","protected":false},"author":2,"featured_media":670230,"comment_status":"","ping_status":"","sticky":false,"template":"","format":"standard","meta":{"footnotes":""},"categories":[8],"tags":[548,58,59,1011,27,4467],"class_list":{"0":"post-670229","1":"post","2":"type-post","3":"status-publish","4":"format-standard","5":"has-post-thumbnail","7":"category-divertissement","8":"tag-article-simple","9":"tag-divertissement","10":"tag-entertainment","11":"tag-fr","12":"tag-france","13":"tag-france-5"},"share_on_mastodon":{"url":"https:\/\/pubeurope.com\/@fr\/115911029090893423","error":""},"_links":{"self":[{"href":"https:\/\/www.europesays.com\/fr\/wp-json\/wp\/v2\/posts\/670229","targetHints":{"allow":["GET"]}}],"collection":[{"href":"https:\/\/www.europesays.com\/fr\/wp-json\/wp\/v2\/posts"}],"about":[{"href":"https:\/\/www.europesays.com\/fr\/wp-json\/wp\/v2\/types\/post"}],"author":[{"embeddable":true,"href":"https:\/\/www.europesays.com\/fr\/wp-json\/wp\/v2\/users\/2"}],"replies":[{"embeddable":true,"href":"https:\/\/www.europesays.com\/fr\/wp-json\/wp\/v2\/comments?post=670229"}],"version-history":[{"count":0,"href":"https:\/\/www.europesays.com\/fr\/wp-json\/wp\/v2\/posts\/670229\/revisions"}],"wp:featuredmedia":[{"embeddable":true,"href":"https:\/\/www.europesays.com\/fr\/wp-json\/wp\/v2\/media\/670230"}],"wp:attachment":[{"href":"https:\/\/www.europesays.com\/fr\/wp-json\/wp\/v2\/media?parent=670229"}],"wp:term":[{"taxonomy":"category","embeddable":true,"href":"https:\/\/www.europesays.com\/fr\/wp-json\/wp\/v2\/categories?post=670229"},{"taxonomy":"post_tag","embeddable":true,"href":"https:\/\/www.europesays.com\/fr\/wp-json\/wp\/v2\/tags?post=670229"}],"curies":[{"name":"wp","href":"https:\/\/api.w.org\/{rel}","templated":true}]}}