{"id":67023,"date":"2025-05-01T13:54:09","date_gmt":"2025-05-01T13:54:09","guid":{"rendered":"https:\/\/www.europesays.com\/fr\/67023\/"},"modified":"2025-05-01T13:54:09","modified_gmt":"2025-05-01T13:54:09","slug":"les-videos-de-concerts-du-groupe-de-rap-kneecap-interessent-la-police-antiterroriste-britannique","status":"publish","type":"post","link":"https:\/\/www.europesays.com\/fr\/67023\/","title":{"rendered":"Les vid\u00e9os de concerts du groupe de rap Kneecap int\u00e9ressent la police antiterroriste britannique"},"content":{"rendered":"<p>Qu\u2019ont-ils exactement dit\u00a0? La police antiterroriste britannique a ouvert jeudi une enqu\u00eate sur les rappeurs nord-irlandais de Kneecap. Ils sont soup\u00e7onn\u00e9s d\u2019avoir tenu des propos incitant \u00e0 la <a href=\"https:\/\/www.20minutes.fr\/dossier\/violence\" class=\"color-ultramarine c-link\" target=\"_blank\" rel=\"noopener\">violence<\/a>. Contre des d\u00e9put\u00e9s conservateurs mais aussi de soutien au <a href=\"https:\/\/www.20minutes.fr\/monde\/hamas\/\" class=\"color-ultramarine c-link\" target=\"_blank\" rel=\"noopener\">Hamas<\/a>.<\/p>\n<p>Les enqu\u00eateurs, qui ont examin\u00e9 deux vid\u00e9os de concerts dat\u00e9es de\u00a02023 et\u00a02024 ont annonc\u00e9 jeudi \u00ab\u00a0qu\u2019il y avait suffisamment de raisons d\u2019enqu\u00eater sur d\u2019\u00e9ventuelles infractions\u00a0\u00bb commises par le groupe de Belfast, connu pour son attitude punk et rebelle, et son soutien \u00e0 la cause palestinienne.<\/p>\n<p>Sur l\u2019une des vid\u00e9os diffus\u00e9es en ligne, l\u2019un des rappeurs semble crier \u00ab\u00a0allez le Hamas, allez le Hezbollah\u00a0\u00bb lors d\u2019un concert \u00e0 <a href=\"https:\/\/www.20minutes.fr\/dossier\/londres\" class=\"color-ultramarine c-link\" target=\"_blank\" rel=\"noopener\">Londres<\/a> l\u2019an dernier. Sur l\u2019autre, dat\u00e9e de novembre\u00a02023, une personne sur sc\u00e8ne d\u00e9clare qu\u2019un \u00ab\u00a0bon Tory [membre du parti conservateur britannique] est un Tory mort. Tuez votre d\u00e9put\u00e9\u00a0\u00bb.<\/p>\n<p>Kneecap d\u00e9programm\u00e9 par plusieurs festivals<\/p>\n<p>La cheffe de file des conservateurs Kemi Badenoch a imm\u00e9diatement r\u00e9clam\u00e9 l\u2019interdiction du groupe, et des \u00e9lus ont exhort\u00e9 le festival de Glastonbury \u00e0 d\u00e9programmer les rappeurs de l\u2019\u00e9dition pr\u00e9vue fin juin.<\/p>\n<p>Ces enregistrements ont \u00e9t\u00e9 exhum\u00e9s quelques jours apr\u00e8s le concert du groupe au festival californien de <a href=\"https:\/\/www.20minutes.fr\/dossier\/coachella\" class=\"color-ultramarine c-link\" target=\"_blank\" rel=\"noopener\">Coachella<\/a>, o\u00f9 il a diffus\u00e9 des messages contre Isra\u00ebl qui ont suscit\u00e9 de vives r\u00e9actions. Kneecap a d\u00e9j\u00e0 \u00e9t\u00e9 \u00e9cart\u00e9 d\u2019un festival dans les Cornouailles (sud-ouest de l\u2019Angleterre), de deux autres en <a href=\"https:\/\/www.20minutes.fr\/dossier\/allemagne\" class=\"color-ultramarine c-link\" target=\"_blank\" rel=\"noopener\">Allemagne<\/a>, o\u00f9 trois concerts pr\u00e9vus en septembre ont aussi \u00e9t\u00e9 annul\u00e9s.<\/p>\n<p>Face \u00e0 la pol\u00e9mique, les rappeurs avaient assur\u00e9 lundi \u00ab\u00a0ne pas soutenir et n\u2019avoir jamais soutenu le Hamas ou le <a href=\"https:\/\/www.20minutes.fr\/monde\/hezbollah\/\" class=\"color-ultramarine c-link\" target=\"_blank\" rel=\"noopener\">Hezbollah\u00a0<\/a>\u00bb et \u00ab\u00a0condamner toutes les attaques contre les civils, toujours\u00a0\u00bb. \u00ab\u00a0Nous r\u00e9futons aussi l\u2019id\u00e9e selon laquelle nous chercherions \u00e0 inciter \u00e0 la violence contre un d\u00e9put\u00e9 ou un individu\u00a0\u00bb, avaient-ils ajout\u00e9.<\/p>\n<p>Excuses et lettre de soutien<\/p>\n<p>Ils ont pr\u00e9sent\u00e9 leurs excuses aux familles de deux parlementaires, la travailliste Jo Cox et le conservateur Amess, assassin\u00e9s en\u00a02016 et\u00a02021, car ces familles avaient dit se sentir bless\u00e9es par leurs propos. Le groupe avait aussi d\u00e9nonc\u00e9 une \u00ab\u00a0campagne de d\u00e9nigrement\u00a0\u00bb \u00e0 leur \u00e9gard et une \u00ab\u00a0instrumentalisation\u00a0\u00bb de vid\u00e9os \u00ab\u00a0sorties de leur contexte\u00a0\u00bb.<\/p>\n<p>Plusieurs grands noms de la musique comme Pulp, Fontaines D.C. et Massive Attack ont sign\u00e9 mercredi une lettre de soutien \u00e0 Kneecap, cible selon eux d\u2019une \u00ab\u00a0r\u00e9pression politique\u00a0\u00bb et d\u2019une \u00ab\u00a0tentative claire et concert\u00e9e de censure et de d\u00e9programmation\u00a0\u00bb.<\/p>\n","protected":false},"excerpt":{"rendered":"Qu\u2019ont-ils exactement dit\u00a0? La police antiterroriste britannique a ouvert jeudi une enqu\u00eate sur les rappeurs nord-irlandais de Kneecap.&hellip;\n","protected":false},"author":2,"featured_media":67024,"comment_status":"","ping_status":"","sticky":false,"template":"","format":"standard","meta":{"footnotes":""},"categories":[1355],"tags":[47,4708,9205,58,59,1011,27,3519,7295,516,16776,664,74,1361,873,473],"class_list":{"0":"post-67023","1":"post","2":"type-post","3":"status-publish","4":"format-standard","5":"has-post-thumbnail","7":"category-musique","8":"tag-actualite","9":"tag-angleterre","10":"tag-apologie-du-terrorisme","11":"tag-divertissement","12":"tag-entertainment","13":"tag-fr","14":"tag-france","15":"tag-hamas","16":"tag-hezbollah","17":"tag-irlande","18":"tag-irlande-du-nord","19":"tag-israel","20":"tag-monde","21":"tag-music","22":"tag-musique","23":"tag-royaume-uni"},"share_on_mastodon":{"url":"https:\/\/pubeurope.com\/@fr\/114432918513513552","error":""},"_links":{"self":[{"href":"https:\/\/www.europesays.com\/fr\/wp-json\/wp\/v2\/posts\/67023","targetHints":{"allow":["GET"]}}],"collection":[{"href":"https:\/\/www.europesays.com\/fr\/wp-json\/wp\/v2\/posts"}],"about":[{"href":"https:\/\/www.europesays.com\/fr\/wp-json\/wp\/v2\/types\/post"}],"author":[{"embeddable":true,"href":"https:\/\/www.europesays.com\/fr\/wp-json\/wp\/v2\/users\/2"}],"replies":[{"embeddable":true,"href":"https:\/\/www.europesays.com\/fr\/wp-json\/wp\/v2\/comments?post=67023"}],"version-history":[{"count":0,"href":"https:\/\/www.europesays.com\/fr\/wp-json\/wp\/v2\/posts\/67023\/revisions"}],"wp:featuredmedia":[{"embeddable":true,"href":"https:\/\/www.europesays.com\/fr\/wp-json\/wp\/v2\/media\/67024"}],"wp:attachment":[{"href":"https:\/\/www.europesays.com\/fr\/wp-json\/wp\/v2\/media?parent=67023"}],"wp:term":[{"taxonomy":"category","embeddable":true,"href":"https:\/\/www.europesays.com\/fr\/wp-json\/wp\/v2\/categories?post=67023"},{"taxonomy":"post_tag","embeddable":true,"href":"https:\/\/www.europesays.com\/fr\/wp-json\/wp\/v2\/tags?post=67023"}],"curies":[{"name":"wp","href":"https:\/\/api.w.org\/{rel}","templated":true}]}}