{"id":670235,"date":"2026-01-17T15:00:13","date_gmt":"2026-01-17T15:00:13","guid":{"rendered":"https:\/\/www.europesays.com\/fr\/670235\/"},"modified":"2026-01-17T15:00:13","modified_gmt":"2026-01-17T15:00:13","slug":"manifestations-en-iran-layatollah-ali-khamenei-tient-donald-trump-pour-responsable-des-victimes-de-la-repression","status":"publish","type":"post","link":"https:\/\/www.europesays.com\/fr\/670235\/","title":{"rendered":"Manifestations en Iran\u00a0: l\u2019ayatollah Ali Khamenei tient Donald Trump pour responsable des victimes de la r\u00e9pression"},"content":{"rendered":"<p>\n                                                                Les manifestations se poursuivent en Iran. Plus de 3\u00a0000 personnes ont \u00e9t\u00e9 tu\u00e9es dans le cadre de la r\u00e9pression du mouvement. Des pertes que\u00a0l\u2019ayatollah Ali Khamenei attribue \u00e0 Donald Trump, responsable, selui lui, de l\u2019agitation dans son pays.\n                            <\/p>\n<p>Au moins 3\u00a0000 personnes sont mortes depuis le d\u00e9but des manifestations en Iran, a calcul\u00e9 l\u2019organisation de d\u00e9fense des droits humains HRANA. Un chiffre colossal et des victimes en grand nombre, victimes qui, selon\u00a0l\u2019ayatollah Ali Khamenei, sont dues \u00e0 l\u2019intervention des \u00c9tats-Unis. Ce samedi, le guide supr\u00eame iranien a d\u00e9clar\u00e9 tenir\u00a0\u00ab\u00a0le pr\u00e9sident am\u00e9ricain pour coupable des victimes, des d\u00e9g\u00e2ts et des accusations qu\u2019il a port\u00e9es contre la nation iranienne\u00a0\u00bb.<\/p>\n<p>L\u2019ayatollah Ali Khamenei assure que la situation en cours est le fait d\u2019un \u00ab\u00a0complot am\u00e9ricain\u00a0\u00bb. Pour lui, \u00ab\u00a0l\u2019objectif des \u00c9tats-Unis est d\u2019avaler l\u2019Iran\u00a0\u00bb et de \u00ab\u00a0replacer\u00a0\u00bb le pays \u00ab\u00a0sous domination militaire, politique et \u00e9conomique\u00a0\u00bb.<\/p>\n<p>\u00ab\u00a0Nous n\u2019\u00e9pargnerons pas les criminels\u00a0\u00bb<\/p>\n<p>Bien d\u00e9cid\u00e9 \u00e0 r\u00e9sister, l\u2019ayatollah Ali Khamenei a annonc\u00e9 que les autorit\u00e9s devaient\u00a0\u00ab\u00a0briser le dos des s\u00e9ditieux\u00a0\u00bb. \u00ab\u00a0Nous n\u2019avons pas l\u2019intention de mener le pays \u00e0 la guerre, mais nous n\u2019\u00e9pargnerons pas les criminels nationaux. Pire encore que les criminels nationaux, les criminels internationaux, nous ne les \u00e9pargnerons pas non plus\u00a0\u00bb, a-t-il d\u00e9clar\u00e9 \u00e0 ses partisans \u00e0 l\u2019occasion d\u2019une f\u00eate religieuse.<\/p>\n<p>Pour rappel, les manifestations ont d\u00e9but\u00e9 le 28\u00a0d\u00e9cembre en r\u00e9action \u00e0 la hausse du co\u00fbt de la vie en Iran, pays \u2060dont l\u2019\u00e9conomie est paralys\u00e9e par les sanctions. Ce mouvement, depuis, est devenu l\u2019un des plus importants mouvements de contestation que le r\u00e9gime islamique ait connu depuis la r\u00e9volution de 1979 qui l\u2019a conduit au \u200dpouvoir.<\/p>\n","protected":false},"excerpt":{"rendered":"Les manifestations se poursuivent en Iran. Plus de 3\u00a0000 personnes ont \u00e9t\u00e9 tu\u00e9es dans le cadre de la&hellip;\n","protected":false},"author":2,"featured_media":670236,"comment_status":"","ping_status":"","sticky":false,"template":"","format":"standard","meta":{"footnotes":""},"categories":[5],"tags":[1111,11,1011,27,14,74,12,28],"class_list":{"0":"post-670235","1":"post","2":"type-post","3":"status-publish","4":"format-standard","5":"has-post-thumbnail","7":"category-international","8":"tag-actu","9":"tag-actualites","10":"tag-fr","11":"tag-france","12":"tag-international","13":"tag-monde","14":"tag-news","15":"tag-world"},"share_on_mastodon":{"url":"https:\/\/pubeurope.com\/@fr\/115911040936345902","error":""},"_links":{"self":[{"href":"https:\/\/www.europesays.com\/fr\/wp-json\/wp\/v2\/posts\/670235","targetHints":{"allow":["GET"]}}],"collection":[{"href":"https:\/\/www.europesays.com\/fr\/wp-json\/wp\/v2\/posts"}],"about":[{"href":"https:\/\/www.europesays.com\/fr\/wp-json\/wp\/v2\/types\/post"}],"author":[{"embeddable":true,"href":"https:\/\/www.europesays.com\/fr\/wp-json\/wp\/v2\/users\/2"}],"replies":[{"embeddable":true,"href":"https:\/\/www.europesays.com\/fr\/wp-json\/wp\/v2\/comments?post=670235"}],"version-history":[{"count":0,"href":"https:\/\/www.europesays.com\/fr\/wp-json\/wp\/v2\/posts\/670235\/revisions"}],"wp:featuredmedia":[{"embeddable":true,"href":"https:\/\/www.europesays.com\/fr\/wp-json\/wp\/v2\/media\/670236"}],"wp:attachment":[{"href":"https:\/\/www.europesays.com\/fr\/wp-json\/wp\/v2\/media?parent=670235"}],"wp:term":[{"taxonomy":"category","embeddable":true,"href":"https:\/\/www.europesays.com\/fr\/wp-json\/wp\/v2\/categories?post=670235"},{"taxonomy":"post_tag","embeddable":true,"href":"https:\/\/www.europesays.com\/fr\/wp-json\/wp\/v2\/tags?post=670235"}],"curies":[{"name":"wp","href":"https:\/\/api.w.org\/{rel}","templated":true}]}}