{"id":670241,"date":"2026-01-17T15:04:04","date_gmt":"2026-01-17T15:04:04","guid":{"rendered":"https:\/\/www.europesays.com\/fr\/670241\/"},"modified":"2026-01-17T15:04:04","modified_gmt":"2026-01-17T15:04:04","slug":"loire-la-politique-sest-invitee-aux-voeux-du-monde-economique","status":"publish","type":"post","link":"https:\/\/www.europesays.com\/fr\/670241\/","title":{"rendered":"Loire. La politique s\u2019est invit\u00e9e aux v\u0153ux du monde \u00e9conomique"},"content":{"rendered":"<p>Ils sont venus, ils sont (presque) tous l\u00e0. Cinq des huit candidats d\u00e9clar\u00e9s \u00e0 <a href=\"https:\/\/www.leprogres.fr\/d\/elections-municipales-2026-a-saint-etienne-86314aeb-cfc0-4e92-8f90-6edded32e1df\" target=\"_blank\" rel=\"noopener\">la mairie de Saint-Etienne<\/a> \u00e9taient pr\u00e9sents aux v\u0153ux du monde \u00e9conomique organis\u00e9s, mardi soir, dans les locaux de la chambre de commerce et d\u2019industrie, cours Fauriel \u00e0 Saint-Etienne\u00a0: R\u00e9gis Juanico, Siham Labich, Eric Le Jaouen, Marc Chassaub\u00e9n\u00e9 et Dino Cinieri. Si certains se sont salu\u00e9s cordialement, d\u2019autres se sont \u00e9vit\u00e9s soigneusement\u2026 M\u00eame lorsqu\u2019ils se trouvaient \u00e0 quelques dizaines de centim\u00e8tres l\u2019un de l\u2019autre.<\/p>\n<p>Ils \u00e9taient tous au premier rang pour \u00e9couter les discours des pr\u00e9sidents des trois chambres consulaires lig\u00e9riennes\u00a0: Ir\u00e8ne Breuil (d\u00e9l\u00e9gation st\u00e9phanoise de la CCI Lyon M\u00e9tropole\/Saint-Etienne\/Roanne), Pascal Calamand (chambre des m\u00e9tiers et de l\u2019artisanat) et R\u00e9mi Jousserand (chambre d\u2019agriculture). Des prises de parole durant lesquelles il a \u00e9t\u00e9 beaucoup question des \u00e9lections municipales. Ir\u00e8ne Breuil y voit \u00ab\u00a0un moment essentiel de la vie d\u00e9mocratique\u00a0\u00bb. \u00ab\u00a0Les chefs d\u2019entreprise que je rencontre cherchent des partenaires fiables, de la confiance. Sans confiance, l\u2019\u00e9conomie se fige, les projets se reportent \u00bb, a-t-elle poursuivi dans un message qui s\u2019adressait aux futurs \u00e9lus. R\u00e9mi Jousserand, face \u00e0 \u00ab l\u2019\u00e9pisode \u00e9prouvant que vit le monde agricole \u00bb a, lui, fait part de son souhait de rencontrer \u00ab la majeure partie des candidats aux municipales \u00bb dans le d\u00e9partement.<\/p>\n","protected":false},"excerpt":{"rendered":"Ils sont venus, ils sont (presque) tous l\u00e0. Cinq des huit candidats d\u00e9clar\u00e9s \u00e0 la mairie de Saint-Etienne&hellip;\n","protected":false},"author":2,"featured_media":670242,"comment_status":"","ping_status":"","sticky":false,"template":"","format":"standard","meta":{"footnotes":""},"categories":[9653],"tags":[1111,11,2430,7539,4188,1777,674,1011,27,3367,12,316,25,4001,7538],"class_list":{"0":"post-670241","1":"post","2":"type-post","3":"status-publish","4":"format-standard","5":"has-post-thumbnail","7":"category-saint-etienne","8":"tag-actu","9":"tag-actualites","10":"tag-auvergne-rhone-alpes","11":"tag-edition-loire-sud","12":"tag-elections-municipales","13":"tag-eu","14":"tag-europe","15":"tag-fr","16":"tag-france","17":"tag-loire","18":"tag-news","19":"tag-politique","20":"tag-republique-francaise","21":"tag-saint-etienne","22":"tag-saint-etienne-ville"},"share_on_mastodon":{"url":"https:\/\/pubeurope.com\/@fr\/115911056716414871","error":""},"_links":{"self":[{"href":"https:\/\/www.europesays.com\/fr\/wp-json\/wp\/v2\/posts\/670241","targetHints":{"allow":["GET"]}}],"collection":[{"href":"https:\/\/www.europesays.com\/fr\/wp-json\/wp\/v2\/posts"}],"about":[{"href":"https:\/\/www.europesays.com\/fr\/wp-json\/wp\/v2\/types\/post"}],"author":[{"embeddable":true,"href":"https:\/\/www.europesays.com\/fr\/wp-json\/wp\/v2\/users\/2"}],"replies":[{"embeddable":true,"href":"https:\/\/www.europesays.com\/fr\/wp-json\/wp\/v2\/comments?post=670241"}],"version-history":[{"count":0,"href":"https:\/\/www.europesays.com\/fr\/wp-json\/wp\/v2\/posts\/670241\/revisions"}],"wp:featuredmedia":[{"embeddable":true,"href":"https:\/\/www.europesays.com\/fr\/wp-json\/wp\/v2\/media\/670242"}],"wp:attachment":[{"href":"https:\/\/www.europesays.com\/fr\/wp-json\/wp\/v2\/media?parent=670241"}],"wp:term":[{"taxonomy":"category","embeddable":true,"href":"https:\/\/www.europesays.com\/fr\/wp-json\/wp\/v2\/categories?post=670241"},{"taxonomy":"post_tag","embeddable":true,"href":"https:\/\/www.europesays.com\/fr\/wp-json\/wp\/v2\/tags?post=670241"}],"curies":[{"name":"wp","href":"https:\/\/api.w.org\/{rel}","templated":true}]}}