{"id":670245,"date":"2026-01-17T15:06:12","date_gmt":"2026-01-17T15:06:12","guid":{"rendered":"https:\/\/www.europesays.com\/fr\/670245\/"},"modified":"2026-01-17T15:06:12","modified_gmt":"2026-01-17T15:06:12","slug":"frouard-circulation-modifiee-rue-anatole-france-a-partir-de-lundi","status":"publish","type":"post","link":"https:\/\/www.europesays.com\/fr\/670245\/","title":{"rendered":"Frouard. Circulation modifi\u00e9e rue Anatole-France \u00e0 partir de lundi"},"content":{"rendered":"<p>Dans le cadre des travaux d\u2019am\u00e9nagement de la zone Arboresens, la circulation sera modifi\u00e9e, \u00e0 partir du lundi 19\u00a0janvier, dans la rue Anatole-France. Il sera interdit de l\u2019emprunter dans le sens montant, sur la portion comprise entre la rue de Nancy et l\u2019avenue de la Lib\u00e9ration. L\u2019acc\u00e8s pour les riverains et la collecte des d\u00e9chets seront maintenus dans la mesure du possible. Il sera possible de rejoindre l\u2019avenue de la Lib\u00e9ration en passant par la rue \u00c9mile-Zola.<\/p>\n","protected":false},"excerpt":{"rendered":"Dans le cadre des travaux d\u2019am\u00e9nagement de la zone Arboresens, la circulation sera modifi\u00e9e, \u00e0 partir du lundi&hellip;\n","protected":false},"author":2,"featured_media":670246,"comment_status":"","ping_status":"","sticky":false,"template":"","format":"standard","meta":{"footnotes":""},"categories":[9635],"tags":[1111,11,4749,9661,33,1704,1777,674,1011,27,9660,775,1702,12,25],"class_list":{"0":"post-670245","1":"post","2":"type-post","3":"status-publish","4":"format-standard","5":"has-post-thumbnail","7":"category-nancy","8":"tag-actu","9":"tag-actualites","10":"tag-btp-et-chantiers","11":"tag-cc-du-bassin-de-pompey-54b1","12":"tag-economie","13":"tag-edition-nancy-et-agglomeration","14":"tag-eu","15":"tag-europe","16":"tag-fr","17":"tag-france","18":"tag-frouard","19":"tag-grand-est","20":"tag-nancy","21":"tag-news","22":"tag-republique-francaise"},"share_on_mastodon":{"url":"https:\/\/pubeurope.com\/@fr\/115911064450743834","error":""},"_links":{"self":[{"href":"https:\/\/www.europesays.com\/fr\/wp-json\/wp\/v2\/posts\/670245","targetHints":{"allow":["GET"]}}],"collection":[{"href":"https:\/\/www.europesays.com\/fr\/wp-json\/wp\/v2\/posts"}],"about":[{"href":"https:\/\/www.europesays.com\/fr\/wp-json\/wp\/v2\/types\/post"}],"author":[{"embeddable":true,"href":"https:\/\/www.europesays.com\/fr\/wp-json\/wp\/v2\/users\/2"}],"replies":[{"embeddable":true,"href":"https:\/\/www.europesays.com\/fr\/wp-json\/wp\/v2\/comments?post=670245"}],"version-history":[{"count":0,"href":"https:\/\/www.europesays.com\/fr\/wp-json\/wp\/v2\/posts\/670245\/revisions"}],"wp:featuredmedia":[{"embeddable":true,"href":"https:\/\/www.europesays.com\/fr\/wp-json\/wp\/v2\/media\/670246"}],"wp:attachment":[{"href":"https:\/\/www.europesays.com\/fr\/wp-json\/wp\/v2\/media?parent=670245"}],"wp:term":[{"taxonomy":"category","embeddable":true,"href":"https:\/\/www.europesays.com\/fr\/wp-json\/wp\/v2\/categories?post=670245"},{"taxonomy":"post_tag","embeddable":true,"href":"https:\/\/www.europesays.com\/fr\/wp-json\/wp\/v2\/tags?post=670245"}],"curies":[{"name":"wp","href":"https:\/\/api.w.org\/{rel}","templated":true}]}}