{"id":670251,"date":"2026-01-17T15:12:12","date_gmt":"2026-01-17T15:12:12","guid":{"rendered":"https:\/\/www.europesays.com\/fr\/670251\/"},"modified":"2026-01-17T15:12:12","modified_gmt":"2026-01-17T15:12:12","slug":"montpellier-on-connait-la-date-douverture-de-sostrene-grene","status":"publish","type":"post","link":"https:\/\/www.europesays.com\/fr\/670251\/","title":{"rendered":"Montpellier : on conna\u00eet la date d&rsquo;ouverture de S\u00f8strene Grene"},"content":{"rendered":"<p class=\"font-merriweather font-normal text-[18px] leading-[145%]\">Le suspense est lev\u00e9. Le magasin S\u00f8strene Grene de Montpellier ouvrira officiellement ses portes le vendredi 6 f\u00e9vrier 2026, \u00e0 9h59, rue Maguelone, dans l\u2019immeuble du Capouli\u00e9. L\u2019annonce a \u00e9t\u00e9 faite par Jean Thiriez, franchis\u00e9 sud de l\u2019enseigne danoise, que nous avions rencontr\u00e9 lors de la remise des cl\u00e9s d\u00e9but novembre 2025. \u00c0 l\u2019\u00e9poque, la date restait volontairement floue, conditionn\u00e9e \u00e0 l\u2019avanc\u00e9e du chantier. Trois mois plus tard, le calendrier est dor\u00e9navant cal\u00e9.<\/p>\n<p>Le 2e plus grand magasin de France<\/p>\n<p class=\"font-merriweather font-normal text-[18px] leading-[145%]\">Construit en 1897, le Capouli\u00e9 a longtemps \u00e9t\u00e9 l\u2019un des symboles du commerce montpelli\u00e9rain. Ancien grand magasin, puis b\u00e2timent administratif, il avait progressivement disparu du paysage commercial. Ces derniers mois, l\u2019int\u00e9rieur a \u00e9t\u00e9 enti\u00e8rement vid\u00e9. Mezzanines en b\u00e9ton supprim\u00e9es, cloisons tomb\u00e9es, volumes d\u00e9gag\u00e9s. L\u2019objectif \u00e9tait clair : retrouver un espace lisible, ouvert sur la rue, capable d\u2019accueillir une enseigne grand public.<\/p>\n<p class=\"font-merriweather font-normal text-[18px] leading-[145%]\">Le futur magasin s\u2019\u00e9tendra sur 398 m\u00b2 de surface de vente, auxquels s\u2019ajoutent des espaces de stockage et des locaux techniques. \u00c0 l\u2019int\u00e9rieur, le public retrouvera le principe bien connu de l\u2019enseigne : un cheminement unique, presque labyrinthique, qui guide le visiteur \u00e0 travers les diff\u00e9rents univers de la marque.<\/p>\n<p class=\"font-merriweather font-normal text-[18px] leading-[145%]\">D\u00e9coration, arts de la table, papeterie, loisirs cr\u00e9atifs, petits objets du quotidien. Les collections, renouvel\u00e9es r\u00e9guli\u00e8rement, sont pr\u00e9sent\u00e9es dans une ambiance sobre, domin\u00e9e par le bois clair et des tonalit\u00e9s douces.<\/p>\n<p class=\"font-merriweather font-normal text-[18px] leading-[145%]\">L\u2019id\u00e9e est moins de remplir un panier pr\u00e9cis que de fl\u00e2ner, de rep\u00e9rer une pi\u00e8ce inattendue, un d\u00e9tail qui attire l\u2019\u0153il. Une logique assum\u00e9e par l\u2019enseigne, qui mise sur la d\u00e9couverte et l\u2019achat d\u2019impulsion.<\/p>\n<p>Un pari pour la rue Maguelone<\/p>\n<p class=\"font-merriweather font-normal text-[18px] leading-[145%]\">Situ\u00e9e sur un axe tr\u00e8s fr\u00e9quent\u00e9, la rue Maguelone n\u2019a pourtant jamais retrouv\u00e9 l\u2019\u00e9lan commercial esp\u00e9r\u00e9. Entre flux de passage et vitrines parfois ferm\u00e9es, le contraste est fort.<\/p>\n<p class=\"font-merriweather font-normal text-[18px] leading-[145%]\">L\u2019installation de S\u00f8strene Grene au Capouli\u00e9 s\u2019inscrit dans une strat\u00e9gie plus large port\u00e9e par la Ville de Montpellier : attirer des enseignes capables de g\u00e9n\u00e9rer du mouvement et de cr\u00e9er des allers-retours entre les commerces.<\/p>\n<p class=\"font-merriweather font-normal text-[18px] leading-[145%]\">Lors de la remise des cl\u00e9s, l\u2019ex\u00e9cutif municipal l\u2019a rappel\u00e9 : l\u2019objectif n\u2019est pas l\u2019enseigne seule, mais l\u2019effet d\u2019entra\u00eenement attendu sur l\u2019ensemble de la rue. Plus de passage, plus d\u2019arr\u00eats, plus de vie.<\/p>\n","protected":false},"excerpt":{"rendered":"Le suspense est lev\u00e9. Le magasin S\u00f8strene Grene de Montpellier ouvrira officiellement ses portes le vendredi 6 f\u00e9vrier&hellip;\n","protected":false},"author":2,"featured_media":670252,"comment_status":"","ping_status":"","sticky":false,"template":"","format":"standard","meta":{"footnotes":""},"categories":[9599],"tags":[1111,11,1777,674,1011,27,2208,12,2680,25],"class_list":{"0":"post-670251","1":"post","2":"type-post","3":"status-publish","4":"format-standard","5":"has-post-thumbnail","7":"category-montpellier","8":"tag-actu","9":"tag-actualites","10":"tag-eu","11":"tag-europe","12":"tag-fr","13":"tag-france","14":"tag-montpellier","15":"tag-news","16":"tag-occitanie","17":"tag-republique-francaise"},"share_on_mastodon":{"url":"https:\/\/pubeurope.com\/@fr\/115911088069653399","error":""},"_links":{"self":[{"href":"https:\/\/www.europesays.com\/fr\/wp-json\/wp\/v2\/posts\/670251","targetHints":{"allow":["GET"]}}],"collection":[{"href":"https:\/\/www.europesays.com\/fr\/wp-json\/wp\/v2\/posts"}],"about":[{"href":"https:\/\/www.europesays.com\/fr\/wp-json\/wp\/v2\/types\/post"}],"author":[{"embeddable":true,"href":"https:\/\/www.europesays.com\/fr\/wp-json\/wp\/v2\/users\/2"}],"replies":[{"embeddable":true,"href":"https:\/\/www.europesays.com\/fr\/wp-json\/wp\/v2\/comments?post=670251"}],"version-history":[{"count":0,"href":"https:\/\/www.europesays.com\/fr\/wp-json\/wp\/v2\/posts\/670251\/revisions"}],"wp:featuredmedia":[{"embeddable":true,"href":"https:\/\/www.europesays.com\/fr\/wp-json\/wp\/v2\/media\/670252"}],"wp:attachment":[{"href":"https:\/\/www.europesays.com\/fr\/wp-json\/wp\/v2\/media?parent=670251"}],"wp:term":[{"taxonomy":"category","embeddable":true,"href":"https:\/\/www.europesays.com\/fr\/wp-json\/wp\/v2\/categories?post=670251"},{"taxonomy":"post_tag","embeddable":true,"href":"https:\/\/www.europesays.com\/fr\/wp-json\/wp\/v2\/tags?post=670251"}],"curies":[{"name":"wp","href":"https:\/\/api.w.org\/{rel}","templated":true}]}}