{"id":670255,"date":"2026-01-17T15:15:12","date_gmt":"2026-01-17T15:15:12","guid":{"rendered":"https:\/\/www.europesays.com\/fr\/670255\/"},"modified":"2026-01-17T15:15:12","modified_gmt":"2026-01-17T15:15:12","slug":"metropole-de-grenoble-une-prime-air-bois-pour-mieux-se-chauffer","status":"publish","type":"post","link":"https:\/\/www.europesays.com\/fr\/670255\/","title":{"rendered":"M\u00e9tropole de Grenoble : une Prime air bois pour mieux se chauffer"},"content":{"rendered":"<p>Jusqu\u2019\u00e0 2 000\u00a0euros pour rem\u00adpla\u00adcer votre chauf\u00adfage au bois. C\u2019est ce que pro\u00adpose la M\u00e9tropole de Grenoble via la Prime air bois. Cet accom\u00adpa\u00adgne\u00adment s\u2019ins\u00adcrit dans de la cadre de la <a href=\"https:\/\/www.placegrenet.fr\/2023\/03\/31\/grenoble-alpes-metropole-huit-nouvelles-communes-ont-adopte-le-plan-climat-air-energie\/598614\" target=\"_blank\" rel=\"noopener\">poli\u00adtique de lutte contre la pol\u00adlu\u00adtion de l\u2019air<\/a> et d\u2019am\u00e9lioration de la qua\u00adlit\u00e9 de vie des habi\u00adtants que m\u00e8ne <a href=\"https:\/\/www.placegrenet.fr\/?s=Grenoble+alpes+m\u00e9tropole\" target=\"_blank\" rel=\"noopener\">Grenoble Alpes M\u00e9tropole<\/a> depuis plu\u00adsieurs ann\u00e9es.<\/p>\n<p><img fetchpriority=\"high\" decoding=\"async\" aria-describedby=\"caption-attachment-30010\" class=\"wp-image-30010 size-full\" src=\"data:image\/svg+xml,%3Csvg%20xmlns=\" http:=\"\" alt=\"Grenoble Alpes M\u00e9tropole propose la Prime air bois pour aider les habitants \u00e0 remplacer leur chemin\u00e9e ou leur po\u00eale. \u00a9 Patricia Cerinsek\" width=\"623\" height=\"350\" data-lazy- data-lazy- data-lazy-src=\"https:\/\/www.europesays.com\/fr\/wp-content\/uploads\/2026\/01\/VueChemineesGrenobleUneCreditPC.jpg\"\/><\/p>\n<p id=\"caption-attachment-30010\" class=\"wp-caption-text\">Grenoble Alpes M\u00e9tropole pro\u00adpose la Prime air bois pour aider les habi\u00adtants \u00e0 rem\u00adpla\u00adcer leur che\u00admi\u00adn\u00e9e ou leur po\u00eale. \u00a9 Patricia Cerinsek<\/p>\n<p>Pour aider les habi\u00adtants \u00e0 sau\u00adter le pas, la M\u00e9tropole a mis en place la Prime air bois, une aide pour finan\u00adcer l\u2019achat d\u2019un appa\u00adreil label\u00adlis\u00e9 \u00ab\u00a0<a href=\"https:\/\/www.placegrenet.fr\/2023\/02\/24\/les-appareils-de-chauffage-au-bois-labellises-flamme-verte-obligatoires-en-isere-a-compter-du-1er-avril-2023\/594146\" target=\"_blank\" rel=\"noopener\">Flamme Verte<\/a>\u00a0\u00bb. Un label lanc\u00e9 par l\u2019<a href=\"https:\/\/www.ademe.fr\" target=\"_blank\" rel=\"noopener\">Agence de la tran\u00adsi\u00adtion \u00e9co\u00adlo\u00adgique<\/a> (Ademe) et les pro\u00adfes\u00adsion\u00adnels de la fili\u00e8re du chauf\u00adfage en bois en 2000. Celui-ci r\u00e9pond \u00e0 une charte de qua\u00adlit\u00e9 exi\u00adgeante en mati\u00e8re de ren\u00adde\u00adment \u00e9ner\u00adg\u00e9\u00adtique et d\u2019\u00e9missions pol\u00adluantes des chauf\u00adfages au\u00a0bois.\u00a0<\/p>\n<p>Pour \u00eatre \u00e9li\u00adgible, il faut pos\u00ads\u00e9\u00adder un appa\u00adreil datant d\u2019avant 2002 ou une che\u00admi\u00adn\u00e9e \u00e0 foyer ouvert et s\u2019engager \u00e0 le rem\u00adpla\u00adcer par un \u00e9qui\u00adpe\u00adment per\u00adfor\u00admant, ins\u00adtall\u00e9 par un pro\u00adfes\u00adsion\u00adnel qua\u00adli\u00adfi\u00e9 (RGE) signa\u00adtaire de la <a href=\"https:\/\/www.google.com\/url?sa=t&amp;source=web&amp;rct=j&amp;opi=89978449&amp;url=https:\/\/www.grenoblealpesmetropole.fr\/cms_viewFile.php%3Fidtf%3D2609%26path%3Dcharte-prime-air-bois-2024.pdf&amp;ved=2ahUKEwjCpYXf5I2SAxVohv0HHSqeIdAQFnoECCIQAQ&amp;usg=AOvVaw0JjOGE_QHOHrwK7ZRdHp5U\" target=\"_blank\" rel=\"noopener\">charte d\u2019engagement Prime air bois<\/a>. La des\u00adtruc\u00adtion de l\u2019ancien appa\u00adreil est obli\u00adga\u00adtoire. Les pla\u00adfonds de res\u00adsources d\u00e9ter\u00adminent le mon\u00adtant de l\u2019aide, qui peut \u00eatre cumu\u00adl\u00e9e avec d\u2019autres dis\u00adpo\u00adsi\u00adtifs natio\u00adnaux comme <a href=\"https:\/\/www.service-public.gouv.fr\/particuliers\/vosdroits\/F35083\" target=\"_blank\" rel=\"noopener\">MaPrimeR\u00e9nov\u2019<\/a> ou les <a href=\"https:\/\/www.service-public.gouv.fr\/particuliers\/vosdroits\/F35584\" target=\"_blank\" rel=\"noopener\">Certificats d\u2019\u00e9conomies d\u2019\u00e9nergie<\/a>.<\/p>\n<p><a href=\"https:\/\/www.grenoblealpesmetropole.fr\/684-simulateur-prime-air-bois.htm\" target=\"_blank\" rel=\"noopener\">Les habi\u00adtants peuvent simu\u00adler leur \u00e9li\u00adgi\u00adbi\u00adlit\u00e9<\/a> et le mon\u00adtant de leur prime sur le site de Grenoble-Alpes M\u00e9tropole. Les ter\u00adri\u00adtoires du <a href=\"https:\/\/www.paysvoironnais.com\" target=\"_blank\" rel=\"noopener\">Voironnais<\/a> et du <a href=\"https:\/\/www.placegrenet.fr\/2018\/10\/28\/le-gresivaudan-double-la-prime-air-bois-pour-inciter-au-remplacement-des-appareils-de-chauffage-polluants\/529830\" target=\"_blank\" rel=\"noopener\">Gr\u00e9sivaudan<\/a> pro\u00adposent par ailleurs des dis\u00adpo\u00adsi\u00adtifs simi\u00adlaires. Avec cette mesure, la M\u00e9tropole vise \u00e0 r\u00e9duire la pol\u00adlu\u00adtion, tout en aidant les m\u00e9nages \u00e0 r\u00e9a\u00adli\u00adser des \u00e9co\u00adno\u00admies d\u2019\u00e9nergie. Une oppor\u00adtu\u00adnit\u00e9 pour moder\u00adni\u00adser son chauf\u00adfage, tout en b\u00e9n\u00e9\u00adfi\u00adciant d\u2019un sou\u00adtien finan\u00adcier significatif.<\/p>\n","protected":false},"excerpt":{"rendered":"Jusqu\u2019\u00e0 2 000\u00a0euros pour rem\u00adpla\u00adcer votre chauf\u00adfage au bois. C\u2019est ce que pro\u00adpose la M\u00e9tropole de Grenoble via&hellip;\n","protected":false},"author":2,"featured_media":670256,"comment_status":"","ping_status":"","sticky":false,"template":"","format":"standard","meta":{"footnotes":""},"categories":[9566],"tags":[1111,11,2430,1777,674,1011,27,2731,12,25],"class_list":{"0":"post-670255","1":"post","2":"type-post","3":"status-publish","4":"format-standard","5":"has-post-thumbnail","7":"category-grenoble","8":"tag-actu","9":"tag-actualites","10":"tag-auvergne-rhone-alpes","11":"tag-eu","12":"tag-europe","13":"tag-fr","14":"tag-france","15":"tag-grenoble","16":"tag-news","17":"tag-republique-francaise"},"share_on_mastodon":{"url":"https:\/\/pubeurope.com\/@fr\/115911099923468962","error":""},"_links":{"self":[{"href":"https:\/\/www.europesays.com\/fr\/wp-json\/wp\/v2\/posts\/670255","targetHints":{"allow":["GET"]}}],"collection":[{"href":"https:\/\/www.europesays.com\/fr\/wp-json\/wp\/v2\/posts"}],"about":[{"href":"https:\/\/www.europesays.com\/fr\/wp-json\/wp\/v2\/types\/post"}],"author":[{"embeddable":true,"href":"https:\/\/www.europesays.com\/fr\/wp-json\/wp\/v2\/users\/2"}],"replies":[{"embeddable":true,"href":"https:\/\/www.europesays.com\/fr\/wp-json\/wp\/v2\/comments?post=670255"}],"version-history":[{"count":0,"href":"https:\/\/www.europesays.com\/fr\/wp-json\/wp\/v2\/posts\/670255\/revisions"}],"wp:featuredmedia":[{"embeddable":true,"href":"https:\/\/www.europesays.com\/fr\/wp-json\/wp\/v2\/media\/670256"}],"wp:attachment":[{"href":"https:\/\/www.europesays.com\/fr\/wp-json\/wp\/v2\/media?parent=670255"}],"wp:term":[{"taxonomy":"category","embeddable":true,"href":"https:\/\/www.europesays.com\/fr\/wp-json\/wp\/v2\/categories?post=670255"},{"taxonomy":"post_tag","embeddable":true,"href":"https:\/\/www.europesays.com\/fr\/wp-json\/wp\/v2\/tags?post=670255"}],"curies":[{"name":"wp","href":"https:\/\/api.w.org\/{rel}","templated":true}]}}