{"id":670290,"date":"2026-01-17T15:36:16","date_gmt":"2026-01-17T15:36:16","guid":{"rendered":"https:\/\/www.europesays.com\/fr\/670290\/"},"modified":"2026-01-17T15:36:16","modified_gmt":"2026-01-17T15:36:16","slug":"tendances-et-opportunites-a-saisir","status":"publish","type":"post","link":"https:\/\/www.europesays.com\/fr\/670290\/","title":{"rendered":"tendances et opportunit\u00e9s \u00e0 saisir"},"content":{"rendered":"<p>\n        BTP en \u00cele-de-France : apr\u00e8s une p\u00e9riode difficile, 2026 s\u2019annonce comme une ann\u00e9e de transition port\u00e9e par la r\u00e9novation \u00e9nerg\u00e9tique et l\u2019innovation.\n    <\/p>\n<p>Un rebond attendu gr\u00e2ce aux investissements publics<\/p>\n<p>L\u2019\u00cele-de-France va b\u00e9n\u00e9ficier\u00a0de plusieurs projets d\u2019infrastructure et de r\u00e9novation, avec notamment :<\/p>\n<ul>\n<li>Le Grand Paris Express : acc\u00e9l\u00e9ration des travaux sur les lignes encore en chantier, avec de nombreuses opportunit\u00e9s pour les entreprises du g\u00e9nie civil, des VRD et des finitions.<\/li>\n<li>Plan de r\u00e9novation des b\u00e2timents publics : mise aux normes \u00e9nerg\u00e9tiques des \u00e9coles, h\u00f4pitaux et infrastructures municipales.<\/li>\n<li>Modernisation des infrastructures de transport : extension du tramway, r\u00e9novation des axes routiers et ferroviaires.<\/li>\n<\/ul>\n<p style=\"text-align: justify;\"><strong>\u2192 Opportunit\u00e9 pour les entreprises<\/strong> : Les PME sp\u00e9cialis\u00e9es dans les travaux publics et la r\u00e9novation thermique auront de nombreuses opportunit\u00e9s \u00e0 saisir via les appels d\u2019offres publics.<\/p>\n<p>R\u00e9novation \u00e9nerg\u00e9tique : un march\u00e9 en pleine explosion<\/p>\n<p style=\"text-align: justify;\">Avec l\u2019interdiction progressive de la location des passoires thermiques (DPE G en 2025, F en 2028), la demande pour la r\u00e9novation \u00e9nerg\u00e9tique explose. En \u00cele-de-France, cela concerne environ 500 000 logements.<\/p>\n<p>Les secteurs porteurs :<\/p>\n<ul>\n<li>Isolation thermique : ITE, combles, fen\u00eatres<\/li>\n<li>Chauffage performant : pompes \u00e0 chaleur, chaudi\u00e8res biomasse<\/li>\n<li>Solutions domotiques pour optimiser la consommation \u00e9nerg\u00e9tique<\/li>\n<\/ul>\n<p style=\"text-align: justify;\"><strong>\u2192 Opportunit\u00e9 pour les entreprises<\/strong> : Forte demande pour des offres cl\u00e9s en main facilitant l\u2019acc\u00e8s aux aides (MaPrimeR\u00e9nov\u2019, CEE). Augmentation des projets de r\u00e9novation globale des copropri\u00e9t\u00e9s.<\/p>\n<p>Construction bas-carbone et r\u00e9emploi des mat\u00e9riaux<\/p>\n<p style=\"text-align: justify;\">La RE2020 impose des exigences plus strictes en mati\u00e8re de bilan carbone des b\u00e2timents neufs. Cons\u00e9quence : la mont\u00e9e en puissance de mat\u00e9riaux biosourc\u00e9s et du b\u00e9ton bas-carbone.<\/p>\n<p>Les tendances \u00e0 suivre :<\/p>\n<ul>\n<li>D\u00e9veloppement du bois et des mat\u00e9riaux biosourc\u00e9s (chanvre, paille, terre crue).<\/li>\n<li>Favorisation du r\u00e9emploi des mat\u00e9riaux pour limiter l\u2019empreinte carbone.<\/li>\n<li>G\u00e9n\u00e9ralisation des labels HQE et BBCA pour les projets immobiliers.<\/li>\n<\/ul>\n<p style=\"text-align: justify;\"><strong>\u2192 Opportunit\u00e9 pour les entreprises<\/strong> : Se positionner sur ces fili\u00e8res permet de capter les projets en avance sur la transition \u00e9cologique.<\/p>\n<p>Digitalisation et nouvelles technologies sur les chantiers<\/p>\n<p style=\"text-align: justify;\">D\u2019ici fin 2026, les nouvelles exigences des donneurs d\u2019ordre imposeront aux entreprises du BTP d\u2019acc\u00e9l\u00e9rer leur transformation num\u00e9rique.<\/p>\n<p>Ce qui va changer :<\/p>\n<ul>\n<li>Le BIM (Building Information Modeling) devient un standard sur les appels d\u2019offres publics.<\/li>\n<li>L\u2019intelligence artificielle et l\u2019automatisation optimisent la gestion des chantiers.<\/li>\n<li>Les drones et capteurs IoT permettent un suivi en temps r\u00e9el des stocks et des retards.<\/li>\n<\/ul>\n<p style=\"text-align: justify;\"><strong>\u2192 Opportunit\u00e9 pour les entreprises<\/strong> : Adopter ces outils d\u00e8s maintenant garantit un gain de productivit\u00e9 et une meilleure comp\u00e9titivit\u00e9 sur les march\u00e9s publics et priv\u00e9s.<\/p>\n<p>Reprise attendue du march\u00e9 immobilier<\/p>\n<p style=\"text-align: justify;\">Apr\u00e8s deux ann\u00e9es de crise, les experts anticipent un red\u00e9marrage des mises en chantier en 2026\u00a0avec une l\u00e9g\u00e8re baisse des taux d\u2019int\u00e9r\u00eat. Mais la typologie des projets \u00e9volue :<\/p>\n<p>Les nouvelles tendances immobili\u00e8res :<\/p>\n<ul>\n<li>Transformation des bureaux en logements pour r\u00e9pondre \u00e0 la crise du logement.<\/li>\n<li>Construction de logements plus petits et mieux isol\u00e9s.<\/li>\n<li>Essor des r\u00e9sidences en coliving et des habitats partag\u00e9s.<\/li>\n<\/ul>\n<p style=\"text-align: justify;\"><strong>\u2192 Opportunit\u00e9 pour les entreprises<\/strong> : Se positionner sur la r\u00e9habilitation et la transformation de b\u00e2timents existants. Adapter les offres aux nouvelles attentes des promoteurs et collectivit\u00e9s.<\/p>\n<p>Comment tirer son \u00e9pingle du jeu en 2026\u00a0?<\/p>\n<p>Le march\u00e9 du BTP en \u00cele-de-France sera marqu\u00e9 par :<\/p>\n<ul>\n<li>La mont\u00e9e en puissance de la r\u00e9novation \u00e9nerg\u00e9tique<\/li>\n<li>L\u2019acc\u00e9l\u00e9ration des grands chantiers publics<\/li>\n<li>L\u2019adoption massive des nouvelles technologies<\/li>\n<li>Le d\u00e9veloppement des constructions bas-carbone<\/li>\n<\/ul>\n<p style=\"text-align: justify;\">Les entreprises qui sauront anticiper ces tendances, se former aux nouvelles exigences et proposer des offres adapt\u00e9es seront les grandes gagnantes de 2026.<\/p>\n<p><strong>\u2192 <a href=\"https:\/\/www.batiweb.com\/dossiers-speciaux-btp\/marches-publics-economie-du-btp-525\" target=\"_blank\" rel=\"noopener\">D\u00e9couvrez tous nos articles li\u00e9s aux March\u00e9s Publics &amp; l&rsquo;\u00c9conomie du BTP dans notre dossier sp\u00e9cial<\/a><\/strong><\/p>\n<p style=\"font-size:14px;font-style:italic;\">Par Camille Decambu<\/p>\n","protected":false},"excerpt":{"rendered":"BTP en \u00cele-de-France : apr\u00e8s une p\u00e9riode difficile, 2026 s\u2019annonce comme une ann\u00e9e de transition port\u00e9e par la&hellip;\n","protected":false},"author":2,"featured_media":670291,"comment_status":"","ping_status":"","sticky":false,"template":"","format":"standard","meta":{"footnotes":""},"categories":[1592],"tags":[1111,11,4807,1771,77004,1777,674,1011,27,662,5701,22107,77002,77001,12,77003,626,48106,26016,25,18830],"class_list":{"0":"post-670290","1":"post","2":"type-post","3":"status-publish","4":"format-standard","5":"has-post-thumbnail","7":"category-ile-de-france","8":"tag-actu","9":"tag-actualites","10":"tag-batiment","11":"tag-btp","12":"tag-digitalisation","13":"tag-eu","14":"tag-europe","15":"tag-fr","16":"tag-france","17":"tag-ile-de-france","18":"tag-innovation","19":"tag-jo-2024","20":"tag-marche-du-batiment","21":"tag-marche-du-btp","22":"tag-news","23":"tag-opportunites","24":"tag-paris","25":"tag-perspectives","26":"tag-renovation-energetique","27":"tag-republique-francaise","28":"tag-tendances"},"share_on_mastodon":{"url":"https:\/\/pubeurope.com\/@fr\/115911182523957153","error":""},"_links":{"self":[{"href":"https:\/\/www.europesays.com\/fr\/wp-json\/wp\/v2\/posts\/670290","targetHints":{"allow":["GET"]}}],"collection":[{"href":"https:\/\/www.europesays.com\/fr\/wp-json\/wp\/v2\/posts"}],"about":[{"href":"https:\/\/www.europesays.com\/fr\/wp-json\/wp\/v2\/types\/post"}],"author":[{"embeddable":true,"href":"https:\/\/www.europesays.com\/fr\/wp-json\/wp\/v2\/users\/2"}],"replies":[{"embeddable":true,"href":"https:\/\/www.europesays.com\/fr\/wp-json\/wp\/v2\/comments?post=670290"}],"version-history":[{"count":0,"href":"https:\/\/www.europesays.com\/fr\/wp-json\/wp\/v2\/posts\/670290\/revisions"}],"wp:featuredmedia":[{"embeddable":true,"href":"https:\/\/www.europesays.com\/fr\/wp-json\/wp\/v2\/media\/670291"}],"wp:attachment":[{"href":"https:\/\/www.europesays.com\/fr\/wp-json\/wp\/v2\/media?parent=670290"}],"wp:term":[{"taxonomy":"category","embeddable":true,"href":"https:\/\/www.europesays.com\/fr\/wp-json\/wp\/v2\/categories?post=670290"},{"taxonomy":"post_tag","embeddable":true,"href":"https:\/\/www.europesays.com\/fr\/wp-json\/wp\/v2\/tags?post=670290"}],"curies":[{"name":"wp","href":"https:\/\/api.w.org\/{rel}","templated":true}]}}