{"id":670292,"date":"2026-01-17T15:37:10","date_gmt":"2026-01-17T15:37:10","guid":{"rendered":"https:\/\/www.europesays.com\/fr\/670292\/"},"modified":"2026-01-17T15:37:10","modified_gmt":"2026-01-17T15:37:10","slug":"une-video-de-linterpellation-diffusee-une-plainte-deposee","status":"publish","type":"post","link":"https:\/\/www.europesays.com\/fr\/670292\/","title":{"rendered":"une vid\u00e9o de l&rsquo;interpellation diffus\u00e9e, une plainte d\u00e9pos\u00e9e"},"content":{"rendered":"<p>                    Par<br \/>\n        <strong><br \/>\n            <a href=\"https:\/\/actu.fr\/auteur\/glenn-gillet\" title=\"Consulter tous les articles de Glenn Gillet\" target=\"_blank\" rel=\"noopener\">Glenn Gillet<\/a><br \/>\n                    <\/strong><\/p>\n<p>        Publi\u00e9 le<\/p>\n<p>            17 janv. 2026 \u00e0 14h44<br \/>\n        ; mis \u00e0 jour le 17 janv. 2026 \u00e0 15h24    <\/p>\n<p>Qu\u2019est-ce qui a caus\u00e9 <strong>la mort d\u2019El Hacen Diarra<\/strong> lors de sa garde \u00e0 vue, au commissariat du 20e arrondissement de Paris\u2009? Alors qu\u2019une enqu\u00eate est ouverte pour d\u00e9terminer les causes du d\u00e9c\u00e8s brutal de ce Mauritanien de 35 ans dans la nuit du 14 au 15 janvier, la militante contre les violences polici\u00e8res Assa Traor\u00e9 et le d\u00e9put\u00e9 Thomas Portes (LFI) ont diffus\u00e9 <a href=\"https:\/\/x.com\/Portes_Thomas\/status\/2012422634105983404?s=20\">une vid\u00e9o<\/a> de son interpellation par les <a href=\"https:\/\/actu.fr\/ile-de-france\/paris_75056\/excellence-proximite-fermete-patrice-faure-dresse-le-cap-2026-de-la-prefecture-de-police-de-paris_63693018.html\" target=\"_blank\" rel=\"noopener\">forces de l\u2019ordre<\/a>, qui lui reprochaient d\u2019avoir <strong>refus\u00e9 de se soumettre \u00e0 une palpation<\/strong>, selon des \u00e9l\u00e9ments communiqu\u00e9s par le <a href=\"https:\/\/actu.fr\/ile-de-france\/paris_75056\/notre-determination-reste-intacte-la-procureure-de-paris-ne-desespere-pas-de-retrouver-le-bijoux-du-louvre_63712408.html\" target=\"_blank\" rel=\"noopener\">parquet de Paris<\/a>.<\/p>\n<p>Refus de palpation, double chute et taser<\/p>\n<p class=\" wall-content\">Sur cette \u00ab\u2009vid\u00e9o film\u00e9e par un voisin\u2009\u00bb, on voit deux policiers s\u2019affairer sur ce qu\u2019on devine \u00eatre un homme retenu au sol, mais qu\u2019on ne voit pas sur la vid\u00e9o car il est cach\u00e9 par un grille. Au d\u00e9but de l\u2019enregistre, on voit qu\u2019un agent fait deux fois un mouvement qui pourrait \u00eatre un coup de poing ou de taser.<\/p>\n<p class=\" wall-content\">Le parquet de Paris pr\u00e9cise qu\u2019un des agents a fait usage de son <strong>taser<\/strong> pour appr\u00e9hender l\u2019homme, \u00ab\u2009le touchant notamment \u00e0 la cheville\u2009\u00bb. L\u2019homme est ensuite immobilis\u00e9 au sol jusqu\u2019\u00e0 ce qu\u2019un autre \u00e9quipage de police nationale n\u2019intervienne sur place. C\u2019est l\u00e0 que la vid\u00e9o s\u2019arr\u00eate.<\/p>\n<p class=\" wall-content\">\n<p class=\" wall-content\">Les faits se sont vraisemblablement d\u00e9roul\u00e9s \u00e0 quelques m\u00e8tres du foyer des M\u00fbriers, un \u00e9tablissement o\u00f9 le trentenaire \u00ab\u2009habitait depuis quatre ans\u2009\u00bb, selon Ladji Sakho, conseiller d\u2019arrondissement (PCF) qui affirme qu\u2019il \u00ab\u2009connaissait bien\u2009\u00bb le d\u00e9funt puisque lui aussi a habit\u00e9 dans ce foyer et ce \u00ab\u2009pendant 10\u00a0ans\u2009\u00bb. \u00ab\u2009Il n\u2019est pas m\u00e9chant, il est calme. Il a un petit handicap mental mais tr\u00e8s l\u00e9ger\u2009\u00bb, confie Ladji Sakho.<\/p>\n<p class=\" wall-content\">Selon le parquet de Paris, El Hacen Diarra a \u00e9t\u00e9 rep\u00e9r\u00e9 par les policiers alors qu\u2019il \u00e9tait en train de se rouler un <strong>joint<\/strong> dans la rue. Il aurait ensuite refus\u00e9 de se soumettre \u00e0 une palpation, apr\u00e8s quoi les forces de l\u2019ordre auraient d\u00e9cid\u00e9 de l\u2019interpeller. L\u2019arrestation, qui a eu lieu vers 22h45, ne s\u2019est toutefois pas pass\u00e9e calmement puisque la victime serait tomb\u00e9e \u00e0 deux reprises, \u00ab\u2009entra\u00eenant deux policiers dans sa chute\u2009\u00bb, selon les \u00e9l\u00e9ments communiqu\u00e9s par le minist\u00e8re public. Une substance brune semblable \u00e0 de la r\u00e9sine de cannabis \u00e9tait finalement retrouv\u00e9e sur lui.<\/p>\n<p class=\" wall-content\">\u00ab\u00a0\u00c0 son arriv\u00e9e au commissariat (du XXe arrondissement), les policiers eux-m\u00eames ont estim\u00e9 n\u00e9cessaire une hospitalisation imm\u00e9diate\u00a0\u00bb, ajout\u00e9 l\u2019avocat, d\u00e9non\u00e7ant des \u00ab\u00a0violences graves\u00a0\u00bb lors de l\u2019interpellation et \u00ab\u00a0peut-\u00eatre\u00a0\u00bb au sein du commissariat.<\/p>\n<p>Arr\u00eat cardio-respiratoire<\/p>\n<p class=\" wall-content\">\u00ab\u2009El Hacen s\u2019est fait menotter puis il a \u00e9t\u00e9 embarqu\u00e9 par la police. Le lendemain, quand son fr\u00e8re est parti le chercher \u00e0 la police, c\u2019est l\u00e0 o\u00f9 il s\u2019est rendu compte que son fr\u00e8re \u00e9tait d\u00e9c\u00e9d\u00e9\u2009\u00bb, pr\u00e9cise Ladji Sakho.<\/p>\n<p>Votre r\u00e9gion, votre actu !<\/p>\n<p>Recevez chaque jour les infos qui comptent pour vous.<\/p>\n<p>\t<a href=\"https:\/\/actu.fr\/newsletter\" class=\"ac-btn ac-btn--corner ac-btn--medium ac-btn--blue800\" target=\"_blank\" rel=\"noopener\">S&rsquo;incrire<\/a><\/p>\n<p class=\" wall-content\">Selon le parquet de Paris, une fois le trentenaire arriv\u00e9 dans les locaux de la police, un transfert vers l\u2019h\u00f4pital a \u00e9t\u00e9 demand\u00e9 en raison d\u2019une plaie \u00e0 l\u2019arcade, sans que l\u2019origine de cette blessure ne soit mentionn\u00e9e par le minist\u00e8re public. C\u2019est alors qu\u2019il attendait sur un banc en vue de son transfert que la victime a fait un malaise. Constatant qu\u2019il \u00e9tait en<strong> arr\u00eat cardio-respiratoire<\/strong>, un policier a alors commenc\u00e9 \u00e0 lui prodiguer un massage cardiaque en attendant l\u2019arriv\u00e9e des pompiers. Mais le d\u00e9c\u00e8s d\u2019El Hacen Diarra a finalement \u00e9t\u00e9 constat\u00e9 vers 0h20.<\/p>\n<p class=\" wall-content\">Une enqu\u00eate a depuis \u00e9t\u00e9 ouverte en recherches des causes de la mort. L\u2019avocat Yassine Bouzrou a annonc\u00e9 dans un comminiqu\u00e9 que la famille du d\u00e9funt a d\u00e9pos\u00e9 <strong>plainte<\/strong> pour \u00ab\u00a0violences volontaires ayant entra\u00een\u00e9 la mort\u00a0\u00bb. Selon lui, cette plainte \u00ab\u00a0s\u2019impose face \u00e0 l\u2019absence de saisine d\u2019un juge d\u2019instruction par la procureure de la R\u00e9publique, alors que les circonstances de ce drame sont marqu\u00e9es par des preuves accablantes\u00a0\u00bb, ajoutante que \u00ab\u00a0des t\u00e9moins ont vu une mare de sang sur les lieux de l\u2019interpellation, attestant de la violence extr\u00eame subie par El Hacen Diarra\u00a0\u00bb.<\/p>\n<p>Un rassemblement ce dimanche en hommage \u00e0 El Hacen Diarra<\/p>\n<p class=\" wall-content\">\u00ab\u2009Les circonstances de ce drame restent \u00e0 \u00e9claircir. Nous attendons avec la plus grande attention les r\u00e9sultats de <strong>l\u2019autopsie<\/strong> qui devra \u00e9tablir les causes du d\u00e9c\u00e8s. Il est imp\u00e9ratif que toute la lumi\u00e8re soit faite sur les conditions dans lesquelles cette personne est d\u00e9c\u00e9d\u00e9e\u2009\u00bb, a r\u00e9agi le maire du 20e arrondissement \u00c9ric Pliez (Place publique), demandant que l\u2019enqu\u00eate soit conduite \u00ab\u2009avec rigueur et impartialit\u00e9\u2009\u00bb.<\/p>\n<p class=\" wall-content\">Le s\u00e9nateur de Paris Ian Brossat (PCF) a de son c\u00f4t\u00e9 d\u00e9nonc\u00e9 des faits \u00ab\u2009totalement inacceptables\u2009\u00bb et annonce avoir \u00e9crit \u00e0 la pr\u00e9fecture de police pour demander une conduite minutieuse de l\u2019enqu\u00eate, pr\u00e9cisant que l\u2019IGPN a \u00e9t\u00e9 saisie. Il demande au pr\u00e9fet de police de suspendre les deux policiers impliqu\u00e9s dans l\u2019interpellation d\u2019El Hacen Diarra \u00ab\u2009en attendant les conclusions de l\u2019enqu\u00eate\u2009\u00bb. Selon le s\u00e9nateur, \u00ab\u2009c\u2019est une violence polici\u00e8re de plus, c\u2019est abominable et ce n\u2019est pas acceptable dans un pays comme le n\u00f4tre\u2009\u00bb.<\/p>\n<p class=\" wall-content\">\u00ab\u2009Stop aux violences polici\u00e8res\u2009\u00bb, a quant \u00e0 lui appel\u00e9 le d\u00e9put\u00e9 Thomas Portes. \u00ab\u2009Justice et v\u00e9rit\u00e9 pour El Hacen Diarra tu\u00e9 par la police\u2009\u00bb, a abond\u00e9 l\u2019eurod\u00e9put\u00e9e Rima Hassan (LFI).<\/p>\n<p class=\" wall-content\">Un appel a \u00e9t\u00e9 lanc\u00e9 pour un<strong> rassemblement d\u2019hommage<\/strong> \u00e0 El Hacen Diarra qui se tiendra \u00e0 14h devant le foyer des M\u00fbriers, au 16 rue Fernand L\u00e9ger dans le 20e arrondissement de Paris.<\/p>\n<p class=\" wall-content\">Personnalisez votre actualit\u00e9 en ajoutant vos villes et m\u00e9dias en favori avec <a href=\"https:\/\/moncompte.actu.fr\" title=\"D\u00e9couvez Mon Actu\" rel=\"nofollow noopener\" data-trk=\"{&quot;cta&quot;:{&quot;action&quot;:&quot;https:\\\/\\\/moncompte.actu.fr&quot;,&quot;category&quot;:&quot;mon compte&quot;,&quot;from&quot;:&quot;article footer&quot;,&quot;name&quot;:&quot;Mon actu&quot;,&quot;type&quot;:&quot;cta&quot;}}\" target=\"_blank\">Mon Actu<\/a>.<\/p>\n","protected":false},"excerpt":{"rendered":"Par Glenn Gillet Publi\u00e9 le 17 janv. 2026 \u00e0 14h44 ; mis \u00e0 jour le 17 janv. 2026&hellip;\n","protected":false},"author":2,"featured_media":670293,"comment_status":"","ping_status":"","sticky":false,"template":"","format":"standard","meta":{"footnotes":""},"categories":[1888],"tags":[1111,1928,11,1927,1777,674,118,1011,27,303,12,1926,626,1925,1072,25],"class_list":{"0":"post-670292","1":"post","2":"type-post","3":"status-publish","4":"format-standard","5":"has-post-thumbnail","7":"category-paris","8":"tag-actu","9":"tag-actu-paris","10":"tag-actualites","11":"tag-actualites-paris","12":"tag-eu","13":"tag-europe","14":"tag-faits-divers","15":"tag-fr","16":"tag-france","17":"tag-justice","18":"tag-news","19":"tag-news-paris","20":"tag-paris","21":"tag-paris-news","22":"tag-police","23":"tag-republique-francaise"},"share_on_mastodon":{"url":"https:\/\/pubeurope.com\/@fr\/115911186472371944","error":""},"_links":{"self":[{"href":"https:\/\/www.europesays.com\/fr\/wp-json\/wp\/v2\/posts\/670292","targetHints":{"allow":["GET"]}}],"collection":[{"href":"https:\/\/www.europesays.com\/fr\/wp-json\/wp\/v2\/posts"}],"about":[{"href":"https:\/\/www.europesays.com\/fr\/wp-json\/wp\/v2\/types\/post"}],"author":[{"embeddable":true,"href":"https:\/\/www.europesays.com\/fr\/wp-json\/wp\/v2\/users\/2"}],"replies":[{"embeddable":true,"href":"https:\/\/www.europesays.com\/fr\/wp-json\/wp\/v2\/comments?post=670292"}],"version-history":[{"count":0,"href":"https:\/\/www.europesays.com\/fr\/wp-json\/wp\/v2\/posts\/670292\/revisions"}],"wp:featuredmedia":[{"embeddable":true,"href":"https:\/\/www.europesays.com\/fr\/wp-json\/wp\/v2\/media\/670293"}],"wp:attachment":[{"href":"https:\/\/www.europesays.com\/fr\/wp-json\/wp\/v2\/media?parent=670292"}],"wp:term":[{"taxonomy":"category","embeddable":true,"href":"https:\/\/www.europesays.com\/fr\/wp-json\/wp\/v2\/categories?post=670292"},{"taxonomy":"post_tag","embeddable":true,"href":"https:\/\/www.europesays.com\/fr\/wp-json\/wp\/v2\/tags?post=670292"}],"curies":[{"name":"wp","href":"https:\/\/api.w.org\/{rel}","templated":true}]}}