{"id":670301,"date":"2026-01-17T15:43:16","date_gmt":"2026-01-17T15:43:16","guid":{"rendered":"https:\/\/www.europesays.com\/fr\/670301\/"},"modified":"2026-01-17T15:43:16","modified_gmt":"2026-01-17T15:43:16","slug":"une-fresque-financee-par-elon-musk-en-hommage-a-la-refugiee-ukrainienne-assassinee-par-un-sdf-suscite-la-polemique","status":"publish","type":"post","link":"https:\/\/www.europesays.com\/fr\/670301\/","title":{"rendered":"une fresque financ\u00e9e par Elon Musk en hommage \u00e0 la r\u00e9fugi\u00e9e ukrainienne assassin\u00e9e par un SDF suscite la pol\u00e9mique"},"content":{"rendered":"<p>\n    R\u00e9fugi\u00e9e ukrainienne arriv\u00e9e aux \u00c9tats-Unis en 2022, Iryna Zarutska, 23 ans, a \u00e9t\u00e9 tu\u00e9e \u00e0 coups de couteau l\u2019\u00e9t\u00e9 dernier dans un train en Caroline du Nord. Une fresque en son hommage, financ\u00e9e en partie par Elon Musk et install\u00e9e \u00e0 Brooklyn, ravive aujourd\u2019hui les tensions politiques locales.<\/p>\n<p class=\"fig-paragraph\">Une fresque murale repr\u00e9sentant Iryna Zarutska, une r\u00e9fugi\u00e9e ukrainienne de 23 ans\u00a0<a href=\"http:\/\/www.lefigaro.fr\/international\/etats-unis-le-meurtre-d-une-refugiee-ukrainienne-par-un-sdf-declenche-un-flot-de-critiques-contre-les-medias-20250908\" data-fig-type=\"NewsFlash\" data-gtm-custom-categorie=\"navigation\" data-gtm-custom-action=\"crossclick\" data-gtm-custom-label=\"Contextuel\" data-gtm-event=\"customEventSPE\" data-fig-domain=\"LEFIGARO\" target=\"_blank\" rel=\"noopener\">assassin\u00e9e l\u2019\u00e9t\u00e9 dernier aux \u00c9tats-Unis par un SDF au lourd pass\u00e9 criminel<\/a>, a \u00e9t\u00e9 peinte ces derni\u00e8res semaines sur un immeuble de Brooklyn. Financ\u00e9 en partie par\u00a0<a href=\"http:\/\/www.lefigaro.fr\/secteur\/high-tech\/c-est-un-nouvel-outil-de-harcelement-la-mere-d-un-des-enfants-d-elon-musk-a-son-tour-victime-de-deshabillage-virtuel-via-l-ia-grok-20260106\" data-fig-type=\"Article\" data-gtm-custom-categorie=\"navigation\" data-gtm-custom-action=\"crossclick\" data-gtm-custom-label=\"Contextuel\" data-gtm-event=\"customEventSPE\" data-fig-domain=\"LEFIGARO\" target=\"_blank\" rel=\"noopener\">Elon Musk<\/a>, le projet suscite une vive controverse locale, certains habitants d\u00e9non\u00e7ant une instrumentalisation politique d\u2019un drame.<\/p>\n<p class=\"fig-paragraph\">Selon le\u00a0<a href=\"https:\/\/nypost.com\/2026\/01\/16\/us-news\/elon-musk-funded-mural-of-murdered-ukrainian-refugee-iryna-zarutska-went-up-in-brooklyn-and-local-lefties-are-furious\/\" target=\"_blank\" rel=\"sponsored noopener\" data-gtm-custom-categorie=\"navigation\" data-gtm-custom-action=\"crossclick\" data-gtm-custom-label=\"Contextuel\" data-gtm-event=\"customEventSPE\">New York Post<\/a>, la peinture de trois \u00e9tages est apparue dans le quartier de Bushwick, \u00e0 l\u2019angle de Jefferson Avenue et Evergreen Street, comme l\u2019attestent des images publi\u00e9es sur les r\u00e9seaux sociaux par l\u2019artiste Ben Keller, auteur du portrait en collaboration avec le collectif HOACS. Elle s\u2019inscrit dans une campagne nationale initi\u00e9e par Eoghan McCabe, PDG de la soci\u00e9t\u00e9 technologique Intercom, visant \u00e0 rendre hommage \u00e0 Iryna Zarutska \u00e0 travers des fresques install\u00e9es dans plusieurs grandes villes am\u00e9ricaines.<\/p>\n<p>                                            <a class=\"fig-a11y-skip\" href=\"#fig-a11y-skip-main-inarticle\" data-module=\"a11y-skip\" data-context=\"was @visible\"><br \/>\n    Passer la publicit\u00e9<br \/>\n<\/a>            <\/p>\n<p>                                            Musk donne un million de dollars<\/p>\n<p class=\"fig-paragraph\">\u00abJ\u2019ai lanc\u00e9 cette campagne pour m\u2019assurer que l\u2019histoire d\u2019Iryna ne disparaisse pas\u00bb, a expliqu\u00e9 McCabe au New York Post, affirmant vouloir alerter sur les cons\u00e9quences des politiques p\u00e9nales men\u00e9es dans certaines grandes villes am\u00e9ricaines. Selon le quotidien new-yorkais, l\u2019entrepreneur a vers\u00e9 500.000 dollars au projet, auxquels se sont ajout\u00e9s un million de dollars promis par Elon Musk et environ 200.000 dollars issus de dons plus modestes.<\/p>\n<p class=\"fig-paragraph\">Le New York Post rapporte que la fresque a d\u2019abord suscit\u00e9 des r\u00e9actions positives sur les r\u00e9seaux sociaux, saluant un hommage \u00e0 la jeune femme. Mais la contestation s\u2019est rapidement organis\u00e9e. Sur des forums de quartier et des pages Reddit, des militants de gauche ont d\u00e9nonc\u00e9 une op\u00e9ration de propagande, accusant les financeurs du projet d\u2019instrumentaliser la mort de la victime \u00e0 des fins politiques, notamment pour nourrir un discours s\u00e9curitaire et anti-immigration.<\/p>\n<p class=\"fig-paragraph\">\u00abBien s\u00fbr qu\u2019elle m\u00e9rite d\u2019\u00eatre honor\u00e9e, mais utiliser sa m\u00e9moire pour attiser les tensions politiques est malsain\u00bb, a \u00e9crit un internaute cit\u00e9 par le New York Post. Par ailleurs, plusieurs habitants interrog\u00e9s par le quotidien se sont dits perplexes quant au choix de Brooklyn, quartier r\u00e9put\u00e9 progressiste, certains soup\u00e7onnant une volont\u00e9 d\u00e9lib\u00e9r\u00e9e de provocation.<\/p>\n<p>                                            Une initiative devenue nationale<\/p>\n<p class=\"fig-paragraph\">Cette pol\u00e9mique locale s\u2019inscrit dans une campagne d\u2019ampleur nationale. D\u2019apr\u00e8s Fox News, Eoghan McCabe propose de financer des fresques \u00e0 hauteur de 10.000 dollars chacune et affirme \u00eatre en discussion avec plus de 1000 artistes \u00e0 travers le pays. Des campagnes d\u2019affichage seraient \u00e9galement en pr\u00e9paration dans plusieurs grandes villes am\u00e9ricaines.<\/p>\n<p class=\"fig-paragraph\">La mort d\u2019Iryna Zarutska, survenue le 22 ao\u00fbt 2025, avait choqu\u00e9 l\u2019opinion publique. Arriv\u00e9e aux \u00c9tats-Unis en ao\u00fbt 2022 pour fuir la guerre en Ukraine, elle a \u00e9t\u00e9 poignard\u00e9e \u00e0 mort dans un train \u00e0 Charlotte, en Caroline du Nord. Le suspect, Decarlos Brown Jr., avait d\u00e9j\u00e0 \u00e9t\u00e9 arr\u00eat\u00e9 \u00e0 quatorze reprises. Les images de vid\u00e9osurveillance du meurtre, devenues virales, ont relanc\u00e9 le d\u00e9bat national sur la criminalit\u00e9 et la s\u00e9curit\u00e9 dans les transports publics.<\/p>\n<p>                                            <a class=\"fig-a11y-skip\" href=\"#fig-a11y-skip-main-inarticle_mtf\" data-module=\"a11y-skip\" data-context=\"was @visible\"><br \/>\n    Passer la publicit\u00e9<br \/>\n<\/a>            <\/p>\n<p class=\"fig-paragraph\">L\u2019affaire a notamment \u00e9t\u00e9 comment\u00e9e par le pr\u00e9sident am\u00e9ricain Donald Trump, qui a d\u00e9nonc\u00e9 un crime \u00abhorrifiant\u00bb et r\u00e9clam\u00e9 la peine de mort pour le meurtrier pr\u00e9sum\u00e9. \u00abIl ne peut pas y avoir d\u2019alternative\u00bb, a-t-il d\u00e9clar\u00e9, estimant que le suspect n\u2019aurait jamais d\u00fb se trouver en libert\u00e9 au regard de son lourd pass\u00e9 judiciaire.<\/p>\n","protected":false},"excerpt":{"rendered":"R\u00e9fugi\u00e9e ukrainienne arriv\u00e9e aux \u00c9tats-Unis en 2022, Iryna Zarutska, 23 ans, a \u00e9t\u00e9 tu\u00e9e \u00e0 coups de couteau&hellip;\n","protected":false},"author":2,"featured_media":670302,"comment_status":"","ping_status":"","sticky":false,"template":"","format":"standard","meta":{"footnotes":""},"categories":[1589],"tags":[11,46,73,1866,12,1864,1865,1863,308],"class_list":{"0":"post-670301","1":"post","2":"type-post","3":"status-publish","4":"format-standard","5":"has-post-thumbnail","7":"category-etats-unis","8":"tag-actualites","9":"tag-elon-musk","10":"tag-etats-unis","11":"tag-etats-unis-damerique","12":"tag-news","13":"tag-united-states","14":"tag-united-states-of-america","15":"tag-us","16":"tag-usa"},"share_on_mastodon":{"url":"https:\/\/pubeurope.com\/@fr\/115911210136843015","error":""},"_links":{"self":[{"href":"https:\/\/www.europesays.com\/fr\/wp-json\/wp\/v2\/posts\/670301","targetHints":{"allow":["GET"]}}],"collection":[{"href":"https:\/\/www.europesays.com\/fr\/wp-json\/wp\/v2\/posts"}],"about":[{"href":"https:\/\/www.europesays.com\/fr\/wp-json\/wp\/v2\/types\/post"}],"author":[{"embeddable":true,"href":"https:\/\/www.europesays.com\/fr\/wp-json\/wp\/v2\/users\/2"}],"replies":[{"embeddable":true,"href":"https:\/\/www.europesays.com\/fr\/wp-json\/wp\/v2\/comments?post=670301"}],"version-history":[{"count":0,"href":"https:\/\/www.europesays.com\/fr\/wp-json\/wp\/v2\/posts\/670301\/revisions"}],"wp:featuredmedia":[{"embeddable":true,"href":"https:\/\/www.europesays.com\/fr\/wp-json\/wp\/v2\/media\/670302"}],"wp:attachment":[{"href":"https:\/\/www.europesays.com\/fr\/wp-json\/wp\/v2\/media?parent=670301"}],"wp:term":[{"taxonomy":"category","embeddable":true,"href":"https:\/\/www.europesays.com\/fr\/wp-json\/wp\/v2\/categories?post=670301"},{"taxonomy":"post_tag","embeddable":true,"href":"https:\/\/www.europesays.com\/fr\/wp-json\/wp\/v2\/tags?post=670301"}],"curies":[{"name":"wp","href":"https:\/\/api.w.org\/{rel}","templated":true}]}}