{"id":670307,"date":"2026-01-17T15:46:12","date_gmt":"2026-01-17T15:46:12","guid":{"rendered":"https:\/\/www.europesays.com\/fr\/670307\/"},"modified":"2026-01-17T15:46:12","modified_gmt":"2026-01-17T15:46:12","slug":"le-prix-charlemagne-decerne-a-mario-draghi-figure-tutelaire-de-leurope-economique","status":"publish","type":"post","link":"https:\/\/www.europesays.com\/fr\/670307\/","title":{"rendered":"Le prix Charlemagne d\u00e9cern\u00e9 \u00e0 Mario Draghi, figure tut\u00e9laire de l\u2019Europe \u00e9conomique"},"content":{"rendered":"<p>L\u2019Italien Mario Draghi, ancien pr\u00e9sident de la Banque centrale europ\u00e9enne, s\u2019est vu attribuer le prix Charlemagne 2026, distinction prestigieuse d\u00e9cern\u00e9e \u00e0 des personnalit\u00e9s ayant \u0153uvr\u00e9 pour la construction europ\u00e9enne. L\u2019annonce a \u00e9t\u00e9 faite samedi par les organisateurs \u00e0 Francfort, dans un contexte marqu\u00e9 par de fortes inqui\u00e9tudes sur l\u2019avenir \u00e9conomique et g\u00e9opolitique du continent.<\/p>\n<p>\u00ab\u00a0La situation est grave\u00a0\u00bb, a d\u00e9clar\u00e9 Armin Laschet, d\u00e9put\u00e9 allemand et pr\u00e9sident du comit\u00e9 de s\u00e9lection. \u00ab\u00a0L\u2019Europe ne doit pas devenir un pion entre les mains de puissances \u00e9trang\u00e8res face \u00e0 l\u2019accumulation des crises g\u00e9opolitiques\u00a0\u00bb, a-t-il averti, appelant \u00e0 un sursaut collectif. \u00ab\u00a0Si l\u2019Europe n\u2019est pas comp\u00e9titive sur le plan \u00e9conomique, elle ne disposera pas, \u00e0 long terme, des bases financi\u00e8res, technologiques et industrielles pour garantir sa s\u00e9curit\u00e9\u00a0\u00bb, a-t-il ajout\u00e9.<\/p>\n<p>Mario Draghi reste largement cr\u00e9dit\u00e9 d\u2019avoir sauv\u00e9 l\u2019euro de l\u2019effondrement au plus fort de la crise de la dette souveraine, en 2012, lorsqu\u2019il avait promis de faire \u00ab\u00a0tout ce qu\u2019il faudra\u00a0\u00bb pour pr\u00e9server la monnaie unique. Depuis son d\u00e9part de la BCE en 2019, il n\u2019a cess\u00e9 de plaider pour un approfondissement de l\u2019int\u00e9gration \u00e9conomique europ\u00e9enne afin de permettre \u00e0 l\u2019Union de rivaliser avec les \u00c9tats-Unis et la Chine.<\/p>\n<p>Dans son rapport majeur de 2024 sur la comp\u00e9titivit\u00e9 europ\u00e9enne, l\u2019ancien banquier central appelait \u00e0 des \u00ab\u00a0r\u00e9formes radicales\u00a0\u00bb, formulant 383 recommandations. Il y pr\u00e9conisait notamment une r\u00e9glementation commune des march\u00e9s de capitaux, une r\u00e9duction de la bureaucratie pesant sur les entreprises et un renforcement de la capacit\u00e9 d\u2019investissement du continent.<\/p>\n<p>La distinction intervient dans un climat de tensions croissantes, marqu\u00e9 par la mont\u00e9e de partis antisyst\u00e8me dans plusieurs pays europ\u00e9ens et par un environnement international de plus en plus hostile, entre la Russie et les \u00c9tats-Unis. \u00ab\u00a0Cette d\u00e9cision intervient \u00e0 un moment o\u00f9 l\u2019Europe n\u2019a peut-\u00eatre jamais compt\u00e9 autant d\u2019ennemis qu\u2019aujourd\u2019hui, tant int\u00e9rieurs qu\u2019ext\u00e9rieurs\u00a0\u00bb, a d\u00e9clar\u00e9 Mario Draghi, 78\u00a0ans, dans un message vid\u00e9o de remerciement. \u00ab\u00a0Nous devons devenir plus forts\u00a0: plus forts militairement, plus forts \u00e9conomiquement et plus forts politiquement\u00a0\u00bb, a-t-il insist\u00e9.<\/p>\n<p>Nomm\u00e9 d\u2019apr\u00e8s Charlemagne, roi des Francs devenu empereur et premier \u00e0 unifier une large partie de l\u2019Europe occidentale apr\u00e8s la chute de l\u2019Empire romain d\u2019Occident, le prix est d\u00e9cern\u00e9 par un comit\u00e9 de 17 membres et remis \u00e0 Aix-la-Chapelle, ancienne capitale de l\u2019empire carolingien. Cr\u00e9\u00e9 en 1949, il vise \u00e0 promouvoir l\u2019id\u00e9al europ\u00e9en dans l\u2019apr\u00e8s-guerre.<\/p>\n<p>Parmi les pr\u00e9c\u00e9dents laur\u00e9ats figurent le pape Fran\u00e7ois, le pr\u00e9sident ukrainien Volodymyr Zelensky et le peuple ukrainien, ainsi qu&rsquo;Emmanuel Macron ou encore l\u2019ancien pr\u00e9sident tch\u00e8que et dissident V\u00e1clav Havel.<\/p>\n","protected":false},"excerpt":{"rendered":"L\u2019Italien Mario Draghi, ancien pr\u00e9sident de la Banque centrale europ\u00e9enne, s\u2019est vu attribuer le prix Charlemagne 2026, distinction&hellip;\n","protected":false},"author":2,"featured_media":670308,"comment_status":"","ping_status":"","sticky":false,"template":"","format":"standard","meta":{"footnotes":""},"categories":[1586],"tags":[930,5734,11,77005,25927,30451,33,2811,1777,674,36520,1011,27,1808,10601,12,2141,25,77006],"class_list":{"0":"post-670307","1":"post","2":"type-post","3":"status-publish","4":"format-standard","5":"has-post-thumbnail","7":"category-europe","8":"tag-le","9":"tag-5734","10":"tag-actualites","11":"tag-charlemagne","12":"tag-decerne","13":"tag-draghi","14":"tag-economie","15":"tag-economique","16":"tag-eu","17":"tag-europe","18":"tag-figure","19":"tag-fr","20":"tag-france","21":"tag-leurope","22":"tag-mario","23":"tag-news","24":"tag-prix","25":"tag-republique-francaise","26":"tag-tutelaire"},"share_on_mastodon":{"url":"https:\/\/pubeurope.com\/@fr\/115911221913426792","error":""},"_links":{"self":[{"href":"https:\/\/www.europesays.com\/fr\/wp-json\/wp\/v2\/posts\/670307","targetHints":{"allow":["GET"]}}],"collection":[{"href":"https:\/\/www.europesays.com\/fr\/wp-json\/wp\/v2\/posts"}],"about":[{"href":"https:\/\/www.europesays.com\/fr\/wp-json\/wp\/v2\/types\/post"}],"author":[{"embeddable":true,"href":"https:\/\/www.europesays.com\/fr\/wp-json\/wp\/v2\/users\/2"}],"replies":[{"embeddable":true,"href":"https:\/\/www.europesays.com\/fr\/wp-json\/wp\/v2\/comments?post=670307"}],"version-history":[{"count":0,"href":"https:\/\/www.europesays.com\/fr\/wp-json\/wp\/v2\/posts\/670307\/revisions"}],"wp:featuredmedia":[{"embeddable":true,"href":"https:\/\/www.europesays.com\/fr\/wp-json\/wp\/v2\/media\/670308"}],"wp:attachment":[{"href":"https:\/\/www.europesays.com\/fr\/wp-json\/wp\/v2\/media?parent=670307"}],"wp:term":[{"taxonomy":"category","embeddable":true,"href":"https:\/\/www.europesays.com\/fr\/wp-json\/wp\/v2\/categories?post=670307"},{"taxonomy":"post_tag","embeddable":true,"href":"https:\/\/www.europesays.com\/fr\/wp-json\/wp\/v2\/tags?post=670307"}],"curies":[{"name":"wp","href":"https:\/\/api.w.org\/{rel}","templated":true}]}}