{"id":670311,"date":"2026-01-17T15:48:12","date_gmt":"2026-01-17T15:48:12","guid":{"rendered":"https:\/\/www.europesays.com\/fr\/670311\/"},"modified":"2026-01-17T15:48:12","modified_gmt":"2026-01-17T15:48:12","slug":"om-les-joueurs-et-le-staff-arriveront-en-retard-a-angers-lequipe","status":"publish","type":"post","link":"https:\/\/www.europesays.com\/fr\/670311\/","title":{"rendered":"OM : les joueurs et le staff arriveront en retard \u00e0 Angers &#8211; L&#039;\u00c9quipe"},"content":{"rendered":"<ol>\n<li><a href=\"https:\/\/news.google.com\/rss\/articles\/CBMiqwFBVV95cUxPMDNLaXloc2pvR2c0MmFoRHRiYV9lRWo5djZRYThUOGtBdjFEX2VxOUN5UjI3ZEcyV2FJOG90SXpwak9iaW92c0trdC1Db2M0ZlFiV0JkdU14VjFYb3F4RVRjNHZGWVdXZ1dfTmlOVEdiMWFkWDdNbTZSbk8yb1ZseW8wbzBqT2x0eHpxdlFOS3hWNzkxOG9MVms3WXpiY213TmV3VTNMbDMxM0k?oc=5\" target=\"_blank\" rel=\"noopener\">OM : les joueurs et le staff arriveront en retard \u00e0 Angers<\/a>&nbsp;&nbsp;L&rsquo;\u00c9quipe<\/li>\n<li><a href=\"https:\/\/news.google.com\/rss\/articles\/CBMitgFBVV95cUxPWnd1Tk5WZGFFNUFPU2NhN1pyUk14azRsdWhXRnMwZ1JtUE42MmJ1RUx2bm05LWxKT01NT3dDZUFxTjc3MlpIR0VYalhwRW5ETkpVVHFjU3VMSXNDblp5d1lMSUNaSVo4MVRFV2tMbzA4VzV1OFBNY0ZhVmJ0SnpuX0N5ZTNfdzVKZUh5RUFzX01PX2Jzd0ZRVVBJOWJyUEpLQkJzUEs4OUNOd1lIT0hKY3VfMmQ4UdIBtAFBVV95cUxNdkk3eE9wQV95UkJEZXd0Zi01NFhZQXZUdV9jbElabWFGbkpsOXZUVkFWdm9JckVOTnp2RE5EdTRqLWY4cWZzNDJUYXl4VkttaE9MY1R5c1JTSWJSQnpQbjBPQWxKOV9SSDJINGhQNUhzdVpHQXNwc1J1dGxpU0VpSHJTdm16dS00Y2hyaUt5aUxDclEyWHdOYmFtVnJYSmRraEo0OVN2b0xCbzJOcm9sYVQ3RHE?oc=5\" target=\"_blank\" rel=\"noopener\">Ligue 1 : Angers &#8211; OM a failli \u00eatre report\u00e9 : Sports &#8211; Orange<\/a>&nbsp;&nbsp;Sports &#8211; Orange<\/li>\n<li><a href=\"https:\/\/news.google.com\/rss\/articles\/CBMigAFBVV95cUxNQ2h3OWhIbnY1cHVEZHNwYmFIVDU4Z25wTFgtUm44a1dNMHE3VDVLNFhiaktYbkY5TXVWSnYtdWo5Sk4ybUdKSFFHQjl4bEIzdkkxclFDN1hiMmc1ajdTc2l2dnFMNkJOS3dBY2VpSFBJR3BNQWlLT0lLbzBsaDNGQw?oc=5\" target=\"_blank\" rel=\"noopener\">Ligue 1 : Angers-OM maintenu<\/a>&nbsp;&nbsp;Foot Mercato<\/li>\n<li><a href=\"https:\/\/news.google.com\/rss\/articles\/CBMikgJBVV95cUxNM3lfVFEwZGpDVmtGNEYwbGU0QURraWREWkdMSHlVbjlYb0NiZlB1V2lrZGlLNjkwLWpaNFFTNmtDbFRzZ19aMUYwYXo1aFFDdlJCUW51NDRtM01iY1R2YUVLeHFZeDVtWTNBUnFfMVp1clBnUzZxTDFmWWVQYlRRMFVUYWRtX0NHSGYtaDBsUDNuTERIVXptMlFVVmFnMUJSWVY4dllyNnNtY2xQelBNY2dBNlJvMTJ4X2JiRU5MWUg4dG5oY0hJVVBVTW5DYjdpTWNXcGljSFRuQlpTTGlBZGRwVmFOUmFqMF9YNlFDVC1za0VmSzg2X3dpTHdLdVpIRmZFemp6WXpFNjEwWi1oVlNR?oc=5\" target=\"_blank\" rel=\"noopener\">Avion retard\u00e9 puis d\u00e9rout\u00e9, demande de report puis match confirm\u00e9 : Angers-SCO &#8211; OM aura bien lieu<\/a>&nbsp;&nbsp;Ouest-France<\/li>\n<li><a href=\"https:\/\/news.google.com\/rss\/articles\/CBMi6gFBVV95cUxQUFFZemk2VUZ1Wld2Y0lDZXdUbDhIMjlfQm1QMzdONkFtM3otSG1EWmdRb2gzN2ZrRjd4Mnc4ejNYRnVibWQtNndkaTJaNGJ4clNId0RNNl9MRVQtRV9TSXkwN0VFbEZORUZLaDM0azRmZ1l4ZEZiWTVsWjBFSzZ1bkpIcklyaWVVc0pYeGF5TXRZRkhmakVwc2xJRzhpUUVqTTBPV0lHZjE1Y2liTEdabGhsSzdMZzBSR0hSSVhSZ3Q5OW5wX2h0b0hvRlNEWDNkZXpic0RqYVdrUlN3cWdPcDFwOVBGLUNqMWc?oc=5\" target=\"_blank\" rel=\"noopener\">Angers-OM : les Olympiens au pied d&rsquo;un d\u00e9fi majuscule au moment d&rsquo;attaquer la deuxi\u00e8me partie de saison<\/a>&nbsp;&nbsp;La Provence<\/li>\n<\/ol>\n","protected":false},"excerpt":{"rendered":"OM : les joueurs et le staff arriveront en retard \u00e0 Angers&nbsp;&nbsp;L&rsquo;\u00c9quipe Ligue 1 : Angers &#8211; OM&hellip;\n","protected":false},"author":2,"featured_media":670312,"comment_status":"","ping_status":"","sticky":false,"template":"","format":"standard","meta":{"footnotes":""},"categories":[2],"tags":[11,1011,27,12,25],"class_list":{"0":"post-670311","1":"post","2":"type-post","3":"status-publish","4":"format-standard","5":"has-post-thumbnail","7":"category-actualites","8":"tag-actualites","9":"tag-fr","10":"tag-france","11":"tag-news","12":"tag-republique-francaise"},"share_on_mastodon":{"url":"https:\/\/pubeurope.com\/@fr\/115911229755705081","error":""},"_links":{"self":[{"href":"https:\/\/www.europesays.com\/fr\/wp-json\/wp\/v2\/posts\/670311","targetHints":{"allow":["GET"]}}],"collection":[{"href":"https:\/\/www.europesays.com\/fr\/wp-json\/wp\/v2\/posts"}],"about":[{"href":"https:\/\/www.europesays.com\/fr\/wp-json\/wp\/v2\/types\/post"}],"author":[{"embeddable":true,"href":"https:\/\/www.europesays.com\/fr\/wp-json\/wp\/v2\/users\/2"}],"replies":[{"embeddable":true,"href":"https:\/\/www.europesays.com\/fr\/wp-json\/wp\/v2\/comments?post=670311"}],"version-history":[{"count":0,"href":"https:\/\/www.europesays.com\/fr\/wp-json\/wp\/v2\/posts\/670311\/revisions"}],"wp:featuredmedia":[{"embeddable":true,"href":"https:\/\/www.europesays.com\/fr\/wp-json\/wp\/v2\/media\/670312"}],"wp:attachment":[{"href":"https:\/\/www.europesays.com\/fr\/wp-json\/wp\/v2\/media?parent=670311"}],"wp:term":[{"taxonomy":"category","embeddable":true,"href":"https:\/\/www.europesays.com\/fr\/wp-json\/wp\/v2\/categories?post=670311"},{"taxonomy":"post_tag","embeddable":true,"href":"https:\/\/www.europesays.com\/fr\/wp-json\/wp\/v2\/tags?post=670311"}],"curies":[{"name":"wp","href":"https:\/\/api.w.org\/{rel}","templated":true}]}}