{"id":670315,"date":"2026-01-17T15:50:15","date_gmt":"2026-01-17T15:50:15","guid":{"rendered":"https:\/\/www.europesays.com\/fr\/670315\/"},"modified":"2026-01-17T15:50:15","modified_gmt":"2026-01-17T15:50:15","slug":"christophe-maillot-jfk-et-la-france-une-histoire-contrariee","status":"publish","type":"post","link":"https:\/\/www.europesays.com\/fr\/670315\/","title":{"rendered":"Christophe Maillot \u00ab\u00a0JFK et la France, Une histoire contrari\u00e9e\u00a0\u00bb"},"content":{"rendered":"<p><img loading=\"lazy\" decoding=\"async\" src=\"https:\/\/www.europesays.com\/fr\/wp-content\/uploads\/2026\/01\/1768665014_273_couv.jpg\" data-entity-uuid=\"2f157b36-19a5-4d63-a968-9591a07bf3a5\" data-entity-type=\"file\" width=\"2454\" height=\"2503\"\/><img loading=\"lazy\" decoding=\"async\" src=\"https:\/\/www.europesays.com\/fr\/wp-content\/uploads\/2026\/01\/IMG_6485.jpg\" data-entity-uuid=\"40443f63-b553-4fdd-a965-626892edb3f5\" data-entity-type=\"file\" width=\"750\" height=\"479\"\/><\/p>\n<p><strong>Chonique de Jacques Plaine<\/strong><\/p>\n<p class=\"text-align-justify\"><strong>Christophe Maillot \u2013 JFK et la France, Une histoire contrari\u00e9e \u2013 Les 3 Colonnes \u2013 19,50\u20ac<\/strong><\/p>\n<p class=\"text-align-justify\">\u00a0<\/p>\n<p class=\"text-align-justify\"><strong>Directeur g\u00e9n\u00e9ral des Services du D\u00e9partement, Christophe Maillot est l\u2019auteur de plusieurs ouvrages consacr\u00e9s \u00e0 la Pr\u00e9sidence am\u00e9ricaine. <\/strong><strong>\u00ab\u00a0JFK et la France\u00a0\u00bb<\/strong><strong> est son quatri\u00e8me ouvrage.<\/strong><\/p>\n<p class=\"text-align-justify\">\u00a0<\/p>\n<p class=\"text-align-justify\">JFK le plus fran\u00e7ais des Pr\u00e9sidents am\u00e9ricains, non parce que son \u00e9pouse d\u2019origine fran\u00e7aise \u2013 de Pont-Saint-Esprit exactement \u2013 v\u00e9cut \u00e0 Paris, fr\u00e9quenta Les Deux Magot, Le Flore et La Rotonde, fit du cheval au ch\u00e2teau de Courances et lut assid\u00fbment Saint-Simon, Stendhal, Baudelaire, Sartre et George Sand. Non plus parce que son fr\u00e8re, en octobre 44, explosa en vol dans une forteresse volante au dessus du Pas-de-Calais, mais parce que lui-m\u00eame, lorsqu\u2019il avait vingt ans, parcourut la France\u00a0du Havre \u00e0 la C\u00f4te d\u2019Azur en passant par Tours, Biarritz et bien entendu Paris. Un voyage sugg\u00e9r\u00e9 par son p\u00e8re, Ambassadeur des Etats-Unis \u00e0 Londres. Un tr\u00e8s riche papa impatient de pr\u00e9parer son fils \u00e0 atterrir dans le bureau ovale.\u00a0<\/p>\n<p class=\"text-align-justify\">\u00a0<\/p>\n<p class=\"text-align-justify\">Le 8 novembre 1960, John F. Kennedy sera donc \u00e9lu \u00e0 la Pr\u00e9sidence des Etats-Unis &#8211; merci papa &#8211; et choisira la France pour son premier voyage outre-Atlantique. \u00ab\u00a0De Gaulle, si susceptible, si attach\u00e9 aux marques de respect, si intransigeant sur l\u2019image de son pays et sa place sur l\u2019\u00e9chiquier international, ne pouvait qu\u2019\u00eatre sensible au geste d\u2019un Pr\u00e9sident am\u00e9ricain d\u00e9cidant, d\u00e8s le d\u00e9but de son mandat, de venir en France.\u00a0\u00bb D\u00eener aux chandelles au Ch\u00e2teau de Versailles \u00ab\u00a0Je suis l\u2019homme qui a accompagn\u00e9 Jacqueline Kennedy \u00e0 Paris, et j\u2019ai ador\u00e9 \u00e7a.\u00bb C\u2019\u00e9tait parti sur les chapeaux de roues dirait Christophe Maillot &#8211; inconditionnel des expressions favorites de nos grands-m\u00e8res &#8211; sauf que la suite sera moins glamour, plus proche du divorce que de \u00ab\u00a0Embrassons-nous, Folleville.\u00a0\u00bb<\/p>\n<p class=\"text-align-justify\">\u00a0<\/p>\n<p class=\"text-align-justify\">\u00ab\u00a0Les colonies sont comme les fruits, qui ne s\u2019accrochent \u00e0 l\u2019arbre que jusqu\u2019\u00e0 ce qu\u2019ils m\u00fbrissent\u00a0\u00bb avait en son temps \u00e9crit Turgot. Une citation qu\u2019\u00e0 l\u2019heure du conflit alg\u00e9ro-fran\u00e7ais JFK balancera all\u00e9grement dans le jardin de la France. Suivra la mise \u00e0 feu d\u2019autres sujets qui ne demandaient qu\u2019\u00e0 s\u2019enflammer, l\u2019OTAN, la d\u00e9colonisation, l\u2019entr\u00e9e du Royaume-Uni dans le March\u00e9 commun, l\u2019Asie du Sud-Est et bien entendu la bombe. La bombe atomique et sa possession sans conditions si ch\u00e8re au G\u00e9n\u00e9ral.\u00a0<\/p>\n<p class=\"text-align-justify\">\u00a0<\/p>\n<p class=\"text-align-justify\">Un \u00ab\u00a0Je t\u2019aime, moi non plus\u00a0\u00bb sera donc la musique r\u00e9currente des relations diplomatiques du jeune loup et du vieux lion. Avec une collection de sourires de politesse, pinc\u00e9s, de fa\u00e7ade voire diplomatiques ou de connivence, en attendant l\u2019exposition organis\u00e9e en ce mois de d\u00e9cembre 1962 \u00e0 la National Gallery de Washington par la Premi\u00e8re Dame et Malraux. Avec un autre sourire, celui de la Joconde bien entendu.\u00a0\u00a0<\/p>\n","protected":false},"excerpt":{"rendered":"Chonique de Jacques Plaine Christophe Maillot \u2013 JFK et la France, Une histoire contrari\u00e9e \u2013 Les 3 Colonnes&hellip;\n","protected":false},"author":2,"featured_media":670316,"comment_status":"","ping_status":"","sticky":false,"template":"","format":"standard","meta":{"footnotes":""},"categories":[4],"tags":[11,1011,27,12,25],"class_list":{"0":"post-670315","1":"post","2":"type-post","3":"status-publish","4":"format-standard","5":"has-post-thumbnail","7":"category-france","8":"tag-actualites","9":"tag-fr","10":"tag-france","11":"tag-news","12":"tag-republique-francaise"},"share_on_mastodon":{"url":"https:\/\/pubeurope.com\/@fr\/115911237581142618","error":""},"_links":{"self":[{"href":"https:\/\/www.europesays.com\/fr\/wp-json\/wp\/v2\/posts\/670315","targetHints":{"allow":["GET"]}}],"collection":[{"href":"https:\/\/www.europesays.com\/fr\/wp-json\/wp\/v2\/posts"}],"about":[{"href":"https:\/\/www.europesays.com\/fr\/wp-json\/wp\/v2\/types\/post"}],"author":[{"embeddable":true,"href":"https:\/\/www.europesays.com\/fr\/wp-json\/wp\/v2\/users\/2"}],"replies":[{"embeddable":true,"href":"https:\/\/www.europesays.com\/fr\/wp-json\/wp\/v2\/comments?post=670315"}],"version-history":[{"count":0,"href":"https:\/\/www.europesays.com\/fr\/wp-json\/wp\/v2\/posts\/670315\/revisions"}],"wp:featuredmedia":[{"embeddable":true,"href":"https:\/\/www.europesays.com\/fr\/wp-json\/wp\/v2\/media\/670316"}],"wp:attachment":[{"href":"https:\/\/www.europesays.com\/fr\/wp-json\/wp\/v2\/media?parent=670315"}],"wp:term":[{"taxonomy":"category","embeddable":true,"href":"https:\/\/www.europesays.com\/fr\/wp-json\/wp\/v2\/categories?post=670315"},{"taxonomy":"post_tag","embeddable":true,"href":"https:\/\/www.europesays.com\/fr\/wp-json\/wp\/v2\/tags?post=670315"}],"curies":[{"name":"wp","href":"https:\/\/api.w.org\/{rel}","templated":true}]}}