{"id":670323,"date":"2026-01-17T15:59:11","date_gmt":"2026-01-17T15:59:11","guid":{"rendered":"https:\/\/www.europesays.com\/fr\/670323\/"},"modified":"2026-01-17T15:59:11","modified_gmt":"2026-01-17T15:59:11","slug":"mercato-toutes-les-infos-du-marche-des-transferts-lequipe-4","status":"publish","type":"post","link":"https:\/\/www.europesays.com\/fr\/670323\/","title":{"rendered":"Mercato : toutes les infos du march\u00e9 des transferts &#8211; L&#039;\u00c9quipe"},"content":{"rendered":"<ol>\n<li><a href=\"https:\/\/news.google.com\/rss\/articles\/CBMic0FVX3lxTE11ZmNNSVowOWxVNGdtbC13VGkyMEs1NmNWNDgyT001enlRQzdoRHBTYTdBTy03MjAxUGtaOTNqVVFvdEtYUzl6YnNYc2h5TVZ2UHdHbTB2cnU3SUNIOG92VmdyQkIyRVJWRTBleVZNZW85dHM?oc=5\" target=\"_blank\" rel=\"noopener\">Mercato : toutes les infos du march\u00e9 des transferts<\/a>&nbsp;&nbsp;L&rsquo;\u00c9quipe<\/li>\n<li><a href=\"https:\/\/news.google.com\/rss\/articles\/CBMi9wFBVV95cUxOYnJPWjdzNkQyZnNiMnVHbEIyU2wyN0o4LWRGUzdvdmRyRHU3WWF4LXVBb2tYS01EaGo2SHBPMFVIZmFxM0o2di1RaDNlVkRuOTJOdEQyelZWNC1EeFc5VHk5UFN4NXNWdUJtWlNvMnpfUmVjN04yT19FWU5McTllLXVvS09CTER5MUw4TlVXRjdlUVQ0aE9na3VmX0NoRHFxQnI5UXJLenc2S2dSRC05ai0tSFBmbVBnempxRktxd0pmZjJsNzVDVHpTdFRQZ0FMZG4tRGh5enBJUFdJc1hGYzd3TnlNU09iR01jdWRuTklKWGFyaFNZ?oc=5\" target=\"_blank\" rel=\"noopener\">Demb\u00e9l\u00e9, PSG, Enzo Fernandez, Inter, Mateta, Juventus, Mateta : les 11 infos mercato de jeudi<\/a>&nbsp;&nbsp;Eurosport<\/li>\n<li><a href=\"https:\/\/news.google.com\/rss\/articles\/CBMihgFBVV95cUxQSUxVeFBBT2s2Y0Q0Ymx2TXlERXlTM3RTVXpqaUJEa0pldG1Ndnc5eEgyZFJCT2lSdTdQREMzYW4xdzVBNFp5dFktd3VvLXF6eUlndV85QllUNXI5dkQzX2FCTFdZSjI5S0hTWWV2cEpuTlF3T0VvcjdNeENvb1NQYVFLSHg0dw?oc=5\" target=\"_blank\" rel=\"noopener\">Arbeloa, Griezmann, Mateta&#8230; Les 5 infos mercato du 15 janvier \u00e0 la mi-journ\u00e9e<\/a>&nbsp;&nbsp;Yahoo Actualit\u00e9s<\/li>\n<li><a href=\"https:\/\/news.google.com\/rss\/articles\/CBMi4gFBVV95cUxPNTYzcXh1UWtuVnRVSGNvV3VUSFV5Znd5eTRfQnpCMWh3bEtSZU1VeGFfblZtNlFlYVIwWDVDdDRMZmhhcW5HOFV1Q2pEUXZNczU4djBQelZvajFILWlHem1seEN4XzdBRUpYYjhqYWl5ak14WGZWZHZXeUU0dTdpRnhfeFVXeEV0U2t3VnJwaEFxLXc1WGFzb2ZyV0hxdF83R1liUnpEM2Y1QTE3Ti1jVUp3N0xKLU55ZFZYTGRCdnMyWjFENzlRRlNMcmFrSnBHWjVvNWJROEFxMWVyeFFReGdR?oc=5\" target=\"_blank\" rel=\"noopener\">Hojbjerg, Kant\u00e9, Griezmann&#8230; Les 5 infos mercato du 14 janvier \u00e0 la mi-journ\u00e9e<\/a>&nbsp;&nbsp;RMC Sport<\/li>\n<li><a href=\"https:\/\/news.google.com\/rss\/articles\/CBMikAFBVV95cUxQc3lPWU4xUlhXZkJLS2c0djdFenJBdWxrUFBfLWdwQkZFeDRMS296ei0yZW5vSF8yYzBMUW5kUlZIeUo4bHVCcFlCOVBCYjVLMFBkQWZycnR1WUZBYnZyUmJmamdUb05XWXowaU9qNGVxZTB5aTc3RnBLWnN5X1pQa0RYSi0xbm5FVmNoUlp4eXY?oc=5\" target=\"_blank\" rel=\"noopener\">Mercato : les infos transferts du 15 janvier<\/a>&nbsp;&nbsp;Foot National<\/li>\n<\/ol>\n","protected":false},"excerpt":{"rendered":"Mercato : toutes les infos du march\u00e9 des transferts&nbsp;&nbsp;L&rsquo;\u00c9quipe Demb\u00e9l\u00e9, PSG, Enzo Fernandez, Inter, Mateta, Juventus, Mateta :&hellip;\n","protected":false},"author":2,"featured_media":72028,"comment_status":"","ping_status":"","sticky":false,"template":"","format":"standard","meta":{"footnotes":""},"categories":[1410],"tags":[63,1011,27,60],"class_list":{"0":"post-670323","1":"post","2":"type-post","3":"status-publish","4":"format-standard","5":"has-post-thumbnail","7":"category-football","8":"tag-football","9":"tag-fr","10":"tag-france","11":"tag-sports"},"share_on_mastodon":{"url":"https:\/\/pubeurope.com\/@fr\/115911272957554867","error":""},"_links":{"self":[{"href":"https:\/\/www.europesays.com\/fr\/wp-json\/wp\/v2\/posts\/670323","targetHints":{"allow":["GET"]}}],"collection":[{"href":"https:\/\/www.europesays.com\/fr\/wp-json\/wp\/v2\/posts"}],"about":[{"href":"https:\/\/www.europesays.com\/fr\/wp-json\/wp\/v2\/types\/post"}],"author":[{"embeddable":true,"href":"https:\/\/www.europesays.com\/fr\/wp-json\/wp\/v2\/users\/2"}],"replies":[{"embeddable":true,"href":"https:\/\/www.europesays.com\/fr\/wp-json\/wp\/v2\/comments?post=670323"}],"version-history":[{"count":0,"href":"https:\/\/www.europesays.com\/fr\/wp-json\/wp\/v2\/posts\/670323\/revisions"}],"wp:featuredmedia":[{"embeddable":true,"href":"https:\/\/www.europesays.com\/fr\/wp-json\/wp\/v2\/media\/72028"}],"wp:attachment":[{"href":"https:\/\/www.europesays.com\/fr\/wp-json\/wp\/v2\/media?parent=670323"}],"wp:term":[{"taxonomy":"category","embeddable":true,"href":"https:\/\/www.europesays.com\/fr\/wp-json\/wp\/v2\/categories?post=670323"},{"taxonomy":"post_tag","embeddable":true,"href":"https:\/\/www.europesays.com\/fr\/wp-json\/wp\/v2\/tags?post=670323"}],"curies":[{"name":"wp","href":"https:\/\/api.w.org\/{rel}","templated":true}]}}