{"id":670324,"date":"2026-01-17T16:00:11","date_gmt":"2026-01-17T16:00:11","guid":{"rendered":"https:\/\/www.europesays.com\/fr\/670324\/"},"modified":"2026-01-17T16:00:11","modified_gmt":"2026-01-17T16:00:11","slug":"jai-deja-ete-operee-mais-eric-antoine-inquiet-pour-sa-compagne-gennifer-demey-se-confie-sur-sa-sante","status":"publish","type":"post","link":"https:\/\/www.europesays.com\/fr\/670324\/","title":{"rendered":"\u00ab\u00a0J\u2019ai d\u00e9j\u00e0 \u00e9t\u00e9 op\u00e9r\u00e9e mais\u2026\u00a0\u00bb, \u00c9ric Antoine inquiet pour sa compagne ? Gennifer Demey se confie sur sa sant\u00e9"},"content":{"rendered":"<p class=\"p1\">Ce vendredi 16 janvier 2026, Christelle Gaudet,<br \/>\ngrande gagnante de Koh Lanta en 2008, a donn\u00e9 le coup d&rsquo;envoi du<br \/>\n<strong>raid D\u00e9fi d&rsquo;Elles<\/strong> depuis Olos, en Laponie.<br \/>\nAssoci\u00e9e \u00e0 <strong>la lutte contre le cancer<\/strong>,<br \/>\nl&rsquo;organisation soutient \u00e9galement cette ann\u00e9e l&rsquo;ARSLA (Association<br \/>\npour <strong>la Recherche sur la Scl\u00e9rose Lat\u00e9rale<br \/>\nAmyotrophique<\/strong>). Les participants s&rsquo;engagent \u00e0 sensibiliser<br \/>\nmais surtout \u00e0 collecter 100 000 euros en faveur de<br \/>\nl&rsquo;organisme.<\/p>\n<p class=\"p1\">Le casting de cette \u00e9dition comprend notamment<br \/>\n<a href=\"https:\/\/www.closermag.fr\/people\/eric-antoine-allergique-au-mariage-pourquoi-a-t-il-quand-meme-dit-oui-a-gennifer-demey-3584906\" target=\"_blank\" rel=\"noopener\"><br \/>\n\u00c9ric Antoine<\/a> <strong>et Gennifer Demey<\/strong>.<br \/>\n\u00ab\u00a0<strong>Je vise la derni\u00e8re place<\/strong>, ce sera une fiert\u00e9<br \/>\npour moi de fermer parce qu&rsquo;on est les just married. Dans les<br \/>\nmariages, tu as toujours la voiture-balai qui ferme le cort\u00e8ge du<br \/>\nmariage donc je pense que c&rsquo;est nous\u00a0\u00bb, annon\u00e7ait la<br \/>\npr\u00e9sentatrice m\u00e9t\u00e9o de M6 \u00e0 quelques heures d&rsquo;affronter des<br \/>\ntemp\u00e9ratures polaires.<\/p>\n<p>\u00c9ric Antoine : de quels probl\u00e8mes de sant\u00e9 souffre<br \/>\nsa femme Gennifer Demey ?<\/p>\n<p class=\"p1\">Sur Instagram toujours, <a href=\"https:\/\/www.closermag.fr\/people\/eric-antoine-et-gennifer-demey-apres-le-mariage-le-couple-fait-une-apparition-remarquee-et-la-jeune-femme-ose-le-decollete-xxl-photos-3583215\" target=\"_blank\" rel=\"noopener\"><br \/>\nGennifer Demey<\/a> explique avoir consult\u00e9 une ost\u00e9opathe<br \/>\nsp\u00e9cialis\u00e9e en fertilit\u00e9 et en troubles f\u00e9minins avant de se lancer<br \/>\ndans l&rsquo;aventure et tester des disciplines tels que le trail blanc,<br \/>\nle ski de fond ou le fatbike. Voil\u00e0 plusieurs ann\u00e9es que la femme<br \/>\nd&rsquo;Eric Antoine <strong>souffre de<\/strong> <strong>\u00ab\u00a0r\u00e8gles<br \/>\ndouloureuses et tous les sympt\u00f4mes<br \/>\nassoci\u00e9s\u00a0\u00bb<\/strong>,\u00a0ainsi que<br \/>\n<strong>de\u00a0\u00ab\u00a0varices pelviennes\u00a0\u00bb.<\/strong> Des<br \/>\nprobl\u00e8mes de sant\u00e9 qui compliquent un quotidien fait de<br \/>\n\u00ab\u00a0naus\u00e9es, vomissements, fatigue, chute de tension,<br \/>\n\u00e9vanouissements\u00a0\u00bb.<\/p>\n<p class=\"p1\">\u00ab\u00a0Des diarrh\u00e9es aussi, des douleurs dans le bas du<br \/>\ndos, dans le ventre, des crampes, <strong>j\u2019ai la totale<br \/>\nfranchement<\/strong>. Dans ces moments-l\u00e0 je ne suis vraiment pas<br \/>\nbien, j\u2019ai beaucoup d\u2019acn\u00e9 aussi\u00a0\u00bb, ajoute-t-elle. L&rsquo;ost\u00e9opathe<br \/>\nlui a donn\u00e9 malgr\u00e9 tout le feu vert pour s&rsquo;engager dans sa grande<br \/>\n\u00e9chapp\u00e9e lapone.<\/p>\n<p>\u00c9ric Antoine : comment Gennifer<br \/>\nDemey se soigne-t-elle ?<\/p>\n<p class=\"p1\">Que faire pour soulager des r\u00e8gles douloureuses ?<br \/>\n\u00ab\u00a0<strong>J\u2019ai d\u00e9j\u00e0 \u00e9t\u00e9 op\u00e9r\u00e9e mais l\u2019un des points de colle a<br \/>\nsaut\u00e9<\/strong> et je ne peux plus me faire op\u00e9rer tant que je n\u2019ai<br \/>\npas eu d\u2019enfants, confie l&rsquo;ex-Miss Aquitaine dans cette m\u00eame<br \/>\nstory Instagram. Comme je ne veux pas prendre des AINS<br \/>\n[<strong>anti-inflammatoires non st\u00e9ro\u00efdiens<\/strong>,<br \/>\nndlr]\u00a0ou antidouleurs chaque mois, j\u2019essaie plein de<br \/>\nchoses.\u00a0\u00bb<\/p>\n<p class=\"p1\">Contre la douleur, Gennifer Demey s&rsquo;en remet \u00e0 son<br \/>\nost\u00e9opathe qu&rsquo;elle semble beaucoup appr\u00e9cier. \u00ab\u00a0Elle m\u2019a fait un<br \/>\nbien fou, je ne pensais pas \u00eatre autant bloqu\u00e9e\u00a0\u00bb, conclut la<br \/>\nfemme d&rsquo;Eric Antoine qu&rsquo;on imagine soucieux pour la sant\u00e9 de celle<br \/>\nqui partage sa vie. Selon une enqu\u00eate de Naturactive, <strong>91%<br \/>\ndes femmes ressentent<\/strong> <a href=\"https:\/\/www.closermag.fr\/vecu\/elle-prend-de-libuprofene-pour-soulager-ses-regles-douloureuses-et-passe-17-jours-dans-le-coma-3433727\" target=\"_blank\" rel=\"noopener\"><br \/>\ndes douleurs pendant leurs r\u00e8gles<\/a> en France.<\/p>\n","protected":false},"excerpt":{"rendered":"Ce vendredi 16 janvier 2026, Christelle Gaudet, grande gagnante de Koh Lanta en 2008, a donn\u00e9 le coup&hellip;\n","protected":false},"author":2,"featured_media":670325,"comment_status":"","ping_status":"","sticky":false,"template":"","format":"standard","meta":{"footnotes":""},"categories":[1359],"tags":[21303,58,59,1011,27,70426,973],"class_list":{"0":"post-670324","1":"post","2":"type-post","3":"status-publish","4":"format-standard","5":"has-post-thumbnail","7":"category-people","8":"tag-buzz_nonli","9":"tag-divertissement","10":"tag-entertainment","11":"tag-fr","12":"tag-france","13":"tag-marfeel_news","14":"tag-people"},"share_on_mastodon":{"url":"https:\/\/pubeurope.com\/@fr\/115911276853333743","error":""},"_links":{"self":[{"href":"https:\/\/www.europesays.com\/fr\/wp-json\/wp\/v2\/posts\/670324","targetHints":{"allow":["GET"]}}],"collection":[{"href":"https:\/\/www.europesays.com\/fr\/wp-json\/wp\/v2\/posts"}],"about":[{"href":"https:\/\/www.europesays.com\/fr\/wp-json\/wp\/v2\/types\/post"}],"author":[{"embeddable":true,"href":"https:\/\/www.europesays.com\/fr\/wp-json\/wp\/v2\/users\/2"}],"replies":[{"embeddable":true,"href":"https:\/\/www.europesays.com\/fr\/wp-json\/wp\/v2\/comments?post=670324"}],"version-history":[{"count":0,"href":"https:\/\/www.europesays.com\/fr\/wp-json\/wp\/v2\/posts\/670324\/revisions"}],"wp:featuredmedia":[{"embeddable":true,"href":"https:\/\/www.europesays.com\/fr\/wp-json\/wp\/v2\/media\/670325"}],"wp:attachment":[{"href":"https:\/\/www.europesays.com\/fr\/wp-json\/wp\/v2\/media?parent=670324"}],"wp:term":[{"taxonomy":"category","embeddable":true,"href":"https:\/\/www.europesays.com\/fr\/wp-json\/wp\/v2\/categories?post=670324"},{"taxonomy":"post_tag","embeddable":true,"href":"https:\/\/www.europesays.com\/fr\/wp-json\/wp\/v2\/tags?post=670324"}],"curies":[{"name":"wp","href":"https:\/\/api.w.org\/{rel}","templated":true}]}}