{"id":670332,"date":"2026-01-17T16:05:29","date_gmt":"2026-01-17T16:05:29","guid":{"rendered":"https:\/\/www.europesays.com\/fr\/670332\/"},"modified":"2026-01-17T16:05:29","modified_gmt":"2026-01-17T16:05:29","slug":"le-mercosur-est-une-catastrophe-la-confederation-paysanne-du-lot-organise-la-diffusion-dun-documentaire-sur-la-production-de-soja","status":"publish","type":"post","link":"https:\/\/www.europesays.com\/fr\/670332\/","title":{"rendered":"\u00ab\u00a0Le Mercosur est une catastrophe\u00a0\u00bb\u00a0: la Conf\u00e9d\u00e9ration paysanne du Lot organise la diffusion d\u2019un documentaire sur la production de soja"},"content":{"rendered":"<p>\n                                                                    l&rsquo;essentiel<br \/>\n                                                                La Conf\u00e9d\u00e9ration paysanne du Lot organise, au cin\u00e9ma l\u2019Atelier, \u00e0 Gramat, la projection d\u2019un documentaire intitul\u00e9 \u00ab\u00a0De la guerre froide \u00e0 la guerre verte\u00a0\u00bb, de la r\u00e9alisatrice italo-paraguayenne Anna Recalde Miranda. Elle aura lieu le 26\u00a0janvier \u00e0 20\u00a0h\u00a030. Un film qui, selon le syndicat, prend tout son sens et doit \u00eatre li\u00e9 aux accords du Mercosur.\n                            <\/p>\n<p>Le Mercosur est au c\u0153ur de l\u2019actualit\u00e9. \u00c0 Gramat, la Conf\u00e9d\u00e9ration paysanne du Lot, avec l\u2019association Vigilance OGM 46, pr\u00e9pare une autre forme de mobilisation autour de ces accords de libre-\u00e9change entre les pays de l\u2019Union europ\u00e9enne et plusieurs pays d\u2019Am\u00e9rique du Sud. Au cin\u00e9ma l\u2019Atelier, ils organisent la diffusion d\u2019un documentaire intitul\u00e9 \u00ab\u00a0De la guerre froide \u00e0 la guerre verte\u00a0\u00bb, de la r\u00e9alisatrice italo-paraguayenne, Anna Recalde Miranda. Elle aura lieu le 26\u00a0janvier, \u00e0 20\u00a0h\u00a030.<\/p>\n<p>Ce film retrace l\u2019histoire de la fronti\u00e8re entre le Paraguay et le Br\u00e9sil, devenue un \u00ab\u00a0d\u00e9sert vert\u00a0\u00bb et le lieu d\u2019origine de la \u00ab\u00a0R\u00e9publique du soja\u00a0\u00bb, depuis les ann\u00e9es 1960, o\u00f9 le Paraguay \u00e9tait sous le r\u00e9gime d\u2019une dictature jusqu\u2019\u00e0 ce jour. Dans le dossier de pr\u00e9sentation du film, ce lieu est d\u00e9crit comme un territoire au statut quasi \u00ab\u00a0ind\u00e9pendant\u00a0\u00bb. \u00ab\u00a0Ici tout est possible, planter des semences interdites, arroser les terres, et leurs habitants avec des produits agrochimiques depuis les airs \u00e0 l\u2019aide d\u2019avions \u00e0 moteurs jumel\u00e9s\u00a0\u00bb, mentionne le dossier.<\/p>\n<p>        <img decoding=\"async\" class=\"std-img__img responsive-img\" src=\"https:\/\/www.europesays.com\/fr\/wp-content\/uploads\/2026\/01\/1768665929_541_image.jpg\" alt=\"Trois membres de la Conf\u00e9d\u00e9ration paysanne du Lot, lors d\u2019une mobilisation, en d\u00e9cembre dernier.\"\/><\/p>\n<p>                Trois membres de la Conf\u00e9d\u00e9ration paysanne du Lot, lors d\u2019une mobilisation, en d\u00e9cembre dernier.<br \/>\n                                    DDM &#8211; Selim Bi Hi-Samin<\/p>\n<p>\u00a0<\/p>\n<p class=\"std-elt__inline\">\n        <strong>\u00c0 lire aussi :<\/strong><br \/>\n        <a href=\"https:\/\/www.ladepeche.fr\/2025\/12\/22\/mercosur-le-depute-du-lot-aurelien-pradie-reclame-un-referendum-13126423.php\" target=\"_blank\" rel=\"noopener\">Mercosur\u00a0: le d\u00e9put\u00e9 du Lot Aur\u00e9lien Pradi\u00e9 r\u00e9clame un r\u00e9f\u00e9rendum<\/a>\n    <\/p>\n<p>Tout cela d\u00e9coulerait, selon le documentaire, de l\u2019\u00a0\u00bbop\u00e9ration Condor\u00a0\u00bb. Op\u00e9ration men\u00e9e par les anciennes dictatures d\u2019Argentine, de Bolivie, du Br\u00e9sil, du Chili, du Paraguay et de l\u2019Uruguay o\u00f9 des milliers de personnes consid\u00e9r\u00e9es comme \u00ab\u00a0subversives\u00a0\u00bb ont perdu la vie.<\/p>\n<p class=\"std-elt__inline\">\n        <strong>\u00c0 lire aussi :<\/strong><br \/>\n        <a href=\"https:\/\/www.ladepeche.fr\/2026\/01\/07\/on-ne-peut-pas-rivaliser-pourquoi-les-eleveurs-bovins-craignent-autant-laccord-ue-mercosur-13146772.php\" target=\"_blank\" rel=\"noopener\">\u00ab\u00a0On ne peut pas rivaliser\u00a0\u00bb\u00a0: pourquoi les \u00e9leveurs bovins craignent autant l\u2019accord UE-Mercosur<\/a>\n    <\/p>\n<p>\u00ab\u00a0Les produits import\u00e9s du d\u00e9sert vert posent question\u00a0\u00bb<\/p>\n<p>Mais quel lien avec le Mercosur\u00a0? Alexis Esteulle, porte-parole de la Conf\u00e9d\u00e9ration paysanne 46, en charge de l\u2019organisation de l\u2019\u00e9v\u00e9nement explique\u00a0: \u00ab\u00a0C\u2019est un documentaire qui raconte le coup d\u2019\u00c9tat et l\u2019imp\u00e9rialisme am\u00e9ricain avec une exp\u00e9rimentation de politique n\u00e9olib\u00e9rale dans le c\u00f4ne sud par les \u00c9tats-Unis. On peut faire un lien autour du libre-\u00e9change. C\u2019est une m\u00e9thode agricole qu\u2019on voit avec le Mercosur et que, nous, on conteste\u00a0\u00bb.<\/p>\n<p class=\"std-elt__inline\">\n        <strong>\u00c0 lire aussi :<\/strong><br \/>\n        <a href=\"https:\/\/www.ladepeche.fr\/2025\/12\/19\/dermatose-nodulaire-le-mercosur-est-une-catastrophe-sans-rebellion-ca-se-passera-mal-reactions-des-politiques-venus-soutenir-les-agriculteurs-13120921.php\" target=\"_blank\" rel=\"noopener\">Dermatose nodulaire\u00a0: \u00ab\u00a0Le Mercosur est une catastrophe, sans r\u00e9bellion, \u00e7a se passera mal\u00a0\u00bb, r\u00e9actions des politiques venus soutenir les agriculteurs<\/a>\n    <\/p>\n<p>L\u2019\u00e9leveur de ch\u00e8vres \u00e0 Issepts est cat\u00e9gorique\u00a0: il ne veut pas voir des produits import\u00e9s de cette r\u00e9gion. \u00ab\u00a0Les produits import\u00e9s du d\u00e9sert vert posent question d\u2019un point de vue \u00e9cologique. Et d\u2019un point de vue social aussi, avec des paysans qui ont des conditions de travail et un salaire mis\u00e9reux. Ils sont pay\u00e9s 1\u00a0euro de l\u2019heure\u00a0\u00bb, appuie-t-il.<\/p>\n<p class=\"std-elt__inline\">\n        <strong>\u00c0 lire aussi :<\/strong><br \/>\n        <a href=\"https:\/\/www.ladepeche.fr\/2025\/12\/19\/colere-des-agriculteurs-il-faut-que-le-gouvernement-embraye-sur-larret-du-mercosur-et-la-relocalisation-des-filieres-13121035.php\" target=\"_blank\" rel=\"noopener\">Col\u00e8re des agriculteurs\u00a0: \u00a0\u00bb Il faut que le gouvernement embraye sur l\u2019arr\u00eat du Mercosur et la relocalisation des fili\u00e8res\u00a0\u00bb<\/a>\n    <\/p>\n<p>Alors quand la r\u00e9alisatrice a contact\u00e9 le syndicat, au niveau national, pour organiser plusieurs projections, ils n\u2019ont pas h\u00e9sit\u00e9. \u00ab\u00a0Le Mercosur est une catastrophe autant pour les pays ici que les pays l\u00e0-bas. C\u2019est la suite logique de ce terrain d\u2019exp\u00e9rimentation \u00e0 cause des dictatures des ann\u00e9es 1970 pouss\u00e9es par les politiques \u00e9tats-uniennes. On va en d\u00e9battre\u00a0\u00bb, souligne le porte-parole. Apr\u00e8s la diffusion du documentaire, un d\u00e9bat, en pr\u00e9sence de la r\u00e9alisatrice, sera organis\u00e9 autour de la projection mais \u00e9galement autour des accords du Mercosur.<\/p>\n","protected":false},"excerpt":{"rendered":"l&rsquo;essentiel La Conf\u00e9d\u00e9ration paysanne du Lot organise, au cin\u00e9ma l\u2019Atelier, \u00e0 Gramat, la projection d\u2019un documentaire intitul\u00e9 \u00ab\u00a0De&hellip;\n","protected":false},"author":2,"featured_media":670333,"comment_status":"","ping_status":"","sticky":false,"template":"","format":"standard","meta":{"footnotes":""},"categories":[1354],"tags":[7196,872,58,59,1346,1011,27,72730,20064,1360],"class_list":{"0":"post-670332","1":"post","2":"type-post","3":"status-publish","4":"format-standard","5":"has-post-thumbnail","7":"category-films","8":"tag-cinu00e9ma","9":"tag-culture-et-loisirs","10":"tag-divertissement","11":"tag-entertainment","12":"tag-films","13":"tag-fr","14":"tag-france","15":"tag-gramat","16":"tag-lot","17":"tag-movies"},"share_on_mastodon":{"url":"https:\/\/pubeurope.com\/@fr\/115911296619863970","error":""},"_links":{"self":[{"href":"https:\/\/www.europesays.com\/fr\/wp-json\/wp\/v2\/posts\/670332","targetHints":{"allow":["GET"]}}],"collection":[{"href":"https:\/\/www.europesays.com\/fr\/wp-json\/wp\/v2\/posts"}],"about":[{"href":"https:\/\/www.europesays.com\/fr\/wp-json\/wp\/v2\/types\/post"}],"author":[{"embeddable":true,"href":"https:\/\/www.europesays.com\/fr\/wp-json\/wp\/v2\/users\/2"}],"replies":[{"embeddable":true,"href":"https:\/\/www.europesays.com\/fr\/wp-json\/wp\/v2\/comments?post=670332"}],"version-history":[{"count":0,"href":"https:\/\/www.europesays.com\/fr\/wp-json\/wp\/v2\/posts\/670332\/revisions"}],"wp:featuredmedia":[{"embeddable":true,"href":"https:\/\/www.europesays.com\/fr\/wp-json\/wp\/v2\/media\/670333"}],"wp:attachment":[{"href":"https:\/\/www.europesays.com\/fr\/wp-json\/wp\/v2\/media?parent=670332"}],"wp:term":[{"taxonomy":"category","embeddable":true,"href":"https:\/\/www.europesays.com\/fr\/wp-json\/wp\/v2\/categories?post=670332"},{"taxonomy":"post_tag","embeddable":true,"href":"https:\/\/www.europesays.com\/fr\/wp-json\/wp\/v2\/tags?post=670332"}],"curies":[{"name":"wp","href":"https:\/\/api.w.org\/{rel}","templated":true}]}}