{"id":670344,"date":"2026-01-17T16:11:11","date_gmt":"2026-01-17T16:11:11","guid":{"rendered":"https:\/\/www.europesays.com\/fr\/670344\/"},"modified":"2026-01-17T16:11:11","modified_gmt":"2026-01-17T16:11:11","slug":"le-guide-supreme-iranien-accuse-donald-trump-detre-coupable-des-victimes","status":"publish","type":"post","link":"https:\/\/www.europesays.com\/fr\/670344\/","title":{"rendered":"Le guide supr\u00eame iranien accuse Donald Trump d\u2019\u00eatre \u00ab\u00a0coupable des victimes\u00a0\u00bb"},"content":{"rendered":"<p>Le guide supr\u00eame iranien, <a href=\"https:\/\/www.20minutes.fr\/monde\/russie\/4194573-20260106-iran-comme-bachar-al-assad-ayatollah-khamenei-plan-fuir-moscou\" class=\"c-link c-link--is-underlined\" target=\"_blank\" rel=\"noopener\">l\u2019ayatollah Ali Khamenei<\/a>, a estim\u00e9 samedi que les autorit\u00e9s devaient \u00ab\u00a0briser le dos des s\u00e9ditieux\u00a0\u00bb, imputant les \u00ab\u00a0victimes\u00a0\u00bb au pr\u00e9sident am\u00e9ricain <a href=\"https:\/\/www.20minutes.fr\/dossier\/donald_trump\" class=\"c-link c-link--is-underlined\" target=\"_blank\" rel=\"noopener\">Donald Trump<\/a>. Une d\u00e9claration qui fait suite \u00e0 une vague de manifestations contre le pouvoir qui a fait des milliers de morts.<\/p>\n<p>\u00ab\u00a0Nous n\u2019avons pas l\u2019intention de <a href=\"https:\/\/www.20minutes.fr\/monde\/4196560-20260117-iraniens-racontent-repression-manifestations-cauchemar\" class=\"c-link c-link--is-underlined\" target=\"_blank\" rel=\"noopener\">mener le pays \u00e0 la guerre<\/a>, mais nous n\u2019\u00e9pargnerons pas les criminels nationaux [\u2026] pires encore que les criminels nationaux, les criminels internationaux, nous ne les \u00e9pargnerons pas non plus\u00a0\u00bb, a-t-il d\u00e9clar\u00e9 \u00e0 ses partisans \u00e0 l\u2019occasion d\u2019une f\u00eate religieuse. \u00ab\u00a0Par la gr\u00e2ce de Dieu, la nation iranienne doit briser le dos des s\u00e9ditieux, tout comme elle a bris\u00e9 le dos de la s\u00e9dition\u00a0\u00bb, a-t-il ajout\u00e9.<\/p>\n<\/p>\n<p>\u00ab\u00a0Complot am\u00e9ricain\u00a0\u00bb<\/p>\n<p>D\u00e9clench\u00e9es le 28\u00a0d\u00e9cembre \u00e0 T\u00e9h\u00e9ran par des commer\u00e7ants contre le co\u00fbt de la vie, les manifestations ont v\u00e9ritablement pris de l\u2019ampleur le 8\u00a0janvier, d\u00e9fiant ouvertement la R\u00e9publique islamique mise en place en\u00a01979. Les autorit\u00e9s ont alors <a href=\"https:\/\/www.20minutes.fr\/monde\/4196547-20260117-manifestations-iran-ong-netblocks-constate-tres-legere-reprise-internet\" class=\"c-link c-link--is-underlined\" target=\"_blank\" rel=\"noopener\">coup\u00e9 Internet<\/a>, une d\u00e9cision visant \u00e0 cacher \u00ab\u00a0la brutalit\u00e9\u00a0\u00bb de la r\u00e9pression, selon des groupes de d\u00e9fense des droits humains.<\/p>\n<p><a href=\"https:\/\/www.20minutes.fr\/monde\/iran\/\" class=\"c-link c-btn c-btn--primary\" target=\"_blank\" rel=\"noopener\">Suivre les derni\u00e8res actualit\u00e9s en Iran<\/a><\/p>\n<p>Le guide supr\u00eame iranien a accus\u00e9 le pr\u00e9sident am\u00e9ricain Donald Trump d\u2019\u00eatre \u00ab\u00a0coupable des victimes\u00a0\u00bb survenues lors des r\u00e9centes manifestations. \u00ab\u00a0Nous tenons le pr\u00e9sident am\u00e9ricain pour coupable des victimes, des d\u00e9g\u00e2ts et des accusations qu\u2019il a port\u00e9es contre la nation iranienne\u00a0\u00bb, a-t-il d\u00e9clar\u00e9 au cours de son discours. \u00ab\u00a0C\u2019\u00e9tait un complot am\u00e9ricain\u00a0\u00bb, a-t-il affirm\u00e9, ajoutant que \u00ab\u00a0l\u2019objectif des <a href=\"https:\/\/www.20minutes.fr\/monde\/etats-unis\/\" class=\"c-link c-link--is-underlined\" target=\"_blank\" rel=\"noopener\">Etats-Unis<\/a> est d\u2019avaler l\u2019Iran [\u2026] l\u2019objectif est de replacer <a href=\"https:\/\/www.20minutes.fr\/monde\/iran\/\" class=\"c-link c-link--is-underlined\" target=\"_blank\" rel=\"noopener\">l\u2019Iran<\/a> sous domination militaire, politique et \u00e9conomique\u00a0\u00bb.<\/p>\n","protected":false},"excerpt":{"rendered":"Le guide supr\u00eame iranien, l\u2019ayatollah Ali Khamenei, a estim\u00e9 samedi que les autorit\u00e9s devaient \u00ab\u00a0briser le dos des&hellip;\n","protected":false},"author":2,"featured_media":670345,"comment_status":"","ping_status":"","sticky":false,"template":"","format":"standard","meta":{"footnotes":""},"categories":[5],"tags":[47,11,75,73,1011,27,14,3019,74,12,28],"class_list":{"0":"post-670344","1":"post","2":"type-post","3":"status-publish","4":"format-standard","5":"has-post-thumbnail","7":"category-international","8":"tag-actualite","9":"tag-actualites","10":"tag-donald-trump","11":"tag-etats-unis","12":"tag-fr","13":"tag-france","14":"tag-international","15":"tag-iran","16":"tag-monde","17":"tag-news","18":"tag-world"},"share_on_mastodon":{"url":"https:\/\/pubeurope.com\/@fr\/115911320135495901","error":""},"_links":{"self":[{"href":"https:\/\/www.europesays.com\/fr\/wp-json\/wp\/v2\/posts\/670344","targetHints":{"allow":["GET"]}}],"collection":[{"href":"https:\/\/www.europesays.com\/fr\/wp-json\/wp\/v2\/posts"}],"about":[{"href":"https:\/\/www.europesays.com\/fr\/wp-json\/wp\/v2\/types\/post"}],"author":[{"embeddable":true,"href":"https:\/\/www.europesays.com\/fr\/wp-json\/wp\/v2\/users\/2"}],"replies":[{"embeddable":true,"href":"https:\/\/www.europesays.com\/fr\/wp-json\/wp\/v2\/comments?post=670344"}],"version-history":[{"count":0,"href":"https:\/\/www.europesays.com\/fr\/wp-json\/wp\/v2\/posts\/670344\/revisions"}],"wp:featuredmedia":[{"embeddable":true,"href":"https:\/\/www.europesays.com\/fr\/wp-json\/wp\/v2\/media\/670345"}],"wp:attachment":[{"href":"https:\/\/www.europesays.com\/fr\/wp-json\/wp\/v2\/media?parent=670344"}],"wp:term":[{"taxonomy":"category","embeddable":true,"href":"https:\/\/www.europesays.com\/fr\/wp-json\/wp\/v2\/categories?post=670344"},{"taxonomy":"post_tag","embeddable":true,"href":"https:\/\/www.europesays.com\/fr\/wp-json\/wp\/v2\/tags?post=670344"}],"curies":[{"name":"wp","href":"https:\/\/api.w.org\/{rel}","templated":true}]}}