{"id":670359,"date":"2026-01-17T16:21:18","date_gmt":"2026-01-17T16:21:18","guid":{"rendered":"https:\/\/www.europesays.com\/fr\/670359\/"},"modified":"2026-01-17T16:21:18","modified_gmt":"2026-01-17T16:21:18","slug":"la-date-de-linauguration-du-magasin-sostrene-grene-est-tombee","status":"publish","type":"post","link":"https:\/\/www.europesays.com\/fr\/670359\/","title":{"rendered":"la date de l\u2019inauguration du magasin S\u00f8strene Grene est tomb\u00e9e"},"content":{"rendered":"<p class=\"p2\"><strong>Un magasin o\u00f9 on fl\u00e2ne !<\/strong> Pas de parcours droit, pas de rayons align\u00e9s fa\u00e7on supermarch\u00e9. S\u00f8strene Grene a pens\u00e9 son espace comme une balade. On entre, on tourne, on ralentit. <b>Bois clair, lumi\u00e8res douces, musique classique en fond, odeur de bois et de papier neuf<\/b> : tout est fait pour d\u00e9crocher un peu.<\/p>\n<p class=\"p3\">Sur les \u00e9tag\u00e8res, <b>des objets du quotidien \u00e0 petits prix : d\u00e9co, vaisselle, bougies, papeterie, loisirs cr\u00e9atifs, petits meubles, accessoires pour la maison<\/b>. Rien de tape-\u00e0-l\u2019\u0153il, mais plein de \u201cpetits trucs\u201d qu\u2019on n\u2019avait pas pr\u00e9vus d\u2019acheter et qu\u2019on finit par glisser dans son panier. Alors on craque\u2026 \u00e9videment.<\/p>\n<p>Le Capouli\u00e9 rallume la vitrine<\/p>\n<p class=\"p2\">Derri\u00e8re sa fa\u00e7ade mythique, baign\u00e9e de lumi\u00e8re le jour de la remise des cl\u00e9s, le Capouli\u00e9 a longtemps \u00e9t\u00e9 vide. <b>Dix ans sans clients, sans sacs, sans vitrines vivantes.<\/b> Aujourd\u2019hui, l\u2019int\u00e9rieur est encore brut, presque spectaculaire dans son d\u00e9pouillement, mais plus pour longtemps.<\/p>\n<p class=\"p2\"><b>Avec pr\u00e8s de 400 m\u00b2 de surface de vente, S\u00f8strene Grene signe ici l\u2019une de ses plus grandes boutiques fran\u00e7aises. <\/b>Un pari assum\u00e9, \u00e0 deux pas de la gare et de la Com\u00e9die, sur cette rue Maguelone que beaucoup r\u00eavent de voir se r\u00e9veiller. Commer\u00e7ants, passants, curieux : tout le monde attend d\u00e9sormais le m\u00eame moment. <b>Le 6 f\u00e9vrier \u00e0 9h59, les portes s\u2019ouvriront.<\/b> Et la rue saura tr\u00e8s vite si la magie op\u00e8re.<\/p>\n<blockquote class=\"instagram-media\" style=\"background: #FFF; border: 0; border-radius: 3px; box-shadow: 0 0 1px 0 rgba(0,0,0,0.5),0 1px 10px 0 rgba(0,0,0,0.15); margin: 1px; max-width: 540px; min-width: 326px; padding: 0; width: calc(100% - 2px);\" data-instgrm-captioned=\"\" data-instgrm-permalink=\"https:\/\/www.instagram.com\/p\/DTmdf-PjSXY\/?utm_source=ig_embed&amp;utm_campaign=loading\" data-instgrm-version=\"14\">\n<\/blockquote>\n<p>\t\t\t\t\t\t\t\t\t\t\t\t\t\t\t<script async src=\"\/\/www.instagram.com\/embed.js\"><\/script><\/p>\n","protected":false},"excerpt":{"rendered":"Un magasin o\u00f9 on fl\u00e2ne ! Pas de parcours droit, pas de rayons align\u00e9s fa\u00e7on supermarch\u00e9. S\u00f8strene Grene&hellip;\n","protected":false},"author":2,"featured_media":670360,"comment_status":"","ping_status":"","sticky":false,"template":"","format":"standard","meta":{"footnotes":""},"categories":[9599],"tags":[1111,11,1777,674,1011,27,2208,12,2680,25],"class_list":{"0":"post-670359","1":"post","2":"type-post","3":"status-publish","4":"format-standard","5":"has-post-thumbnail","7":"category-montpellier","8":"tag-actu","9":"tag-actualites","10":"tag-eu","11":"tag-europe","12":"tag-fr","13":"tag-france","14":"tag-montpellier","15":"tag-news","16":"tag-occitanie","17":"tag-republique-francaise"},"share_on_mastodon":{"url":"https:\/\/pubeurope.com\/@fr\/115911359421355913","error":""},"_links":{"self":[{"href":"https:\/\/www.europesays.com\/fr\/wp-json\/wp\/v2\/posts\/670359","targetHints":{"allow":["GET"]}}],"collection":[{"href":"https:\/\/www.europesays.com\/fr\/wp-json\/wp\/v2\/posts"}],"about":[{"href":"https:\/\/www.europesays.com\/fr\/wp-json\/wp\/v2\/types\/post"}],"author":[{"embeddable":true,"href":"https:\/\/www.europesays.com\/fr\/wp-json\/wp\/v2\/users\/2"}],"replies":[{"embeddable":true,"href":"https:\/\/www.europesays.com\/fr\/wp-json\/wp\/v2\/comments?post=670359"}],"version-history":[{"count":0,"href":"https:\/\/www.europesays.com\/fr\/wp-json\/wp\/v2\/posts\/670359\/revisions"}],"wp:featuredmedia":[{"embeddable":true,"href":"https:\/\/www.europesays.com\/fr\/wp-json\/wp\/v2\/media\/670360"}],"wp:attachment":[{"href":"https:\/\/www.europesays.com\/fr\/wp-json\/wp\/v2\/media?parent=670359"}],"wp:term":[{"taxonomy":"category","embeddable":true,"href":"https:\/\/www.europesays.com\/fr\/wp-json\/wp\/v2\/categories?post=670359"},{"taxonomy":"post_tag","embeddable":true,"href":"https:\/\/www.europesays.com\/fr\/wp-json\/wp\/v2\/tags?post=670359"}],"curies":[{"name":"wp","href":"https:\/\/api.w.org\/{rel}","templated":true}]}}