{"id":670361,"date":"2026-01-17T16:22:14","date_gmt":"2026-01-17T16:22:14","guid":{"rendered":"https:\/\/www.europesays.com\/fr\/670361\/"},"modified":"2026-01-17T16:22:14","modified_gmt":"2026-01-17T16:22:14","slug":"en-direct-football-le-dfco-malmene-a-montpellier","status":"publish","type":"post","link":"https:\/\/www.europesays.com\/fr\/670361\/","title":{"rendered":"En direct Football. Le DFCO\u00a0malmen\u00e9 \u00e0 Montpellier"},"content":{"rendered":"<p>&#13;<br \/>\n                                                    En direct&#13;<br \/>\n                        &#13;\n                                            <\/p>\n<p>Trois jours apr\u00e8s sa d\u00e9faite contre le PSG (0-4), le DFCO se d\u00e9place sur la pelouse de Montpellier, d\u00e9sormais lanterne rouge du classement. Coup d&rsquo;envoi \u00e0 17 heures.<\/p>\n<p>&#13;<br \/>\n              Louis Quesnot &#8211; &#13;<br \/>\n        &#13;<br \/>\n          Aujourd&rsquo;hui \u00e0 16:30&#13;<br \/>\n    &#13;<br \/>\n                  | mis \u00e0 jour aujourd&rsquo;hui \u00e0 17:20&#13;<br \/>\n              &#8211; Temps de lecture : &#13;<br \/>\n  &#13;\n<\/p>\n<p>                        &#13;<br \/>\n    &#13;<br \/>\n    &#13;<br \/>\n    <a href=\"https:\/\/cdn-s-www.bienpublic.com\/images\/2C93A4C9-E092-4BB5-9518-4BB6B2667BAF\/NW_raw\/photo-archives-bertrand-brissaire-1768574271.jpg\" title=\"Photo archives Bertrand Brissaire\" class=\"chocolat-image GA-tracking\" data-ga_type=\"click\" data-ga_category=\"D\u00e9tail\" data-ga_action=\"zoomer\" data-ga_label=\"aggrandir image\" target=\"_blank\" rel=\"noopener\">&#13;<br \/>\n        <img src=\"https:\/\/www.europesays.com\/fr\/wp-content\/uploads\/2026\/01\/photo-archives-bertrand-brissaire-1768574271.jpg\"   alt=\"Photo archives Bertrand Brissaire\" fetchpriority=\"high\" decoding=\"async\" data-mobile=\"NW_detail_M|1768574271\" data-base=\"NW_detail|1768574271\"\/>&#13;<br \/>\n    <\/a>&#13;<\/p>\n<p>Photo archives Bertrand Brissaire<\/p>\n","protected":false},"excerpt":{"rendered":"&#13; En direct&#13; &#13; Trois jours apr\u00e8s sa d\u00e9faite contre le PSG (0-4), le DFCO se d\u00e9place sur&hellip;\n","protected":false},"author":2,"featured_media":670362,"comment_status":"","ping_status":"","sticky":false,"template":"","format":"standard","meta":{"footnotes":""},"categories":[9599],"tags":[1111,11,2931,13715,2930,1777,674,107,63,1011,27,2208,12,2680,25,517],"class_list":{"0":"post-670361","1":"post","2":"type-post","3":"status-publish","4":"format-standard","5":"has-post-thumbnail","7":"category-montpellier","8":"tag-actu","9":"tag-actualites","10":"tag-cote-dor","11":"tag-dfco-feminin-dijon-football-cote-dor-feminin","12":"tag-dijon","13":"tag-eu","14":"tag-europe","15":"tag-fil-info","16":"tag-football","17":"tag-fr","18":"tag-france","19":"tag-montpellier","20":"tag-news","21":"tag-occitanie","22":"tag-republique-francaise","23":"tag-sport"},"share_on_mastodon":{"url":"https:\/\/pubeurope.com\/@fr\/115911363438542307","error":""},"_links":{"self":[{"href":"https:\/\/www.europesays.com\/fr\/wp-json\/wp\/v2\/posts\/670361","targetHints":{"allow":["GET"]}}],"collection":[{"href":"https:\/\/www.europesays.com\/fr\/wp-json\/wp\/v2\/posts"}],"about":[{"href":"https:\/\/www.europesays.com\/fr\/wp-json\/wp\/v2\/types\/post"}],"author":[{"embeddable":true,"href":"https:\/\/www.europesays.com\/fr\/wp-json\/wp\/v2\/users\/2"}],"replies":[{"embeddable":true,"href":"https:\/\/www.europesays.com\/fr\/wp-json\/wp\/v2\/comments?post=670361"}],"version-history":[{"count":0,"href":"https:\/\/www.europesays.com\/fr\/wp-json\/wp\/v2\/posts\/670361\/revisions"}],"wp:featuredmedia":[{"embeddable":true,"href":"https:\/\/www.europesays.com\/fr\/wp-json\/wp\/v2\/media\/670362"}],"wp:attachment":[{"href":"https:\/\/www.europesays.com\/fr\/wp-json\/wp\/v2\/media?parent=670361"}],"wp:term":[{"taxonomy":"category","embeddable":true,"href":"https:\/\/www.europesays.com\/fr\/wp-json\/wp\/v2\/categories?post=670361"},{"taxonomy":"post_tag","embeddable":true,"href":"https:\/\/www.europesays.com\/fr\/wp-json\/wp\/v2\/tags?post=670361"}],"curies":[{"name":"wp","href":"https:\/\/api.w.org\/{rel}","templated":true}]}}