{"id":670365,"date":"2026-01-17T16:24:11","date_gmt":"2026-01-17T16:24:11","guid":{"rendered":"https:\/\/www.europesays.com\/fr\/670365\/"},"modified":"2026-01-17T16:24:11","modified_gmt":"2026-01-17T16:24:11","slug":"les-hosties-ont-ete-volees","status":"publish","type":"post","link":"https:\/\/www.europesays.com\/fr\/670365\/","title":{"rendered":"les hosties ont \u00e9t\u00e9 vol\u00e9es\u00a0"},"content":{"rendered":"<p melodystyle=\"texte\">Le dioc\u00e8se de Rouen a relay\u00e9 cette nouvelle dans un communiqu\u00e9 ce samedi 17 janvier. \u00ab\u00a0Vendredi 16 janvier, l&rsquo;<a href=\"https:\/\/www.tendanceouest.com\/actualite-424367-rouen-arme-d-un-couteau-il-profane-l-eglise-saint-sever\" target=\"_blank\" rel=\"noopener\">\u00e9glise Saint-Sever de Rouen<\/a> a \u00e9t\u00e9 victime d&rsquo;une tr\u00e8s grave profanation : les hosties consacr\u00e9es ont \u00e9t\u00e9 vol\u00e9es dans le tabernacle de la chapelle du Saint Sacrement\u00a0\u00bb, apprend-on.<\/p>\n<p>L&rsquo;archev\u00eaque et le cur\u00e9 meurtris<\/p>\n<p melodystyle=\"texte\">\u00ab\u00a0L&rsquo;auteur de ce sacril\u00e8ge a viol\u00e9 ce qu&rsquo;il y a de plus saint pour les catholiques. L&rsquo;archev\u00eaque de Rouen et le cur\u00e9 ainsi que les paroissiens sont meurtris par cet acte\u00a0\u00bb, poursuit le dioc\u00e8se rouennais. Ce dernier exprime sa \u00ab\u00a0profonde tristesse, devant ce qui porte atteinte au sacrement qui r\u00e9unit les fid\u00e8les chaque dimanche\u00a0\u00bb. Les autorit\u00e9s comp\u00e9tentes ont \u00e9t\u00e9 inform\u00e9es et une plainte a \u00e9t\u00e9 d\u00e9pos\u00e9e.<\/p>\n<p melodystyle=\"texte\">Un acte de r\u00e9paration sera accompli avant l&rsquo;office dominical, ce samedi 17 janvier \u00e0 18h.<\/p>\n","protected":false},"excerpt":{"rendered":"Le dioc\u00e8se de Rouen a relay\u00e9 cette nouvelle dans un communiqu\u00e9 ce samedi 17 janvier. \u00ab\u00a0Vendredi 16 janvier,&hellip;\n","protected":false},"author":2,"featured_media":670366,"comment_status":"","ping_status":"","sticky":false,"template":"","format":"standard","meta":{"footnotes":""},"categories":[9587],"tags":[1111,11,1777,674,1011,27,12,5161,25,9590],"class_list":{"0":"post-670365","1":"post","2":"type-post","3":"status-publish","4":"format-standard","5":"has-post-thumbnail","7":"category-rouen","8":"tag-actu","9":"tag-actualites","10":"tag-eu","11":"tag-europe","12":"tag-fr","13":"tag-france","14":"tag-news","15":"tag-normandie","16":"tag-republique-francaise","17":"tag-rouen"},"share_on_mastodon":{"url":"https:\/\/pubeurope.com\/@fr\/115911371308019019","error":""},"_links":{"self":[{"href":"https:\/\/www.europesays.com\/fr\/wp-json\/wp\/v2\/posts\/670365","targetHints":{"allow":["GET"]}}],"collection":[{"href":"https:\/\/www.europesays.com\/fr\/wp-json\/wp\/v2\/posts"}],"about":[{"href":"https:\/\/www.europesays.com\/fr\/wp-json\/wp\/v2\/types\/post"}],"author":[{"embeddable":true,"href":"https:\/\/www.europesays.com\/fr\/wp-json\/wp\/v2\/users\/2"}],"replies":[{"embeddable":true,"href":"https:\/\/www.europesays.com\/fr\/wp-json\/wp\/v2\/comments?post=670365"}],"version-history":[{"count":0,"href":"https:\/\/www.europesays.com\/fr\/wp-json\/wp\/v2\/posts\/670365\/revisions"}],"wp:featuredmedia":[{"embeddable":true,"href":"https:\/\/www.europesays.com\/fr\/wp-json\/wp\/v2\/media\/670366"}],"wp:attachment":[{"href":"https:\/\/www.europesays.com\/fr\/wp-json\/wp\/v2\/media?parent=670365"}],"wp:term":[{"taxonomy":"category","embeddable":true,"href":"https:\/\/www.europesays.com\/fr\/wp-json\/wp\/v2\/categories?post=670365"},{"taxonomy":"post_tag","embeddable":true,"href":"https:\/\/www.europesays.com\/fr\/wp-json\/wp\/v2\/tags?post=670365"}],"curies":[{"name":"wp","href":"https:\/\/api.w.org\/{rel}","templated":true}]}}