{"id":670371,"date":"2026-01-17T16:27:09","date_gmt":"2026-01-17T16:27:09","guid":{"rendered":"https:\/\/www.europesays.com\/fr\/670371\/"},"modified":"2026-01-17T16:27:09","modified_gmt":"2026-01-17T16:27:09","slug":"a-rennes-nouvelle-evacuation-des-exiles-par-les-forces-de-lordre","status":"publish","type":"post","link":"https:\/\/www.europesays.com\/fr\/670371\/","title":{"rendered":"\u00e0 Rennes, nouvelle \u00e9vacuation des exil\u00e9s par les forces de l&rsquo;ordre"},"content":{"rendered":"<p>                    Par<br \/>\n        <strong><br \/>\n            <a href=\"https:\/\/actu.fr\/auteur\/laurene-fertin\" title=\"Consulter tous les articles de Laur\u00e8ne Fertin\" target=\"_blank\" rel=\"noopener\">Laur\u00e8ne Fertin<\/a><br \/>\n                    <\/strong><\/p>\n<p>        Publi\u00e9 le<\/p>\n<p>            17 janv. 2026 \u00e0 15h40        <\/p>\n<p>Apr\u00e8s <a href=\"https:\/\/actu.fr\/bretagne\/rennes_35238\/migrants-a-rennes-evacuation-en-cours-du-batiment-du-departement-d-ille-et-vilaine-occupe-par-140-personnes_63527789.html\" target=\"_blank\" rel=\"noopener\">l\u2019\u00e9vacuation de l\u2019espace social commun Simone-Iff<\/a> jeudi 4\u00a0d\u00e9cembre 2025, les forces de l\u2019ordre ont proc\u00e9d\u00e9, vendredi 16\u00a0janvier 2026, \u00e0 une <strong>nouvelle expulsion<\/strong> des personnes exil\u00e9es qui y avaient trouv\u00e9 refuge.<\/p>\n<p class=\" wall-content\">Au total, <strong>45 personnes,<\/strong> dont cinq familles, 13 enfants de 3 \u00e0 14 ans, une dizaine de mineurs isol\u00e9s, une femme enceinte, selon Utopia 56, ont d\u00fb quitter les lieux.<\/p>\n<p>\u00ab\u2009Une nouvelle limite a \u00e9t\u00e9 franchie\u2009\u00bb<\/p>\n<p class=\" wall-content\">\u00ab\u2009Une occupation amie\u2009\u00bb avait en effet \u00e9t\u00e9 trouv\u00e9e avec le Centre Social Carrefour 18 (au sud de Rennes), explique Utopia 56. <strong>\u00ab\u2009La Caf<\/strong>, propri\u00e9taire du lieu, a demand\u00e9 l\u2019expulsion \u00e0 la pr\u00e9fecture, qui a accept\u00e9 et envoy\u00e9 les forces de l\u2019ordre.\u2009\u00bb<\/p>\n<p class=\" wall-content\">Selon l\u2019association, \u00ab\u2009une nouvelle limite a \u00e9t\u00e9 franchie par les institutions\u2009\u00bb car cette \u00e9vacuation s\u2019est d\u00e9roul\u00e9e <strong>\u00ab\u2009dans l\u2019angoisse et la peur\u2009\u00bb.<\/strong><\/p>\n<blockquote class=\"ac-article-quote wall-content\">\n<p>La police a proc\u00e9d\u00e9 \u00e0 un contr\u00f4le d&rsquo;identit\u00e9, a transmis des convocations en gendarmerie (probablement pour mettre des OQTF [Obligations de quitter le territoire, N.D.L.R]) et a embarqu\u00e9 de force sept mineurs non-accompagn\u00e9s au commissariat central. <\/p>\n<p>    <strong>Utopia 56<\/strong>\n            <\/p><\/blockquote>\n<p class=\" wall-content\">Contact\u00e9e, <strong>la pr\u00e9fecture<\/strong> indique ne pas avoir d\u2019\u00e9l\u00e9ments \u00e0 communiquer pr\u00e9sentement.<\/p>\n<p class=\" wall-content\">Personnalisez votre actualit\u00e9 en ajoutant vos villes et m\u00e9dias en favori avec <a href=\"https:\/\/moncompte.actu.fr\" title=\"D\u00e9couvez Mon Actu\" rel=\"nofollow noopener\" data-trk=\"{&quot;cta&quot;:{&quot;action&quot;:&quot;https:\\\/\\\/moncompte.actu.fr&quot;,&quot;category&quot;:&quot;mon compte&quot;,&quot;from&quot;:&quot;article footer&quot;,&quot;name&quot;:&quot;Mon actu&quot;,&quot;type&quot;:&quot;cta&quot;}}\" target=\"_blank\">Mon Actu<\/a>.<\/p>\n","protected":false},"excerpt":{"rendered":"Par Laur\u00e8ne Fertin Publi\u00e9 le 17 janv. 2026 \u00e0 15h40 Apr\u00e8s l\u2019\u00e9vacuation de l\u2019espace social commun Simone-Iff jeudi&hellip;\n","protected":false},"author":2,"featured_media":670372,"comment_status":"","ping_status":"","sticky":false,"template":"","format":"standard","meta":{"footnotes":""},"categories":[2821],"tags":[1111,11,829,20504,1777,674,1011,27,1251,12,584,25,104],"class_list":{"0":"post-670371","1":"post","2":"type-post","3":"status-publish","4":"format-standard","5":"has-post-thumbnail","7":"category-rennes","8":"tag-actu","9":"tag-actualites","10":"tag-bretagne","11":"tag-caf","12":"tag-eu","13":"tag-europe","14":"tag-fr","15":"tag-france","16":"tag-migrants","17":"tag-news","18":"tag-rennes","19":"tag-republique-francaise","20":"tag-societe"},"share_on_mastodon":{"url":"https:\/\/pubeurope.com\/@fr\/115911383139098339","error":""},"_links":{"self":[{"href":"https:\/\/www.europesays.com\/fr\/wp-json\/wp\/v2\/posts\/670371","targetHints":{"allow":["GET"]}}],"collection":[{"href":"https:\/\/www.europesays.com\/fr\/wp-json\/wp\/v2\/posts"}],"about":[{"href":"https:\/\/www.europesays.com\/fr\/wp-json\/wp\/v2\/types\/post"}],"author":[{"embeddable":true,"href":"https:\/\/www.europesays.com\/fr\/wp-json\/wp\/v2\/users\/2"}],"replies":[{"embeddable":true,"href":"https:\/\/www.europesays.com\/fr\/wp-json\/wp\/v2\/comments?post=670371"}],"version-history":[{"count":0,"href":"https:\/\/www.europesays.com\/fr\/wp-json\/wp\/v2\/posts\/670371\/revisions"}],"wp:featuredmedia":[{"embeddable":true,"href":"https:\/\/www.europesays.com\/fr\/wp-json\/wp\/v2\/media\/670372"}],"wp:attachment":[{"href":"https:\/\/www.europesays.com\/fr\/wp-json\/wp\/v2\/media?parent=670371"}],"wp:term":[{"taxonomy":"category","embeddable":true,"href":"https:\/\/www.europesays.com\/fr\/wp-json\/wp\/v2\/categories?post=670371"},{"taxonomy":"post_tag","embeddable":true,"href":"https:\/\/www.europesays.com\/fr\/wp-json\/wp\/v2\/tags?post=670371"}],"curies":[{"name":"wp","href":"https:\/\/api.w.org\/{rel}","templated":true}]}}