{"id":670377,"date":"2026-01-17T16:30:14","date_gmt":"2026-01-17T16:30:14","guid":{"rendered":"https:\/\/www.europesays.com\/fr\/670377\/"},"modified":"2026-01-17T16:30:14","modified_gmt":"2026-01-17T16:30:14","slug":"basket-ball-la-sig-strasbourg-a-la-relance-suivez-le-match-contre-gravelines-en-direct-18h10","status":"publish","type":"post","link":"https:\/\/www.europesays.com\/fr\/670377\/","title":{"rendered":"Basket-ball. La SIG Strasbourg \u00e0 la relance&#8230; Suivez le match contre Gravelines en direct (18h10)"},"content":{"rendered":"<p>Surclass\u00e9s par le Paris Basket mardi (96-67), les Strasbourgeois retrouvent le Rhenus ce samedi. Pour se rassurer dans leur salle face \u00e0 l&rsquo;avant-dernier Gravelines\u00a0? Pas si simple, surtout au vu de l&rsquo;effectif r\u00e9duit c\u00f4t\u00e9 alsacien. La rencontre est \u00e0 suivre en direct et en int\u00e9gralit\u00e9. Coup d&rsquo;envoi \u00e0 18h10.<\/p>\n<p>&#13;<br \/>\n              Guylaine Gavroy &#8211; &#13;<br \/>\n        &#13;<br \/>\n          Aujourd&rsquo;hui \u00e0 16:30&#13;<br \/>\n    &#13;<br \/>\n                  | mis \u00e0 jour aujourd&rsquo;hui \u00e0 17:29&#13;<br \/>\n              &#8211; Temps de lecture : &#13;<br \/>\n  &#13;\n<\/p>\n<p>                        &#13;<br \/>\n    &#13;<br \/>\n    &#13;<br \/>\n    <a href=\"https:\/\/cdn-s-www.dna.fr\/images\/7053F7B0-9850-4B98-BC5B-3FC5AC68A68A\/NW_raw\/marcus-keene-est-de-retour-de-suspension-forcement-une-bonne-nouvelle-pour-la-sig-photo-thomas-toussaint-1768602377.jpg\" title=\"Marcus Keene est de retour de suspension, forc\u00e9ment une bonne nouvelle pour la SIG. Photo Thomas Toussaint\" class=\"chocolat-image GA-tracking\" data-ga_type=\"click\" data-ga_category=\"D\u00e9tail\" data-ga_action=\"zoomer\" data-ga_label=\"aggrandir image\" target=\"_blank\" rel=\"noopener\">&#13;<br \/>\n        <img src=\"https:\/\/www.europesays.com\/fr\/wp-content\/uploads\/2026\/01\/marcus-keene-est-de-retour-de-suspension-forcement-une-bonne-nouvelle-pour-la-sig-photo-thomas-touss.jpeg\"   alt=\"Marcus Keene est de retour de suspension, forc\u00e9ment une bonne nouvelle pour la SIG. Photo Thomas Toussaint\" fetchpriority=\"high\" decoding=\"async\" data-mobile=\"NW_detail_M|1768602377\" data-base=\"NW_detail|1768602377\"\/>&#13;<br \/>\n    <\/a>&#13;<\/p>\n<p>Marcus Keene est de retour de suspension, forc\u00e9ment une bonne nouvelle pour la SIG. Photo Thomas Toussaint<\/p>\n","protected":false},"excerpt":{"rendered":"Surclass\u00e9s par le Paris Basket mardi (96-67), les Strasbourgeois retrouvent le Rhenus ce samedi. Pour se rassurer dans&hellip;\n","protected":false},"author":2,"featured_media":670378,"comment_status":"","ping_status":"","sticky":false,"template":"","format":"standard","meta":{"footnotes":""},"categories":[2820],"tags":[328,1111,11,2649,1791,3545,1777,674,1011,27,775,12,25,3543,517,640],"class_list":{"0":"post-670377","1":"post","2":"type-post","3":"status-publish","4":"format-standard","5":"has-post-thumbnail","7":"category-strasbourg","8":"tag-a-la-une","9":"tag-actu","10":"tag-actualites","11":"tag-bas-rhin","12":"tag-basket-ball","13":"tag-direct-sport","14":"tag-eu","15":"tag-europe","16":"tag-fr","17":"tag-france","18":"tag-grand-est","19":"tag-news","20":"tag-republique-francaise","21":"tag-sig-strasbourg","22":"tag-sport","23":"tag-strasbourg"},"share_on_mastodon":{"url":"https:\/\/pubeurope.com\/@fr\/115911395067319283","error":""},"_links":{"self":[{"href":"https:\/\/www.europesays.com\/fr\/wp-json\/wp\/v2\/posts\/670377","targetHints":{"allow":["GET"]}}],"collection":[{"href":"https:\/\/www.europesays.com\/fr\/wp-json\/wp\/v2\/posts"}],"about":[{"href":"https:\/\/www.europesays.com\/fr\/wp-json\/wp\/v2\/types\/post"}],"author":[{"embeddable":true,"href":"https:\/\/www.europesays.com\/fr\/wp-json\/wp\/v2\/users\/2"}],"replies":[{"embeddable":true,"href":"https:\/\/www.europesays.com\/fr\/wp-json\/wp\/v2\/comments?post=670377"}],"version-history":[{"count":0,"href":"https:\/\/www.europesays.com\/fr\/wp-json\/wp\/v2\/posts\/670377\/revisions"}],"wp:featuredmedia":[{"embeddable":true,"href":"https:\/\/www.europesays.com\/fr\/wp-json\/wp\/v2\/media\/670378"}],"wp:attachment":[{"href":"https:\/\/www.europesays.com\/fr\/wp-json\/wp\/v2\/media?parent=670377"}],"wp:term":[{"taxonomy":"category","embeddable":true,"href":"https:\/\/www.europesays.com\/fr\/wp-json\/wp\/v2\/categories?post=670377"},{"taxonomy":"post_tag","embeddable":true,"href":"https:\/\/www.europesays.com\/fr\/wp-json\/wp\/v2\/tags?post=670377"}],"curies":[{"name":"wp","href":"https:\/\/api.w.org\/{rel}","templated":true}]}}