{"id":67038,"date":"2025-05-01T14:02:08","date_gmt":"2025-05-01T14:02:08","guid":{"rendered":"https:\/\/www.europesays.com\/fr\/67038\/"},"modified":"2025-05-01T14:02:08","modified_gmt":"2025-05-01T14:02:08","slug":"la-famille-de-la-victime-va-porter-plainte-pour-assassinat-a-caractere-terroriste","status":"publish","type":"post","link":"https:\/\/www.europesays.com\/fr\/67038\/","title":{"rendered":"la famille de la victime va porter plainte pour assassinat \u00e0 caract\u00e8re terroriste"},"content":{"rendered":"<p><img decoding=\"async\" class=\"caas-img caas-lazy has-preview\" src=\"https:\/\/www.europesays.com\/fr\/wp-content\/uploads\/2025\/05\/2294841767c599fc99ebd26fceca464c.jpeg\"\/><\/p>\n<p>Les avocats de la famille <a data-i13n=\"cpos:1;pos:1\" href=\"https:\/\/fr.news.yahoo.com\/info-bfmtv-meurtre-mosqu%C3%A9e-gard-093818251.html\" data-ylk=\"slk:d&#039;Aboubakar Ciss\u00e9;cpos:1;pos:1;elm:context_link;itc:0;sec:content-canvas;outcm:mb_qualified_link;_E:mb_qualified_link;ct:story;\" class=\"link  yahoo-link\" target=\"_blank\" rel=\"noopener\">d&rsquo;Aboubakar Ciss\u00e9<\/a>, tu\u00e9 dans une mosqu\u00e9e \u00e0 la Grand-Combe (Gard), vont d\u00e9poser plainte pour assassinat \u00e0 caract\u00e8re terroriste ce vendredi 2 mai, a appris BFMTV de source proche de l&rsquo;enqu\u00eate, confirmant une information du <a data-i13n=\"cpos:2;pos:1\" href=\"https:\/\/www.leparisien.fr\/faits-divers\/meurtre-daboubakar-cisse-sa-famille-demande-que-la-justice-antiterroriste-enquete-01-05-2025-7UMIPCUSYZDNDD4QNYT3UEJ7OM.php\" rel=\"nofollow noopener\" target=\"_blank\" data-ylk=\"slk:Parisien;cpos:2;pos:1;elm:context_link;itc:0;sec:content-canvas\" class=\"link \">Parisien<\/a>. Ils souhaitent que des magistrats sp\u00e9cialis\u00e9s se penchent sur le dossier et \u00e9valuent le caract\u00e8re potentiellement terroriste de cet assassinat.<\/p>\n<p>Dans cette plainte avec constitution de partie civile que BFMTV a pu consulter, les avocats, Me Battikh et Me Bouzrou, rappellent les conditions dans lesquelles le jeune homme, d&rsquo;origine malienne, a \u00e9t\u00e9 assassin\u00e9 dans une mosqu\u00e9e \u00ab\u00a0de plus d&rsquo;une quarantaine de coups de couteau\u00a0\u00bb par un homme qui ne le connaissait pas.<\/p>\n<p>Alors qu&rsquo;il se savait film\u00e9 par des cam\u00e9ras de vid\u00e9osurveillance, l&rsquo;assaillant n&rsquo;a pas tent\u00e9 de dissimuler son acte. \u00ab\u00a0Le mode op\u00e9ratoire de cet assassinat a \u00e9t\u00e9 choisi pour terroriser les personnes qui trouveraient son corps, qui auraient acc\u00e8s aux images de la vid\u00e9o surveillance et qui seraient inform\u00e9es des circonstances\u00a0\u00bb, estiment-ils.<\/p>\n<p>\u00ab\u00a0Terroriser le grand public\u00a0\u00bb<\/p>\n<p>Le lieu du crime est aussi de nature \u00e0 r\u00e9v\u00e9ler une entreprise terroriste, selon eux: \u00ab\u00a0Le choix de commettre un assassinat dans un lieu de culte cens\u00e9 repr\u00e9senter un lieu de paix pour les croyants d\u00e9montre que l\u2019auteur des faits avait, outre l\u2019intention de tuer, une intention de troubler plus hautement l\u2019ordre public en intimidant et terrorisant notamment les personnes de religion musulmane.\u00a0\u00bb<\/p>\n<p>Juste apr\u00e8s les faits, l&rsquo;assaillant a r\u00e9alis\u00e9 une vid\u00e9o montrant \u00ab\u00a0le grand couteau\u00a0\u00bb ensanglant\u00e9, arme du crime, et le jeune homme \u00ab\u00a0au sol agonisant\u00a0\u00bb. \u00ab\u00a0Dans cette vid\u00e9o publi\u00e9e sur les r\u00e9seaux sociaux, il revendique son acte en tenant les propos suivants &lsquo;ton allah de merde&#8230; je lui ai plant\u00e9 les fesses (\u2026) ton allah de merde\u2026 encul\u00e9'\u00a0\u00bb, d\u00e9taillent les avocats.<\/p>\n<p>\u00ab\u00a0Il indique \u00e9galement envisager de commettre d\u2019autres assassinats, ce qui est de nature \u00e0 intimider et terroriser le grand public, et notamment les personnes de confession musulmane se rendant \u00e0 la mosqu\u00e9e\u00a0\u00bb, pr\u00e9cisent encore Me Battikh et Me Bouzrou.<\/p>\n<p>\u00ab\u00a0Au regard des circonstances des faits, il est incompr\u00e9hensible que le caract\u00e8re terroriste de cet assassinat n&rsquo;ait pas \u00e9t\u00e9 retenu dans la qualification juridique des faits\u00a0\u00bb, \u00e9crivent-ils pour justifier cette nouvelle plainte.<\/p>\n<p>Le suspect va \u00eatre remis \u00e0 la France<\/p>\n<p>Par la suite, le magistrat qui sera destinataire de cette plainte, vendredi, peut, apr\u00e8s analyse, soit rendre une ordonnance de refus d&rsquo;informer, laissant l&rsquo;instruction actuelle se poursuivre au parquet de N\u00eemes, soit il ouvrira une nouvelle instruction judiciaire pour assassinat \u00e0 caract\u00e8re terroriste et nommera un juge d&rsquo;instruction \u00e0 Paris, sp\u00e9cialis\u00e9 dans l&rsquo;antiterrorisme.<\/p>\n<p>Aboubakar Ciss\u00e9, un Malien \u00e2g\u00e9 d&rsquo;une vingtaine d&rsquo;ann\u00e9es, a \u00e9t\u00e9 tu\u00e9 de plusieurs dizaines de coups de couteau par un homme alors qu&rsquo;il se trouvait dans une mosqu\u00e9e \u00e0 La Grand-Combe, vendredi matin.<\/p>\n<p>Olivier A., 21 ans, soup\u00e7onn\u00e9 d&rsquo;\u00eatre l&rsquo;auteur des faits, a pris la fuite apr\u00e8s le meurtre. R\u00e9p\u00e9r\u00e9 dans l&rsquo;H\u00e9rault dimanche matin, il avait \u00e9chapp\u00e9 aux autorit\u00e9s et avait pris la direction de l&rsquo;Italie. Il s&rsquo;est finalement rendu de lui-m\u00eame dans un commissariat \u00e0 Pistioa, au nord de Florence, dimanche soir.<\/p>\n<p>Pr\u00e9sent\u00e9 \u00e0 un juge mercredi, le jeune homme a accept\u00e9 d&rsquo;\u00eatre reconduit en France, o\u00f9 il doit \u00eatre mis en examen. Son retour devrait \u00eatre possible mi-mai, selon son avocat.<\/p>\n<p><a data-i13n=\"cpos:3;pos:1\" href=\"https:\/\/www.bfmtv.com\/police-justice\/meurtre-dans-une-mosquee-du-gard-la-famille-de-la-victime-va-porter-plainte-pour-assassinat-a-caractere-terroriste_AN-202505010361.html#xtor=AL-68\" rel=\"nofollow noopener\" target=\"_blank\" data-ylk=\"slk:Article original publi\u00e9 sur BFMTV.com;cpos:3;pos:1;elm:context_link;itc:0;sec:content-canvas\" class=\"link \">Article original publi\u00e9 sur BFMTV.com<\/a><\/p>\n","protected":false},"excerpt":{"rendered":"Les avocats de la famille d&rsquo;Aboubakar Ciss\u00e9, tu\u00e9 dans une mosqu\u00e9e \u00e0 la Grand-Combe (Gard), vont d\u00e9poser plainte&hellip;\n","protected":false},"author":2,"featured_media":67039,"comment_status":"","ping_status":"","sticky":false,"template":"","format":"standard","meta":{"footnotes":""},"categories":[4],"tags":[11,6744,16779,1011,27,16780,12,16778,25],"class_list":{"0":"post-67038","1":"post","2":"type-post","3":"status-publish","4":"format-standard","5":"has-post-thumbnail","7":"category-france","8":"tag-actualites","9":"tag-assassinat","10":"tag-caractere-terroriste","11":"tag-fr","12":"tag-france","13":"tag-la-mosquee","14":"tag-news","15":"tag-plainte-avec-constitution-de-partie-civile","16":"tag-republique-francaise"},"share_on_mastodon":{"url":"https:\/\/pubeurope.com\/@fr\/114432949879827660","error":""},"_links":{"self":[{"href":"https:\/\/www.europesays.com\/fr\/wp-json\/wp\/v2\/posts\/67038","targetHints":{"allow":["GET"]}}],"collection":[{"href":"https:\/\/www.europesays.com\/fr\/wp-json\/wp\/v2\/posts"}],"about":[{"href":"https:\/\/www.europesays.com\/fr\/wp-json\/wp\/v2\/types\/post"}],"author":[{"embeddable":true,"href":"https:\/\/www.europesays.com\/fr\/wp-json\/wp\/v2\/users\/2"}],"replies":[{"embeddable":true,"href":"https:\/\/www.europesays.com\/fr\/wp-json\/wp\/v2\/comments?post=67038"}],"version-history":[{"count":0,"href":"https:\/\/www.europesays.com\/fr\/wp-json\/wp\/v2\/posts\/67038\/revisions"}],"wp:featuredmedia":[{"embeddable":true,"href":"https:\/\/www.europesays.com\/fr\/wp-json\/wp\/v2\/media\/67039"}],"wp:attachment":[{"href":"https:\/\/www.europesays.com\/fr\/wp-json\/wp\/v2\/media?parent=67038"}],"wp:term":[{"taxonomy":"category","embeddable":true,"href":"https:\/\/www.europesays.com\/fr\/wp-json\/wp\/v2\/categories?post=67038"},{"taxonomy":"post_tag","embeddable":true,"href":"https:\/\/www.europesays.com\/fr\/wp-json\/wp\/v2\/tags?post=67038"}],"curies":[{"name":"wp","href":"https:\/\/api.w.org\/{rel}","templated":true}]}}