{"id":670385,"date":"2026-01-17T16:34:13","date_gmt":"2026-01-17T16:34:13","guid":{"rendered":"https:\/\/www.europesays.com\/fr\/670385\/"},"modified":"2026-01-17T16:34:13","modified_gmt":"2026-01-17T16:34:13","slug":"plusieurs-centaines-de-personnes-reunies-a-nantes","status":"publish","type":"post","link":"https:\/\/www.europesays.com\/fr\/670385\/","title":{"rendered":"plusieurs centaines de personnes r\u00e9unies \u00e0 Nantes"},"content":{"rendered":"<p class=\"article__intro\">Plusieurs centaines de personnes se sont r\u00e9unies \u00e0 Nantes ce samedi apr\u00e8s-midi. Des manifestations de soutien au peuple iranien sont ainsi organis\u00e9es dans plusieurs villes de France. Depuis fin d\u00e9cembre, les Iraniens se r\u00e9voltent contre le pouvoir en place.<\/p>\n<p>\n      L\u2019actu des r\u00e9gions\n    <\/p>\n<p>\n      Chaque jour, un tour d\u2019horizon des principales infos de toutes les r\u00e9gions.\n    <\/p>\n<p>    France T\u00e9l\u00e9visions utilise votre adresse e-mail afin de vous envoyer la newsletter \u00ab\u00a0L\u2019actu des r\u00e9gions\u00a0\u00bb. Vous pouvez vous d\u00e9sinscrire \u00e0 tout moment via le lien en bas de cette newsletter. <a target=\"_blank\" href=\"https:\/\/www.francetelevisions.fr\/groupe\/confidentialite\/politique-de-confidentialite\/politique-de-confidentialite-de-france-televisions-6503\" rel=\"noopener\">Notre politique de confidentialit\u00e9<\/a><\/p>\n<p>Le mouvement de contestation sociale contre la vie ch\u00e8re et l\u2019inflation a d\u00e9but\u00e9 fin d\u00e9cembre en Iran. Depuis, cette mobilisation sans pr\u00e9c\u00e9dent du peuple iranien ne faiblit pas, malgr\u00e9 la violente r\u00e9pression exerc\u00e9e par le pouvoir en place.<\/p>\n<p>L&rsquo;ONG Iran Human Rights a avanc\u00e9 mercredi dernier le chiffre de 3 428 morts et des milliers de bless\u00e9s.<\/p>\n<p>Coupure d&rsquo;\u00e9lectricit\u00e9, coupure du r\u00e9seau internet et t\u00e9l\u00e9phonique, le gouvernement a m\u00eame organis\u00e9 des contre-manifestations.<\/p>\n<p>En France, les manifestations de soutien au peuple iranien se sont multipli\u00e9es. \u00c0 Nantes, ce samedi apr\u00e8s-midi, des centaines de personnes se sont r\u00e9unies. Parmi elles, de jeunes soutiens du Shah.<\/p>\n<p><a data-article-figure=\"\" href=\"https:\/\/france3-regions.franceinfo.fr\/image\/oKGpCOa_mAZpHomALWLTidTi6I4\/1086x1448\/regions\/2026\/01\/17\/8cb13864-39d6-4db4-90a7-59f390f3b17f-696bb028c3baa170098978.jpg\" data-pswp-width=\"1086\" data-pswp-height=\"1448\" target=\"_blank\" rel=\"noopener\"><\/p>\n<p>          <img width=\"600\" height=\"400\" class=\"article-image lazy\" data-src=\"https:\/\/www.europesays.com\/fr\/wp-content\/uploads\/2026\/01\/8cb13864-39d6-4db4-90a7-59f390f3b17f-696bb028c3baa170098978.jpg\" alt=\"Des manifestants mobilis\u00e9s en soutien au peule iranien, le 17 janvier 2026 \u00e0 Nantes\" fetchpriority=\"high\" as=\"image\"\/><\/p>\n<p>\n            Des manifestants mobilis\u00e9s en soutien au peule iranien, le 17 janvier 2026 \u00e0 Nantes<br \/>\n                           \u2022<br \/>\n                                      \u00a9 France 3 Pays de la Loire &#8211; Robin Spiquel\n                      <\/p>\n<p><\/a><\/p>\n<p>Au cours de ce rassemblement, des t\u00e9moignages ont \u00e9t\u00e9 lus au public pr\u00e9sent. Une minute de silence a \u00e9t\u00e9 observ\u00e9e.<\/p>\n<p>Parmi les Iraniens dans l&rsquo;assembl\u00e9e ce samedi apr\u00e8s-midi, Houchang Moradi. Cet Iranien de 60 ans est install\u00e9 \u00e0 Nantes.<\/p>\n<p><a data-article-figure=\"\" href=\"https:\/\/france3-regions.franceinfo.fr\/image\/Dda78npbGqzl9E0wq0b4xoojeYk\/1086x1448\/regions\/2026\/01\/17\/13a6f948-f9f5-4b9b-a893-563ca57f4e02-696bb14ebdc3d297927359.jpg\" data-pswp-width=\"1086\" data-pswp-height=\"1448\" target=\"_blank\" rel=\"noopener\"><\/p>\n<p>          <img width=\"600\" height=\"400\" class=\"article-image lazy\" data-src=\"https:\/\/www.europesays.com\/fr\/wp-content\/uploads\/2026\/01\/13a6f948-f9f5-4b9b-a893-563ca57f4e02-696bb14ebdc3d297927359.jpg\" alt=\"L'Iranien Houchang Moradi \u00e0 Nantes, le 17 janvier 2026\" fetchpriority=\"high\" as=\"image\"\/><\/p>\n<p>\n            L&rsquo;Iranien Houchang Moradi \u00e0 Nantes, le 17 janvier 2026<br \/>\n                           \u2022<br \/>\n                                      \u00a9 France 3 Pays de la Loire &#8211; Robin Spiquel\n                      <\/p>\n<p><\/a><\/p>\n<p>Nous l&rsquo;avons rencontr\u00e9 cette semaine, il nous a racont\u00e9 ce que vivent ses compatriotes rest\u00e9s au pays.<\/p>\n<p>Il nous a notamment expliqu\u00e9 que les familles s&rsquo;endettent pour r\u00e9cup\u00e9rer les d\u00e9pouilles de leurs proches tu\u00e9s dans la r\u00e9volte.<\/p>\n<p>\u00ab\u00a0Quand les gens apprennent que leur fils est assassin\u00e9, il faut qu&rsquo;ils payent 700 millions de tomans pour r\u00e9cup\u00e9rer le corps, ce qui fait presque 7 000 euros\u00a0\u00bb.<\/p>\n<blockquote class=\"ftvi_content_quote\">\n<p class=\"ftvi_citation_quote\">Le r\u00e9gime appelle \u00e7a le prix de la balle, la balle qui est utilis\u00e9e pour assassiner leurs fils, leurs proches. C&rsquo;est horrible.<\/p>\n<p>Houchang Moradi<\/p>\n<p class=\"ftvi_citation_source\">Restaurateur<\/p>\n<\/blockquote>\n<p>Le restaurateur d&rsquo;une soixantaine d&rsquo;ann\u00e9es ajoute qu&rsquo;il faut \u00ab\u00a0encourager les Iraniens, surtout en France qui est symbolique pour les Iraniens, on parle du pays des droits de l&rsquo;homme, c&rsquo;est un pays qui a toujours \u00e9t\u00e9 dans l&rsquo;imaginaire collectif iranien\u00a0\u00bb.<\/p>\n<blockquote class=\"ftvi_content_quote\">\n<p class=\"ftvi_citation_quote\">S&rsquo;ils apprennent qu&rsquo;il y a des manifestations pour r\u00e9clamer la d\u00e9mocratie pour l&rsquo;Iran, \u00e7a fait chaud au c\u0153ur des Iraniens qui payent leur vie sur place. <\/p>\n<p>Houchang Moradi <\/p>\n<p class=\"ftvi_citation_source\">Restaurateur<\/p>\n<\/blockquote>\n<p>Des manifestations de soutien au peuple iranien \u00e9taient organis\u00e9es ce samedi 17 janvier dans plusieurs villes de France, dont Paris, Bordeaux, Strasbourg ou encore Marseille, \u00e0 l&rsquo;appel de syndicats et d&rsquo;associations.<\/p>\n<p><strong>Retrouvez-nous\u00a0sur nos r\u00e9seaux sociaux et sur<\/strong><a href=\"https:\/\/www.france.tv\/france-3\/pays-de-la-loire\/\" target=\"_blank\" rel=\"noopener noreferrer nofollow\" data-tooltip-url=\"https:\/\/www.france.tv\/france-3\/pays-de-la-loire\/\"><strong>\u00a0france.tv<\/strong><\/a><\/p>\n","protected":false},"excerpt":{"rendered":"Plusieurs centaines de personnes se sont r\u00e9unies \u00e0 Nantes ce samedi apr\u00e8s-midi. Des manifestations de soutien au peuple&hellip;\n","protected":false},"author":2,"featured_media":670386,"comment_status":"","ping_status":"","sticky":false,"template":"","format":"standard","meta":{"footnotes":""},"categories":[2818],"tags":[1111,11,1777,674,1011,27,766,12,2636,25],"class_list":{"0":"post-670385","1":"post","2":"type-post","3":"status-publish","4":"format-standard","5":"has-post-thumbnail","7":"category-nantes","8":"tag-actu","9":"tag-actualites","10":"tag-eu","11":"tag-europe","12":"tag-fr","13":"tag-france","14":"tag-nantes","15":"tag-news","16":"tag-pays-de-la-loire","17":"tag-republique-francaise"},"share_on_mastodon":{"url":"https:\/\/pubeurope.com\/@fr\/115911410818541169","error":""},"_links":{"self":[{"href":"https:\/\/www.europesays.com\/fr\/wp-json\/wp\/v2\/posts\/670385","targetHints":{"allow":["GET"]}}],"collection":[{"href":"https:\/\/www.europesays.com\/fr\/wp-json\/wp\/v2\/posts"}],"about":[{"href":"https:\/\/www.europesays.com\/fr\/wp-json\/wp\/v2\/types\/post"}],"author":[{"embeddable":true,"href":"https:\/\/www.europesays.com\/fr\/wp-json\/wp\/v2\/users\/2"}],"replies":[{"embeddable":true,"href":"https:\/\/www.europesays.com\/fr\/wp-json\/wp\/v2\/comments?post=670385"}],"version-history":[{"count":0,"href":"https:\/\/www.europesays.com\/fr\/wp-json\/wp\/v2\/posts\/670385\/revisions"}],"wp:featuredmedia":[{"embeddable":true,"href":"https:\/\/www.europesays.com\/fr\/wp-json\/wp\/v2\/media\/670386"}],"wp:attachment":[{"href":"https:\/\/www.europesays.com\/fr\/wp-json\/wp\/v2\/media?parent=670385"}],"wp:term":[{"taxonomy":"category","embeddable":true,"href":"https:\/\/www.europesays.com\/fr\/wp-json\/wp\/v2\/categories?post=670385"},{"taxonomy":"post_tag","embeddable":true,"href":"https:\/\/www.europesays.com\/fr\/wp-json\/wp\/v2\/tags?post=670385"}],"curies":[{"name":"wp","href":"https:\/\/api.w.org\/{rel}","templated":true}]}}