{"id":670387,"date":"2026-01-17T16:35:15","date_gmt":"2026-01-17T16:35:15","guid":{"rendered":"https:\/\/www.europesays.com\/fr\/670387\/"},"modified":"2026-01-17T16:35:15","modified_gmt":"2026-01-17T16:35:15","slug":"150-personnes-mobilisees-a-bordeaux-pour-soutenir-le-peuple-iranien","status":"publish","type":"post","link":"https:\/\/www.europesays.com\/fr\/670387\/","title":{"rendered":"150\u00a0personnes mobilis\u00e9es \u00e0 Bordeaux pour soutenir le peuple iranien"},"content":{"rendered":"<p>\u00c0 l\u2019initiative du collectif <a href=\"https:\/\/www.facebook.com\/p\/Femme-Vie-Libert%C3%A9-Gironde-100086964307519\/?locale=fr_FR\" target=\"_blank\" rel=\"nofollow noopener\">Femmes vie libert\u00e9 de Gironde<\/a> en 2022, la jeune Franco-Iranienne explique que \u00ab\u00a0d\u2019ordinaire discr\u00e8te, la communaut\u00e9 iranienne s\u2019est mobilis\u00e9e spontan\u00e9ment\u00a0\u00bb pour cette action, \u00e0 laquelle se sont associ\u00e9s des Bordelais. O\u00f9 tous d\u00e9noncent \u00ab\u00a0l\u2019absence totale de l\u00e9gitimit\u00e9 du r\u00e9gime des Mollahs\u00a0\u00bb, au pouvoir depuis la r\u00e9volution de 1979.<\/p>\n<p>\u00ab\u00a0Mort aux dictateurs\u00a0\u00bb<\/p>\n<p>Scandant tour \u00e0 tour, en fran\u00e7ais et en farsi (le perse iranien), \u00ab\u00a0Iran, lib\u00e9rez l\u2019Iran\u00a0\u00bb, \u00ab\u00a0\u00c0 bas le r\u00e9gime islamique en Iran\u00a0\u00bb et \u00ab\u00a0Mort aux dictateurs\u00a0\u00bb, les organisateurs de la manifestation exhortent aussi \u00ab\u00a0l\u2019Europe et la France \u00e0 sortir du silence\u00a0\u00bb. Ce, alors que les informations qui parviennent \u00e0 sortir du pays font \u00e9tat \u00ab\u00a0d\u2019un v\u00e9ritable crime contre l\u2019humanit\u00e9\u00a0\u00bb perp\u00e9tr\u00e9 contre la population, d\u00e9nonce une Iranienne exil\u00e9e, rappelant <a href=\"https:\/\/www.sudouest.fr\/international\/iran\/iran-c-est-devenu-mon-cauchemar-des-habitants-racontent-la-repression-des-manifestations-27451317.php\" target=\"_blank\" rel=\"follow noopener\">les milliers de morts<\/a> dont les corps ne sont restitu\u00e9s aux familles que contre ran\u00e7on, quand \u00ab\u00a0ils ne s\u2019entassent pas dans les morgues ou les fosses communes\u00a0\u00bb.<\/p>\n<p>Et si les portraits de Reza Pahlavi, fils du dernier shah d\u2019Iran, brandis par certains dans la foule, ne font pas l\u2019unanimit\u00e9, tous s\u2019accordent \u00e0 qualifier \u00ab\u00a0les gardiens de la r\u00e9volution de terroristes\u00a0\u00bb.<\/p>\n<p>        <img decoding=\"async\" id=\"27455622\" src=\"https:\/\/www.europesays.com\/fr\/wp-content\/uploads\/2026\/01\/1768665550670.jpg\" alt=\"Au-del\u00e0 de tout propos politique, ce jeune Bordelais a tenu \u00e0 exprimer sa r\u00e9alit\u00e9 de la situation en Iran.\" itemprop=\"contentURL\"\/><\/p>\n<p>    Au-del\u00e0 de tout propos politique, ce jeune Bordelais a tenu \u00e0 exprimer sa r\u00e9alit\u00e9 de la situation en Iran.<\/p>\n<p>A.\u00a0M.-R.<\/p>\n","protected":false},"excerpt":{"rendered":"\u00c0 l\u2019initiative du collectif Femmes vie libert\u00e9 de Gironde en 2022, la jeune Franco-Iranienne explique que \u00ab\u00a0d\u2019ordinaire discr\u00e8te,&hellip;\n","protected":false},"author":2,"featured_media":670388,"comment_status":"","ping_status":"","sticky":false,"template":"","format":"standard","meta":{"footnotes":""},"categories":[2817],"tags":[1111,11,1997,1777,674,1011,27,12,2219,25],"class_list":{"0":"post-670387","1":"post","2":"type-post","3":"status-publish","4":"format-standard","5":"has-post-thumbnail","7":"category-bordeaux","8":"tag-actu","9":"tag-actualites","10":"tag-bordeaux","11":"tag-eu","12":"tag-europe","13":"tag-fr","14":"tag-france","15":"tag-news","16":"tag-nouvelle-aquitaine","17":"tag-republique-francaise"},"share_on_mastodon":{"url":"https:\/\/pubeurope.com\/@fr\/115911414731485003","error":""},"_links":{"self":[{"href":"https:\/\/www.europesays.com\/fr\/wp-json\/wp\/v2\/posts\/670387","targetHints":{"allow":["GET"]}}],"collection":[{"href":"https:\/\/www.europesays.com\/fr\/wp-json\/wp\/v2\/posts"}],"about":[{"href":"https:\/\/www.europesays.com\/fr\/wp-json\/wp\/v2\/types\/post"}],"author":[{"embeddable":true,"href":"https:\/\/www.europesays.com\/fr\/wp-json\/wp\/v2\/users\/2"}],"replies":[{"embeddable":true,"href":"https:\/\/www.europesays.com\/fr\/wp-json\/wp\/v2\/comments?post=670387"}],"version-history":[{"count":0,"href":"https:\/\/www.europesays.com\/fr\/wp-json\/wp\/v2\/posts\/670387\/revisions"}],"wp:featuredmedia":[{"embeddable":true,"href":"https:\/\/www.europesays.com\/fr\/wp-json\/wp\/v2\/media\/670388"}],"wp:attachment":[{"href":"https:\/\/www.europesays.com\/fr\/wp-json\/wp\/v2\/media?parent=670387"}],"wp:term":[{"taxonomy":"category","embeddable":true,"href":"https:\/\/www.europesays.com\/fr\/wp-json\/wp\/v2\/categories?post=670387"},{"taxonomy":"post_tag","embeddable":true,"href":"https:\/\/www.europesays.com\/fr\/wp-json\/wp\/v2\/tags?post=670387"}],"curies":[{"name":"wp","href":"https:\/\/api.w.org\/{rel}","templated":true}]}}