{"id":670389,"date":"2026-01-17T16:36:31","date_gmt":"2026-01-17T16:36:31","guid":{"rendered":"https:\/\/www.europesays.com\/fr\/670389\/"},"modified":"2026-01-17T16:36:31","modified_gmt":"2026-01-17T16:36:31","slug":"les-herbiers-bordeaux-la-composition-dequipe-des-girondins-pour-la-15e-journee-de-national-2","status":"publish","type":"post","link":"https:\/\/www.europesays.com\/fr\/670389\/","title":{"rendered":"Les Herbiers-Bordeaux : La composition d&rsquo;\u00e9quipe des Girondins pour la 15e journ\u00e9e de National 2"},"content":{"rendered":"<p><img decoding=\"async\" src=\"https:\/\/www.europesays.com\/fr\/wp-content\/uploads\/2025\/07\/671_863837160a59bd9ed8da66ea9f54a1da.png\" alt=\"Les Herbiers-Bordeaux : La composition d'\u00e9quipe des Girondins pour la 15e journ\u00e9e de National 2\" class=\"img-responsive mt-3\"\/><\/p>\n<p class=\"text-center mb-3\" style=\"font-size: 14px\">\u00a9 Iconsport<\/p>\n<p>      <strong>Le 11 officiel des Girondins de Bordeaux face aux Herbiers<\/strong><\/p>\n<p>Le groupe bordelais compos\u00e9 de 17 joueurs est <a href=\"https:\/\/www.webgirondins.com\/actualite-girondins-les-herbiers-bordeaux-le-groupe-des-girondins-pour-la-15e-journee-de-national-2-avec-abou-ba-131824\" target=\"_blank\" rel=\"noopener\">disponible ici<\/a>.<\/p>\n<p>La composition d&rsquo;\u00e9quipe des Girondins de Bordeaux pour la 15e journ\u00e9e de N2 :<\/p>\n<p><img decoding=\"async\" src=\"https:\/\/www.europesays.com\/fr\/wp-content\/uploads\/2026\/01\/4-4-2 (76).jpg\" alt=\"4-4-2 (76).jpg (75 KB)\" style=\"width:700px;max-width:100%;\"\/><\/p>\n<p>\u00a0<\/p>\n<p>Le banc : Diabat\u00e9, Bahassa, Arn\u00e9, Diagouraga, Manna\u00ef.<\/p>\n<p>Besse est en tribune.<\/p>\n<p>Regarder l&rsquo;avant-match en <a href=\"https:\/\/www.youtube.com\/watch?v=tEgD2c_CVkk\" target=\"_blank\" rel=\"noopener\">direct sur WebGirondins<\/a> :<\/p>\n<p>Ce navigateur ne supporte pas les iframes<\/p>\n<p>Notre podcast court sur l&rsquo;actu des Girondins \u00e0 \u00e9couter :<\/p>\n<p>\u00a0<\/p>\n","protected":false},"excerpt":{"rendered":"\u00a9 Iconsport Le 11 officiel des Girondins de Bordeaux face aux Herbiers Le groupe bordelais compos\u00e9 de 17&hellip;\n","protected":false},"author":2,"featured_media":284514,"comment_status":"","ping_status":"","sticky":false,"template":"","format":"standard","meta":{"footnotes":""},"categories":[2817],"tags":[37154,1111,11,1997,3984,3474,3985,77011,2263,37183,1777,674,2823,1011,27,1987,14979,3465,37182,15920,3238,12,2219,471,25,3982,37112,2858,37111,31438],"class_list":{"0":"post-670389","1":"post","2":"type-post","3":"status-publish","4":"format-standard","5":"has-post-thumbnail","7":"category-bordeaux","8":"tag-abou","9":"tag-actu","10":"tag-actualites","11":"tag-bordeaux","12":"tag-composition","13":"tag-decouvrez","14":"tag-depart","15":"tag-egalement","16":"tag-equipe","17":"tag-etonde","18":"tag-eu","19":"tag-europe","20":"tag-face","21":"tag-fr","22":"tag-france","23":"tag-girondins","24":"tag-herbiers","25":"tag-journee","26":"tag-luderic","27":"tag-massabielle","28":"tag-national","29":"tag-news","30":"tag-nouvelle-aquitaine","31":"tag-pour","32":"tag-republique-francaise","33":"tag-samedi","34":"tag-shamal","35":"tag-stade","36":"tag-steve","37":"tag-titulaire"},"share_on_mastodon":{"url":"https:\/\/pubeurope.com\/@fr\/115911418583623972","error":""},"_links":{"self":[{"href":"https:\/\/www.europesays.com\/fr\/wp-json\/wp\/v2\/posts\/670389","targetHints":{"allow":["GET"]}}],"collection":[{"href":"https:\/\/www.europesays.com\/fr\/wp-json\/wp\/v2\/posts"}],"about":[{"href":"https:\/\/www.europesays.com\/fr\/wp-json\/wp\/v2\/types\/post"}],"author":[{"embeddable":true,"href":"https:\/\/www.europesays.com\/fr\/wp-json\/wp\/v2\/users\/2"}],"replies":[{"embeddable":true,"href":"https:\/\/www.europesays.com\/fr\/wp-json\/wp\/v2\/comments?post=670389"}],"version-history":[{"count":0,"href":"https:\/\/www.europesays.com\/fr\/wp-json\/wp\/v2\/posts\/670389\/revisions"}],"wp:featuredmedia":[{"embeddable":true,"href":"https:\/\/www.europesays.com\/fr\/wp-json\/wp\/v2\/media\/284514"}],"wp:attachment":[{"href":"https:\/\/www.europesays.com\/fr\/wp-json\/wp\/v2\/media?parent=670389"}],"wp:term":[{"taxonomy":"category","embeddable":true,"href":"https:\/\/www.europesays.com\/fr\/wp-json\/wp\/v2\/categories?post=670389"},{"taxonomy":"post_tag","embeddable":true,"href":"https:\/\/www.europesays.com\/fr\/wp-json\/wp\/v2\/tags?post=670389"}],"curies":[{"name":"wp","href":"https:\/\/api.w.org\/{rel}","templated":true}]}}