{"id":670390,"date":"2026-01-17T16:37:10","date_gmt":"2026-01-17T16:37:10","guid":{"rendered":"https:\/\/www.europesays.com\/fr\/670390\/"},"modified":"2026-01-17T16:37:10","modified_gmt":"2026-01-17T16:37:10","slug":"victime-dun-tres-grave-accident-de-la-route-lagresseur-au-couteau-est-devenu-amnesique","status":"publish","type":"post","link":"https:\/\/www.europesays.com\/fr\/670390\/","title":{"rendered":"Victime d\u2019un tr\u00e8s grave accident de la route, l\u2019agresseur au couteau est devenu\u2026 amn\u00e9sique"},"content":{"rendered":"<p>\n                                                                    l&rsquo;essentiel<br \/>\n                                                                Situation insolite \u00e0 la barre. Un homme poursuivi pour avoir poignard\u00e9 une victime sur les Quais de Garonne n\u2019a plus aucun souvenir des faits apr\u00e8s un tr\u00e8s grave accident de la route. Amn\u00e9sique.\n                            <\/p>\n<p>Le 4\u00a0mai 2024, vers 22\u00a0heures, les pompiers alertent la police. Sur les quais de la Daurade, \u00e0 Toulouse, un homme vient d\u2019\u00eatre poignard\u00e9 \u00e0 deux reprises au niveau du thorax. La victime, gri\u00e8vement bless\u00e9e, est \u00e9vacu\u00e9e vers les urgences. Quinze jours d\u2019incapacit\u00e9 l\u00e9gale seront retenus.<\/p>\n<p>Un t\u00e9moin d\u00e9crit un groupe agit\u00e9, \u00ab\u00a0des cris en arabe\u00a0\u00bb, puis un homme qui \u00ab\u00a0sort un Opinel et plante la victime\u00a0\u00bb. Les cam\u00e9ras de vid\u00e9oprotection suivent la fuite de deux individus jusqu\u2019\u00e0 un restaurant de tacos. Le g\u00e9rant se souvient\u00a0: \u00ab\u00a0L\u2019un d\u2019eux avait du sang sur les mains, il a demand\u00e9 des serviettes\u00a0\u00bb. L\u2019ADN retrouv\u00e9 sur place correspond \u00e0 celui du pr\u00e9venu.<\/p>\n<p>Lourdes s\u00e9quelles neurologiques<\/p>\n<p>\u00ab\u00a0Depuis mon accident, c\u2019est compliqu\u00e9 pour moi. Je n\u2019ai aucun souvenir de tout \u00e7a\u00a0\u00bb, d\u00e9clare ce jeune homme de 28 ans d\u2019une voix h\u00e9sitante. L\u2019accident, survenu en octobre\u00a02024, a co\u00fbt\u00e9 la vie \u00e0 son passager et laiss\u00e9 au pr\u00e9venu de lourdes s\u00e9quelles neurologiques. La victime, elle, n\u2019a rien oubli\u00e9\u00a0: \u00ab\u00a0Ils ont voulu draguer ma copine. L\u2019altercation est partie de l\u00e0\u00a0\u00bb.<\/p>\n<p>\u00ab\u00a0Une agression malheureuse, presque banale sur les bords de la Garonne, mais avec la particularit\u00e9 de l\u2019amn\u00e9sie du pr\u00e9venu\u00a0\u00bb, note Me Cl\u00e9ment Rouget, avocat de la partie civile. Il demande une provision de 2\u00a0000\u00a0\u20ac sur int\u00e9r\u00eats civils.<\/p>\n<p>\u00ab\u00a0Des coups port\u00e9s sur des zones vitales\u00a0\u00bb<\/p>\n<p>Le parquet souligne \u00ab\u00a0l\u2019absence de tout doute sur la culpabilit\u00e9\u00a0\u00bb et rappelle que \u00ab\u00a0les coups ont \u00e9t\u00e9 port\u00e9s sur des zones vitales\u00a0\u00bb. Un an de prison sous bracelet \u00e9lectronique est requis. Et interdiction de d\u00e9tenir une arme pendant cinq ans.<\/p>\n<p>Sur le banc de la d\u00e9fense, Me Brice Zanin explique. \u00ab\u00a0Je crois qu\u2019il aurait \u00e9t\u00e9 plus simple pour lui de dire qu\u2019il a eu peur, qu\u2019ils \u00e9taient quatre et qu\u2019il regrette. Malheureusement, il ne se souvient plus et se reconstruit petit \u00e0 petit\u00a0\u00bb. Le tribunal l\u2019a finalement condamn\u00e9, en suivant \u00e0 la lettre les r\u00e9quisitions.<\/p>\n","protected":false},"excerpt":{"rendered":"l&rsquo;essentiel Situation insolite \u00e0 la barre. Un homme poursuivi pour avoir poignard\u00e9 une victime sur les Quais de&hellip;\n","protected":false},"author":2,"featured_media":670391,"comment_status":"","ping_status":"","sticky":false,"template":"","format":"standard","meta":{"footnotes":""},"categories":[2816],"tags":[1111,11,1777,674,118,1011,27,2722,12,2680,25,2312],"class_list":{"0":"post-670390","1":"post","2":"type-post","3":"status-publish","4":"format-standard","5":"has-post-thumbnail","7":"category-toulouse","8":"tag-actu","9":"tag-actualites","10":"tag-eu","11":"tag-europe","12":"tag-faits-divers","13":"tag-fr","14":"tag-france","15":"tag-haute-garonne","16":"tag-news","17":"tag-occitanie","18":"tag-republique-francaise","19":"tag-toulouse"},"share_on_mastodon":{"url":"https:\/\/pubeurope.com\/@fr\/115911422462904221","error":""},"_links":{"self":[{"href":"https:\/\/www.europesays.com\/fr\/wp-json\/wp\/v2\/posts\/670390","targetHints":{"allow":["GET"]}}],"collection":[{"href":"https:\/\/www.europesays.com\/fr\/wp-json\/wp\/v2\/posts"}],"about":[{"href":"https:\/\/www.europesays.com\/fr\/wp-json\/wp\/v2\/types\/post"}],"author":[{"embeddable":true,"href":"https:\/\/www.europesays.com\/fr\/wp-json\/wp\/v2\/users\/2"}],"replies":[{"embeddable":true,"href":"https:\/\/www.europesays.com\/fr\/wp-json\/wp\/v2\/comments?post=670390"}],"version-history":[{"count":0,"href":"https:\/\/www.europesays.com\/fr\/wp-json\/wp\/v2\/posts\/670390\/revisions"}],"wp:featuredmedia":[{"embeddable":true,"href":"https:\/\/www.europesays.com\/fr\/wp-json\/wp\/v2\/media\/670391"}],"wp:attachment":[{"href":"https:\/\/www.europesays.com\/fr\/wp-json\/wp\/v2\/media?parent=670390"}],"wp:term":[{"taxonomy":"category","embeddable":true,"href":"https:\/\/www.europesays.com\/fr\/wp-json\/wp\/v2\/categories?post=670390"},{"taxonomy":"post_tag","embeddable":true,"href":"https:\/\/www.europesays.com\/fr\/wp-json\/wp\/v2\/tags?post=670390"}],"curies":[{"name":"wp","href":"https:\/\/api.w.org\/{rel}","templated":true}]}}