{"id":670394,"date":"2026-01-17T16:39:39","date_gmt":"2026-01-17T16:39:39","guid":{"rendered":"https:\/\/www.europesays.com\/fr\/670394\/"},"modified":"2026-01-17T16:39:39","modified_gmt":"2026-01-17T16:39:39","slug":"lille-apres-lattaque-dun-centre-culturel-par-des-neonazis-mobilisons-nous-ce-samedi-a-14h","status":"publish","type":"post","link":"https:\/\/www.europesays.com\/fr\/670394\/","title":{"rendered":"Lille. Apr\u00e8s l&rsquo;attaque d&rsquo;un centre culturel par des n\u00e9onazis, mobilisons-nous ce samedi \u00e0 14h"},"content":{"rendered":"<p>        Lille. Apr\u00e8s l\u2019attaque d\u2019un centre culturel par des n\u00e9onazis, mobilisons-nous ce samedi \u00e0 14h<\/p>\n<p class=\"article-lede\">Jeudi 15 janvier, le Centre Culturel Libertaire a \u00e9t\u00e9 l\u2019objet d\u2019une attaque par des n\u00e9o-nazis qui ont tabass\u00e9 plusieurs personnes assistant \u00e0 un concert. Ce samedi, plusieurs actions de solidarit\u00e9 sont pr\u00e9vues : collage, tractage et \u00e9change avec la population du quartier populaire de Wazemmes \u00e0 partir de 14h.<\/p>\n<p class=\"autor\">\n<p>                  <a href=\"https:\/\/www.revolutionpermanente.fr\/Boris-Lefebvre\" target=\"_blank\" rel=\"noopener\">Boris Lefebvre<\/a>\n              <\/p>\n<p class=\"date\" style=\"margin-bottom: 2px;\">17 janvier<\/p>\n","protected":false},"excerpt":{"rendered":"Lille. Apr\u00e8s l\u2019attaque d\u2019un centre culturel par des n\u00e9onazis, mobilisons-nous ce samedi \u00e0 14h Jeudi 15 janvier, le&hellip;\n","protected":false},"author":2,"featured_media":670395,"comment_status":"","ping_status":"","sticky":false,"template":"","format":"standard","meta":{"footnotes":""},"categories":[2815],"tags":[1111,11,1777,674,1011,27,811,1307,12,25],"class_list":{"0":"post-670394","1":"post","2":"type-post","3":"status-publish","4":"format-standard","5":"has-post-thumbnail","7":"category-lille","8":"tag-actu","9":"tag-actualites","10":"tag-eu","11":"tag-europe","12":"tag-fr","13":"tag-france","14":"tag-hauts-de-france","15":"tag-lille","16":"tag-news","17":"tag-republique-francaise"},"share_on_mastodon":{"url":"https:\/\/pubeurope.com\/@fr\/115911430289286353","error":""},"_links":{"self":[{"href":"https:\/\/www.europesays.com\/fr\/wp-json\/wp\/v2\/posts\/670394","targetHints":{"allow":["GET"]}}],"collection":[{"href":"https:\/\/www.europesays.com\/fr\/wp-json\/wp\/v2\/posts"}],"about":[{"href":"https:\/\/www.europesays.com\/fr\/wp-json\/wp\/v2\/types\/post"}],"author":[{"embeddable":true,"href":"https:\/\/www.europesays.com\/fr\/wp-json\/wp\/v2\/users\/2"}],"replies":[{"embeddable":true,"href":"https:\/\/www.europesays.com\/fr\/wp-json\/wp\/v2\/comments?post=670394"}],"version-history":[{"count":0,"href":"https:\/\/www.europesays.com\/fr\/wp-json\/wp\/v2\/posts\/670394\/revisions"}],"wp:featuredmedia":[{"embeddable":true,"href":"https:\/\/www.europesays.com\/fr\/wp-json\/wp\/v2\/media\/670395"}],"wp:attachment":[{"href":"https:\/\/www.europesays.com\/fr\/wp-json\/wp\/v2\/media?parent=670394"}],"wp:term":[{"taxonomy":"category","embeddable":true,"href":"https:\/\/www.europesays.com\/fr\/wp-json\/wp\/v2\/categories?post=670394"},{"taxonomy":"post_tag","embeddable":true,"href":"https:\/\/www.europesays.com\/fr\/wp-json\/wp\/v2\/tags?post=670394"}],"curies":[{"name":"wp","href":"https:\/\/api.w.org\/{rel}","templated":true}]}}