{"id":670400,"date":"2026-01-17T16:42:20","date_gmt":"2026-01-17T16:42:20","guid":{"rendered":"https:\/\/www.europesays.com\/fr\/670400\/"},"modified":"2026-01-17T16:42:20","modified_gmt":"2026-01-17T16:42:20","slug":"a-marseille-marine-le-pen-dit-son-optimisme-vis-a-vis-du-proces-en-appel-des-assistants-parlementaires-du-rn","status":"publish","type":"post","link":"https:\/\/www.europesays.com\/fr\/670400\/","title":{"rendered":"\u00e0 Marseille, Marine Le Pen dit son \u00ab\u00a0optimisme\u00a0\u00bb vis-\u00e0-vis du proc\u00e8s en appel des assistants parlementaires du RN"},"content":{"rendered":"<p class=\"article-p mdl\">Marine Le Pen, actuellement jug\u00e9e en appel dans l&rsquo;affaire des assistants d&rsquo;eurod\u00e9put\u00e9s FN, un\u00a0<a class=\"link\" href=\"https:\/\/www.rtl.fr\/actu\/politique\/combative-sure-de-son-innocence-avec-son-proces-en-appel-marine-le-pen-joue-son-avenir-politique-7900587433\" target=\"_blank\" rel=\"noopener\">proc\u00e8s d\u00e9cisif pour sa candidature \u00e0 la pr\u00e9sidentielle de 2027<\/a>, a martel\u00e9, ce samedi 17 janvier \u00e0 Marseille, \u00eatre \u00ab\u00a0engag\u00e9e dans un combat pour (s)on innocence\u00a0\u00bb.\u00a0<\/p>\n<p class=\"article-p mdl\">En d\u00e9placement dans la cit\u00e9 phoc\u00e9enne pour\u00a0<a class=\"link\" href=\"https:\/\/www.rtl.fr\/actu\/politique\/l-illustration-de-ce-qui-se-passe-au-niveau-national-pourquoi-le-pen-s-affiche-aux-cote-du-candidat-rn-pour-les-municipales-a-marseille-7900588912\" target=\"_blank\" rel=\"noopener\">lancer la campagne des municipales<\/a>, la cheffe de file de l&rsquo;extr\u00eame droite, a soulign\u00e9 ne pas vouloir plaider \u00ab\u00a0devant la presse\u00a0\u00bb. \u00ab\u00a0Quand on fait appel, par d\u00e9finition, on est optimiste\u00a0\u00bb, a-t-elle n\u00e9anmoins d\u00e9clar\u00e9 lors d&rsquo;une conf\u00e9rence de presse, accompagn\u00e9e du d\u00e9put\u00e9 RN Franck Allisio, candidat \u00e0 la mairie de Marseille.\u00a0<\/p>\n<p class=\"article-p mdl\">\u00ab\u00a0Je veux conserver cet optimisme et cette conviction que la cour entendra les arguments que le tribunal n&rsquo;a pas entendus\u00a0\u00bb, a poursuivi Marine Le Pen, qui doit \u00eatre entendue \u00e0 partir de mardi 20 janvier apr\u00e8s-midi. Balayant une question sur sa place dans la\u00a0<a class=\"link\" href=\"https:\/\/www.rtl.fr\/actu\/politique\/70-d-entre-eux-le-jugent-en-meilleure-position-comment-jordan-bardella-a-reussi-a-supplanter-marine-le-pen-chez-les-sympathisant-rn-7900587946\" target=\"_blank\" rel=\"noopener\">campagne pour la pr\u00e9sidentielle<\/a>, elle a soulign\u00e9 que sa priorit\u00e9 \u00e9tait que \u00ab\u00a0les id\u00e9es que nous repr\u00e9sentons soient en ordre de marche l&rsquo;\u00e9t\u00e9 prochain pour pouvoir concourir \u00e0 l&rsquo;\u00e9lection pr\u00e9sidentielle dans les meilleures circonstances possibles\u00a0\u00bb.\u00a0<\/p>\n<p class=\"article-p mdl\">\u00c0 l&rsquo;ouverture de son proc\u00e8s en appel mardi \u00e0 Paris, la d\u00e9put\u00e9e d&rsquo;extr\u00eame droite avait soutenu\u00a0<a class=\"link\" href=\"https:\/\/www.rtl.fr\/actu\/politique\/en-direct-marine-le-pen-pourra-t-elle-etre-candidate-en-2027-suivez-son-proces-en-appel-decisif-pour-la-presidentielle-7900587848\" target=\"_blank\" rel=\"noopener\">n&rsquo;avoir eu \u00ab\u00a0aucun sentiment\u00a0\u00bb de commettre un d\u00e9lit<\/a>\u00a0ni \u00ab\u00a0rien dissimul\u00e9\u00a0\u00bb. La justice reproche \u00e0 Marine Le Pen, au Rassemblement national (alors appel\u00e9 Front national) et \u00e0 dix autres pr\u00e9venus d&rsquo;avoir pay\u00e9 entre 2004 et 2016 des salari\u00e9s du parti, qui traversait alors des difficult\u00e9s financi\u00e8res en raison de mauvais r\u00e9sultats \u00e9lectoraux, avec de l&rsquo;argent du Parlement europ\u00e9en.\u00a0<\/p>\n<p class=\"article-p mdl\">En premi\u00e8re instance, Marine Le Pen a \u00e9t\u00e9 condamn\u00e9e par le tribunal correctionnel de Paris \u00e0 quatre ans d&#8217;emprisonnement dont deux ferme sous bracelet \u00e9lectronique, 100.000 euros d&rsquo;amende et, surtout, cinq ans d&rsquo;in\u00e9ligibilit\u00e9 avec ex\u00e9cution provisoire, c&rsquo;est-\u00e0-dire imm\u00e9diate, qui\u00a0l&#8217;emp\u00eache pour l&rsquo;instant de concourir \u00e0 la pr\u00e9sidentielle.<\/p>\n<p>    La r\u00e9daction vous recommande<\/p>\n<p class=\"s-newsletter__title\">\n                L\u2019actualit\u00e9 par la r\u00e9daction de RTL dans votre bo\u00eete mail.\n            <\/p>\n<p class=\"s-newsletter__subtitle\">\n                Gr\u00e2ce \u00e0 votre compte RTL abonnez-vous \u00e0 la newsletter RTL info pour suivre toute l&rsquo;actualit\u00e9 au quotidien\n            <\/p>\n<p>\n                                    Lire la suite\n                                <\/p>\n","protected":false},"excerpt":{"rendered":"Marine Le Pen, actuellement jug\u00e9e en appel dans l&rsquo;affaire des assistants d&rsquo;eurod\u00e9put\u00e9s FN, un\u00a0proc\u00e8s d\u00e9cisif pour sa candidature&hellip;\n","protected":false},"author":2,"featured_media":670401,"comment_status":"","ping_status":"","sticky":false,"template":"","format":"standard","meta":{"footnotes":""},"categories":[2814],"tags":[1111,11,1777,674,107,1011,27,430,884,12,316,2694,882,1078,25],"class_list":{"0":"post-670400","1":"post","2":"type-post","3":"status-publish","4":"format-standard","5":"has-post-thumbnail","7":"category-marseille","8":"tag-actu","9":"tag-actualites","10":"tag-eu","11":"tag-europe","12":"tag-fil-info","13":"tag-fr","14":"tag-france","15":"tag-marine-le-pen","16":"tag-marseille","17":"tag-news","18":"tag-politique","19":"tag-proces","20":"tag-provence-alpes-cote-dazur","21":"tag-rassemblement-national","22":"tag-republique-francaise"},"share_on_mastodon":{"url":"https:\/\/pubeurope.com\/@fr\/115911442080475503","error":""},"_links":{"self":[{"href":"https:\/\/www.europesays.com\/fr\/wp-json\/wp\/v2\/posts\/670400","targetHints":{"allow":["GET"]}}],"collection":[{"href":"https:\/\/www.europesays.com\/fr\/wp-json\/wp\/v2\/posts"}],"about":[{"href":"https:\/\/www.europesays.com\/fr\/wp-json\/wp\/v2\/types\/post"}],"author":[{"embeddable":true,"href":"https:\/\/www.europesays.com\/fr\/wp-json\/wp\/v2\/users\/2"}],"replies":[{"embeddable":true,"href":"https:\/\/www.europesays.com\/fr\/wp-json\/wp\/v2\/comments?post=670400"}],"version-history":[{"count":0,"href":"https:\/\/www.europesays.com\/fr\/wp-json\/wp\/v2\/posts\/670400\/revisions"}],"wp:featuredmedia":[{"embeddable":true,"href":"https:\/\/www.europesays.com\/fr\/wp-json\/wp\/v2\/media\/670401"}],"wp:attachment":[{"href":"https:\/\/www.europesays.com\/fr\/wp-json\/wp\/v2\/media?parent=670400"}],"wp:term":[{"taxonomy":"category","embeddable":true,"href":"https:\/\/www.europesays.com\/fr\/wp-json\/wp\/v2\/categories?post=670400"},{"taxonomy":"post_tag","embeddable":true,"href":"https:\/\/www.europesays.com\/fr\/wp-json\/wp\/v2\/tags?post=670400"}],"curies":[{"name":"wp","href":"https:\/\/api.w.org\/{rel}","templated":true}]}}