{"id":670402,"date":"2026-01-17T16:43:18","date_gmt":"2026-01-17T16:43:18","guid":{"rendered":"https:\/\/www.europesays.com\/fr\/670402\/"},"modified":"2026-01-17T16:43:18","modified_gmt":"2026-01-17T16:43:18","slug":"une-operation-de-grande-ampleur-mobilise-420-agents-7-interpellations","status":"publish","type":"post","link":"https:\/\/www.europesays.com\/fr\/670402\/","title":{"rendered":"une op\u00e9ration de grande ampleur mobilise 420 agents, 7 interpellations"},"content":{"rendered":"<p class=\"gmail-Paragraph gmail-SCXW218038954 gmail-BCX0\" lang=\"FR-FR\">Dans le cadre de la mise en \u0153uvre du plan d\u2019action d\u00e9partemental de restauration de la s\u00e9curit\u00e9 du quotidien, la direction interd\u00e9partementale de la police nationale (DIPN) du Rh\u00f4ne a conduit une op\u00e9ration \u00ab\u00a0ville s\u00e9curit\u00e9 renforc\u00e9e\u00a0\u00bb \u00e0 Bron, les 13 et 14 janvier 2026. Cette intervention s\u2019inscrit dans une s\u00e9rie d\u2019actions similaires men\u00e9es tout au long de l\u2019ann\u00e9e 2025 dans plusieurs secteurs de la m\u00e9tropole lyonnaise, notamment \u00e0 Lyon, V\u00e9nissieux, Rillieux-la-Pape, Villeurbanne ou encore Meyzieu.\u00a0<\/p>\n<p class=\"gmail-Paragraph gmail-SCXW218038954 gmail-BCX0\" lang=\"FR-FR\">Selon le communiqu\u00e9 de la pr\u00e9fecture du Rh\u00f4ne, ce dispositif de grande ampleur a mobilis\u00e9 \u00ab\u00a0420 effectifs, dont 301 policiers nationaux, 45 policiers municipaux, 34 agents des TCL, ainsi que des agents des douanes, de la DDPP et de l\u2019URSAFF.\u00a0\u00bb Les contr\u00f4les ont \u00e9t\u00e9 men\u00e9s \u00e0 la fois sur la voie publique, dans les transports et dans des commerces.\u00a0<\/p>\n<p class=\"gmail-Paragraph gmail-SCXW218038954 gmail-BCX0\" lang=\"FR-FR\">Au total, \u00ab\u00a0pr\u00e8s de 806 personnes ont \u00e9t\u00e9 contr\u00f4l\u00e9es par les forces de l\u2019ordre et par les contr\u00f4leurs des transports publics.\u00a0\u00bb Sept individus ont \u00e9t\u00e9 interpell\u00e9s, \u00ab\u00a0dont 6 dans le cadre d\u2019une enqu\u00eate pour vols en r\u00e9union commis avec d\u00e9gradation,\u00a0\u00bb pr\u00e9cisent encore les services de l&rsquo;\u00c9tat.\u00a0<\/p>\n<p class=\"gmail-Paragraph gmail-SCXW218038954 gmail-BCX0\" lang=\"FR-FR\">L\u2019op\u00e9ration a \u00e9galement donn\u00e9 lieu \u00e0 76 infractions verbalis\u00e9es, concernant notamment \u00ab\u00a0l\u2019usage et la d\u00e9tention de stup\u00e9fiants, le d\u00e9faut de titre de transport, des d\u00e9lits routiers\u00a0\u00bb, ainsi que des mesures de mise en fourri\u00e8re et d\u2019immobilisation de v\u00e9hicules.\u00a0<\/p>\n<p class=\"gmail-Paragraph gmail-SCXW218038954 gmail-BCX0\" lang=\"FR-FR\">Par ailleurs, six commerces ont fait l\u2019objet de contr\u00f4les dans le cadre d\u2019une op\u00e9ration antifraude. Ces v\u00e9rifications ont conduit \u00e0 \u00ab\u00a0une fermeture administrative, une mise en demeure, un avertissement administratif\u00a0\u00bb, en raison d\u2019\u00a0\u00bbinfractions aux r\u00e8gles d\u2019hygi\u00e8ne, d\u2019absence de caisse enregistreuse, d\u2019absence de logiciel de caisse conforme ou de travail dissimul\u00e9.\u00a0\u00bb\u00a0<\/p>\n<p class=\"gmail-Paragraph gmail-SCXW218038954 gmail-BCX0\" lang=\"FR-FR\">Enfin, \u00ab\u00a02 v\u00e9hicules ont \u00e9t\u00e9 saisis dans le cadre de l\u2019op\u00e9ration judiciaire ainsi que 6 675 euros au titre des avoirs criminels\u00a0\u00bb. \u00c0 l\u2019issue de cette op\u00e9ration, \u00a0la Pr\u00e9f\u00e8te du Rh\u00f4ne, Fabienne\u00a0Buccio, \u00ab\u00a0f\u00e9licite l\u2019ensemble des services engag\u00e9s dans cette op\u00e9ration au service de la s\u00e9curit\u00e9 du quotidien des habitants de Bron.\u00a0\u00bb\u00a0<\/p>\n","protected":false},"excerpt":{"rendered":"Dans le cadre de la mise en \u0153uvre du plan d\u2019action d\u00e9partemental de restauration de la s\u00e9curit\u00e9 du&hellip;\n","protected":false},"author":2,"featured_media":670403,"comment_status":"","ping_status":"","sticky":false,"template":"","format":"standard","meta":{"footnotes":""},"categories":[1889],"tags":[1111,11,2813,2190,2430,1109,251,1112,2811,1777,674,118,1011,27,1922,1110,1114,2428,2810,12,241,316,25,2812,517,800],"class_list":{"0":"post-670402","1":"post","2":"type-post","3":"status-publish","4":"format-standard","5":"has-post-thumbnail","7":"category-lyon","8":"tag-actu","9":"tag-actualites","10":"tag-article","11":"tag-asvel","12":"tag-auvergne-rhone-alpes","13":"tag-breves","14":"tag-culture","15":"tag-depeches","16":"tag-economique","17":"tag-eu","18":"tag-europe","19":"tag-faits-divers","20":"tag-fr","21":"tag-france","22":"tag-info","23":"tag-informations","24":"tag-infos","25":"tag-lyon","26":"tag-lyonmag","27":"tag-news","28":"tag-ol","29":"tag-politique","30":"tag-republique-francaise","31":"tag-sociale","32":"tag-sport","33":"tag-transports"},"share_on_mastodon":{"url":"https:\/\/pubeurope.com\/@fr\/115911446192973154","error":""},"_links":{"self":[{"href":"https:\/\/www.europesays.com\/fr\/wp-json\/wp\/v2\/posts\/670402","targetHints":{"allow":["GET"]}}],"collection":[{"href":"https:\/\/www.europesays.com\/fr\/wp-json\/wp\/v2\/posts"}],"about":[{"href":"https:\/\/www.europesays.com\/fr\/wp-json\/wp\/v2\/types\/post"}],"author":[{"embeddable":true,"href":"https:\/\/www.europesays.com\/fr\/wp-json\/wp\/v2\/users\/2"}],"replies":[{"embeddable":true,"href":"https:\/\/www.europesays.com\/fr\/wp-json\/wp\/v2\/comments?post=670402"}],"version-history":[{"count":0,"href":"https:\/\/www.europesays.com\/fr\/wp-json\/wp\/v2\/posts\/670402\/revisions"}],"wp:featuredmedia":[{"embeddable":true,"href":"https:\/\/www.europesays.com\/fr\/wp-json\/wp\/v2\/media\/670403"}],"wp:attachment":[{"href":"https:\/\/www.europesays.com\/fr\/wp-json\/wp\/v2\/media?parent=670402"}],"wp:term":[{"taxonomy":"category","embeddable":true,"href":"https:\/\/www.europesays.com\/fr\/wp-json\/wp\/v2\/categories?post=670402"},{"taxonomy":"post_tag","embeddable":true,"href":"https:\/\/www.europesays.com\/fr\/wp-json\/wp\/v2\/tags?post=670402"}],"curies":[{"name":"wp","href":"https:\/\/api.w.org\/{rel}","templated":true}]}}