{"id":670411,"date":"2026-01-17T16:49:36","date_gmt":"2026-01-17T16:49:36","guid":{"rendered":"https:\/\/www.europesays.com\/fr\/670411\/"},"modified":"2026-01-17T16:49:36","modified_gmt":"2026-01-17T16:49:36","slug":"quinte-quinte-du-dimanche-18-janvier-a-vincennes-lannee-de-jeroboam-derable","status":"publish","type":"post","link":"https:\/\/www.europesays.com\/fr\/670411\/","title":{"rendered":"Quint\u00e9+: Quint\u00e9+ du dimanche 18 janvier \u00e0 Vincennes : L&rsquo;ann\u00e9e de J\u00e9roboam d&rsquo;Erable ?"},"content":{"rendered":"<p><strong>Les partants du Quint\u00e9+ de ce dimanche 18 janvier<\/strong><strong style=\"float: left;margin-left: 2%;\">PRIX DE CORNULIER<\/strong><strong style=\"float: right;margin-right: 2%;\">DIMANCHE 18 JANVIER<\/strong><br \/>PARIS-VINCENNES &#8211; 2700 METRES &#8211; \u00a0<img decoding=\"async\" alt=\"picto_attele\" class=\"img2\" src=\"https:\/\/static.equidia.fr\/equidia\/discipline\/trot.svg\"\/>D\u00c9PART : 15H15<strong>Les forces en pr\u00e9sence<\/strong><\/p>\n<p style=\"text-align: justify;\">Rapidement fautif dans l&rsquo;\u00e9dition 2024 du Prix Bilibili (Gr.1), dont il \u00e9tait le grandissime favori, <a href=\"https:\/\/www.equidia.fr\/chevaux\/jeroboam-derable?horse_uuid=21261534-652e-41fc-b846-60d1d6c8d87d\" target=\"_blank\" rel=\"noopener\">JEROBOAM D&rsquo;ERABLE (10)<\/a> avait d\u00fb interrompre de fa\u00e7on pr\u00e9matur\u00e9e son meeting d&rsquo;hiver. Ce cheval d&rsquo;exception est revenu plus fort que jamais et a marqu\u00e9 les esprits en survolant le Prix Auguste Fran\u00e7ois (Gr.3), le 10 d\u00e9cembre dernier. Il n&rsquo;a pas eu un hiver charg\u00e9 et a pu pr\u00e9parer ce sommet avec s\u00e9r\u00e9nit\u00e9. Il pourrait offrir un premier Prix de Cornulier \u00e0 Damien Bonne, qui compte pour meilleur r\u00e9sultat dans cette \u00e9preuve une quatri\u00e8me place en 2016, avec Moving On. V\u00e9ritable \u00ab\u00a0roc\u00a0\u00bb, <a href=\"https:\/\/www.equidia.fr\/chevaux\/its-a-dollarmaker?horse_uuid=1e8e72bb-cb16-4c4d-95a0-271d19fe97ac\" target=\"_blank\" rel=\"noopener\">IT&rsquo;S A DOLLARMAKER (14)<\/a> a fait forte impression en d\u00e9but de meeting dans le Prix Reynolds (Gr.2). Il a beaucoup de fra\u00eecheur et pr\u00e9sente l&rsquo;avantage de pouvoir aller devant et de ne pas \u00eatre tributaire du d\u00e9roulement de course. D\u00e8s lors, malgr\u00e9 son manque d&rsquo;exp\u00e9rience dans la sp\u00e9cialit\u00e9, il a lui aussi les moyens de viser la cons\u00e9cration. Quatri\u00e8me en 2024 et deuxi\u00e8me l&rsquo;an dernier, l&rsquo;exceptionnelle <a href=\"https:\/\/www.equidia.fr\/chevaux\/ina-du-rib?horse_uuid=30918baa-1bce-48bb-b742-a43edf342ad3\" target=\"_blank\" rel=\"noopener\">INA DU RIB (16)<\/a> a ax\u00e9 toute sa pr\u00e9paration sur ce grand rendez-vous. Elle n&rsquo;a jamais d\u00e9\u00e7u sans ses quatre fers et d\u00e9pend d&rsquo;un entourage qui a maintes fois brill\u00e9 dans cette prestigieuse \u00e9preuve. D\u00e8s lors, elle doit \u00eatre retenue en priorit\u00e9. <a href=\"https:\/\/www.equidia.fr\/chevaux\/ideale-du-chene?horse_uuid=369a7e69-af0d-4f3f-8fb8-9ffe75ee739f\" target=\"_blank\" rel=\"noopener\">IDEALE DU CHENE (18)<\/a> n&rsquo;est pas la plus riche par hasard et n&rsquo;a pas \u00e0 rougir de ses deux derni\u00e8res \u00ab\u00a0d\u00e9faites\u00a0\u00bb. Elle fait partie de l&rsquo;\u00e9lite depuis plusieurs saisons et m\u00e9rite le plus grand respect. Grand malheureux des \u00e9preuves qualificatives au Prix d&rsquo;Am\u00e9rique, <a href=\"https:\/\/www.equidia.fr\/chevaux\/iguski-sautonne?horse_uuid=5cb2c1c8-1d52-4535-abd8-7934b4e8f279\" target=\"_blank\" rel=\"noopener\">IGUSKI SAUTONNE (13)<\/a> se console en participant \u00e0 ce Prix de Cornulier. Il a tr\u00e8s bien d\u00e9but\u00e9 dans la sp\u00e9cialit\u00e9 le 10 d\u00e9cembre et tentera de marcher sur les traces de Bellissima France, laur\u00e9ate en 2017 pour l&rsquo;entra\u00eenement de Matthieu Abrivard. <a href=\"https:\/\/www.equidia.fr\/chevaux\/je-menvole?horse_uuid=68233e84-f300-4bd8-aa56-72d0ae9a2359\" target=\"_blank\" rel=\"noopener\">JE M&rsquo;ENVOLE (5)<\/a>, convaincant le 27 novembre et mont\u00e9 par l&rsquo;\u00c9trier d&rsquo;Or. <a href=\"https:\/\/www.equidia.fr\/chevaux\/jean-balthazar?horse_uuid=15daa696-2981-4c6d-a255-a831690176d8\" target=\"_blank\" rel=\"noopener\">JEAN BALTHAZAR (15)<\/a>, sixi\u00e8me l&rsquo;an pass\u00e9 malgr\u00e9 un parcours peu enviable, et <a href=\"https:\/\/www.equidia.fr\/chevaux\/islamorada-1?horse_uuid=edc162e2-506a-4108-b450-a0936e341b93\" target=\"_blank\" rel=\"noopener\">ISLAMORADA (2)<\/a>, la valeur montante, ne peuvent \u00eatre ignor\u00e9s \u00e0 l&rsquo;heure du choix. Nous aurions pu en citer d&rsquo;autres&#8230;<\/p>\n<p><strong>Le prono de MICKAEL AFRIAT<\/strong><\/p>\n<tr cellpadding=\"0\" cellspacing=\"10\" class=\"row5\" style=\"text-align: left; background-color: #FFFFFF; font-size: 130%;\">\n<td style=\"text-align: center;\">10<\/td>\n<td style=\"text-align: center;\">14<\/td>\n<td style=\"text-align: center;\">16<\/td>\n<td style=\"text-align: center;\">18<\/td>\n<td style=\"text-align: center;\">13<\/td>\n<td style=\"text-align: center;\">5<\/td>\n<td style=\"text-align: center;\">15<\/td>\n<td style=\"text-align: center;\">2<\/td>\n<\/tr>\n<tr class=\"row6\" style=\"text-align: center; background-color: #FFFFFF; column-width: 6rem;\">\n<td class=\"col10\"><img decoding=\"async\" alt=\"casaque_JEROBOAM D'ERABLE\" class=\"cas\" src=\"https:\/\/www.europesays.com\/fr\/wp-content\/uploads\/2026\/01\/20260118-r1c4p10-png.png\" style=\" width: 70%;\"\/><\/p>\n<p class=\"col10\" style=\"font-size: x-small; line-height: 11px;;\">JEROBOAM D&rsquo;ERABLE<\/p>\n<\/td>\n<td class=\"col14\"><img decoding=\"async\" alt=\"casaque_IT'S A DOLLARMAKER\" class=\"cas\" src=\"https:\/\/www.europesays.com\/fr\/wp-content\/uploads\/2026\/01\/20260118-r1c4p14-png.png\" style=\" width: 70%;\"\/><\/p>\n<p class=\"col10\" style=\"font-size: x-small; line-height: 11px;;\">IT&rsquo;S A DOLLARMAKER<\/p>\n<\/td>\n<td class=\"col16\"><img decoding=\"async\" alt=\"casaque_INA DU RIB\" class=\"cas\" src=\"https:\/\/www.europesays.com\/fr\/wp-content\/uploads\/2026\/01\/20260118-r1c4p16-png.png\" style=\" width: 70%;\"\/><\/p>\n<p class=\"col10\" style=\"font-size: x-small; line-height: 11px;;\">INA DU RIB<\/p>\n<\/td>\n<td class=\"col18\"><img decoding=\"async\" alt=\"casaque_IDEALE DU CHENE\" class=\"cas\" src=\"https:\/\/www.europesays.com\/fr\/wp-content\/uploads\/2026\/01\/20260118-r1c4p18-png.png\" style=\" width: 70%;\"\/><\/p>\n<p class=\"col10\" style=\"font-size: x-small; line-height: 11px;;\">IDEALE DU CHENE<\/p>\n<\/td>\n<td class=\"col13\"><img decoding=\"async\" alt=\"casaque_IGUSKI SAUTONNE\" class=\"cas\" src=\"https:\/\/www.europesays.com\/fr\/wp-content\/uploads\/2026\/01\/20260118-r1c4p13-png.png\" style=\" width: 70%;\"\/><\/p>\n<p class=\"col10\" style=\"font-size: x-small; line-height: 11px;;\">IGUSKI SAUTONNE<\/p>\n<\/td>\n<td class=\"col5\"><img decoding=\"async\" alt=\"casaque_JE M'ENVOLE\" class=\"cas\" src=\"https:\/\/www.europesays.com\/fr\/wp-content\/uploads\/2026\/01\/20260118-r1c4p5-png.png\" style=\" width: 70%;\"\/><\/p>\n<p class=\"col10\" style=\"font-size: x-small; line-height: 11px;;\">JE M&rsquo;ENVOLE<\/p>\n<\/td>\n<td class=\"col15\"><img decoding=\"async\" alt=\"casaque_JEAN BALTHAZAR\" class=\"cas\" src=\"https:\/\/www.europesays.com\/fr\/wp-content\/uploads\/2026\/01\/20260118-r1c4p15-png.png\" style=\" width: 70%;\"\/><\/p>\n<p class=\"col10\" style=\"font-size: x-small; line-height: 11px;;\">JEAN BALTHAZAR<\/p>\n<\/td>\n<td class=\"col2\"><img decoding=\"async\" alt=\"casaque_ISLAMORADA\" class=\"cas\" src=\"https:\/\/www.europesays.com\/fr\/wp-content\/uploads\/2026\/01\/20260118-r1c4p2-png.png\" style=\" width: 70%;\"\/><\/p>\n<p class=\"col10\" style=\"font-size: x-small; line-height: 11px;;\">ISLAMORADA<\/p>\n<\/td>\n<\/tr>\n<p><a href=\"https:\/\/servedby.revive-adserver.net\/ck.php?n=a3265498&amp;cb=1234\" target=\"_blank\" rel=\"noopener\"><img decoding=\"async\" alt=\"\" border=\"0\" src=\"https:\/\/www.europesays.com\/fr\/wp-content\/uploads\/2026\/01\/1768668561_560_avw.png\"\/><\/a><\/p>\n<p><strong>Les partants en d\u00e9tail (par M. AFRIAT) et l&rsquo;avis des pros (par M. BRIDAULT)<\/strong><\/p>\n<p id=\"ch_KID BELLAY\" style=\"margin-bottom: 1%;\"><a href=\"https:\/\/www.equidia.fr\/chevaux\/kid-bellay?horse_uuid=710453d7-5f35-464d-9739-fd20a4e5b36f\" target=\"_blank\" rel=\"noopener\">1 &#8211; \u00a0<img decoding=\"async\" alt=\"casaque_KID BELLAY\" src=\"https:\/\/www.europesays.com\/fr\/wp-content\/uploads\/2026\/01\/20260118-r1c4p1-png.png\" style=\"width: 4.5%; margin :0; vertical-align : middle;\"\/>\u00a0\u00a0KID BELLAY<\/a><\/p>\n<p style=\"text-align: justify;\">Sans sa faute \u00e0 la sortie du tournant final, il aurait probablement donn\u00e9 chaud \u00e0 KEENGAME (7) dans le Prix Bilibili (Gr.1). Il fait partie des meilleurs \u00ab K \u00bb, mais son manque de maniabilit\u00e9 pourrait lui \u00eatre fatal face \u00e0 des comp\u00e9titeurs aussi exp\u00e9riment\u00e9s et endurcis. Un regret parmi tant d&rsquo;autres.<\/p>\n<p><strong>Gauthier Baudouin, fils de l&rsquo;entra\u00eeneur : <\/strong><\/p>\n<p style=\"text-align: justify;\">\u00ab Kid Bellay (1) a \u00e9chapp\u00e9 \u00e0 son jockey dans la descente lors de sa derni\u00e8re sortie. Cela reste son passage d\u00e9licat et son partenaire ne le connaissait pas encore. Auparavant, dans le Prix Bilibili, il avait le gaz mais pas l&rsquo;allure, en \u00e9tant pieds nus. Il est en forme et a d\u00e9j\u00e0 brill\u00e9 au niveau Groupe 1, face \u00e0 ses contemporains. Son jockey le conna\u00eet bien, ce qui est un vrai plus. Il devrait \u00eatre mont\u00e9 dans le groupe de t\u00eate. Il n&rsquo;est pas hors d&rsquo;affaire et a les moyens de prendre une place. \u00bb<\/p>\n<p id=\"ch_ISLAMORADA\" style=\"margin-bottom: 1%;\"><a href=\"https:\/\/www.equidia.fr\/chevaux\/islamorada-1?horse_uuid=edc162e2-506a-4108-b450-a0936e341b93\" target=\"_blank\" rel=\"noopener\">2 &#8211; \u00a0<img decoding=\"async\" alt=\"casaque_ISLAMORADA\" src=\"https:\/\/www.europesays.com\/fr\/wp-content\/uploads\/2026\/01\/1768668562_992_20260118-r1c4p2-png.png\" style=\"width: 4.5%; margin :0; vertical-align : middle;\"\/>\u00a0\u00a0ISLAMORADA<\/a><\/p>\n<p style=\"text-align: justify;\">Elle a brillamment remport\u00e9 la Qualif 3 et fait figure de valeur montante dans la sp\u00e9cialit\u00e9, malgr\u00e9 son \u00e2ge avanc\u00e9 (8 ans). Elle sera mont\u00e9e par Camille Levesque, qui a d\u00e9j\u00e0 obtenu quatre podiums dans cette \u00e9preuve mythique, sans toutefois parvenir \u00e0 s&rsquo;y imposer. M\u00eame si elle est bien moins titr\u00e9e que les principaux favoris, il convient de s&rsquo;en m\u00e9fier.<\/p>\n<p><strong>Camille Levesque, jockey et fille de l&rsquo;entra\u00eeneur : <\/strong><\/p>\n<p style=\"text-align: justify;\">\u00ab Islamorada (2) a toujours \u00e9t\u00e9 estim\u00e9e au sein de l&rsquo;\u00e9curie de mon p\u00e8re. Il a pris son temps avec elle. Elle a bien gagn\u00e9 le Prix du Calvados, ce qui nous permet de courir ce Cornulier. Si l&rsquo;on se fie \u00e0 ses r\u00e9ductions kilom\u00e9triques, elle a sa chance. N\u00e9anmoins, on aurait aim\u00e9 un peu plus de temps entre les deux courses et c&rsquo;est une jument qui peut manquer de maniabilit\u00e9 pour ce genre d&rsquo;\u00e9preuves. Elle a montr\u00e9 qu&rsquo;elle avait sa place au d\u00e9part et une chance pour les places. Sachez que sa pr\u00e9paration s&rsquo;est bien pass\u00e9e. \u00bb<\/p>\n<p id=\"ch_HANNAH\" style=\"margin-bottom: 1%;\"><a href=\"https:\/\/www.equidia.fr\/chevaux\/hannah?horse_uuid=f6afc533-1a2e-4fbc-bb3a-9b26be6168c3\" target=\"_blank\" rel=\"noopener\">3 &#8211; \u00a0<img decoding=\"async\" alt=\"casaque_HANNAH\" src=\"https:\/\/www.europesays.com\/fr\/wp-content\/uploads\/2026\/01\/20260118-r1c4p3-png.png\" style=\"width: 4.5%; margin :0; vertical-align : middle;\"\/>\u00a0\u00a0HANNAH<\/a><\/p>\n<p style=\"text-align: justify;\">Cette jument de 9 ans n&rsquo;a gagn\u00e9 qu&rsquo;\u00e0 trois reprises en 88 courses et semble surclass\u00e9e en pareille compagnie. Elle n&rsquo;a pas fini tr\u00e8s loin d&rsquo;ISLAMORADA (2) et HEURISTIQUE (4) le 17 d\u00e9cembre, mais cette ligne para\u00eet insuffisante pour esp\u00e9rer un bon classement dans un tel sommet. Gros outsider.<\/p>\n<p><strong>Julien Raffestin, entra\u00eeneur : <\/strong><\/p>\n<p style=\"text-align: justify;\">\u00ab Hannah (3) vient de bien se comporter \u00e0 plusieurs reprises et se pr\u00e9sentera en forme. Son propri\u00e9taire veut se faire plaisir puisqu&rsquo;il y a une place pour nous au d\u00e9part. Elle est pratique et peut se faufiler dans le parcours. Le Prix Jacques Andrieu, programm\u00e9 le 25 janvier, est \u00e9galement tr\u00e8s relev\u00e9e. Elle aura un bel engagement le 7 f\u00e9vrier, donc l&rsquo;espace entre le Cornulier et cette \u00e9preuve sera parfait. Avant le coup, elle est barr\u00e9e pour les premi\u00e8res places, mais si elle parvient \u00e0 prendre un petit ch\u00e8que, je serais aux anges. \u00bb<\/p>\n<p id=\"ch_HEURISTIQUE\" style=\"margin-bottom: 1%;\"><a href=\"https:\/\/www.equidia.fr\/chevaux\/heuristique-1?horse_uuid=0d233ac4-f381-45f8-96be-f07a961f6e15\" target=\"_blank\" rel=\"noopener\">4 &#8211; \u00a0<img decoding=\"async\" alt=\"casaque_HEURISTIQUE\" src=\"https:\/\/www.europesays.com\/fr\/wp-content\/uploads\/2026\/01\/20260118-r1c4p4-png.png\" style=\"width: 4.5%; margin :0; vertical-align : middle;\"\/>\u00a0\u00a0HEURISTIQUE<\/a><\/p>\n<p style=\"text-align: justify;\">\u00c9patante l&rsquo;hiver dernier, en faisant notamment plier l&rsquo;excellent Impala de Val, elle a connu un souci technique dans la Qualif 3 mais a tout de m\u00eame fait bonne figure jusqu&rsquo;au bout (4e). Elle affronte cette fois l&rsquo;\u00e9lite du trot mont\u00e9, mais ses r\u00e9f\u00e9rences chronom\u00e9triques l&rsquo;autorisent \u00e0 briguer la cinqui\u00e8me place. Pour une cote.<\/p>\n<p><strong>Jean-Philippe Raffegeau, entra\u00eeneur : <\/strong><\/p>\n<p style=\"text-align: justify;\">\u00ab Heuristique (4) a cass\u00e9 sa croupi\u00e8re la derni\u00e8re fois, donc la selle a avanc\u00e9 et elle s&rsquo;est retrouv\u00e9e moins enr\u00ean\u00e9e. De plus, elle a tir\u00e9 durant la mont\u00e9e. Tout cela mis bout \u00e0 bout explique son comportement. Pour autant, elle s&rsquo;est montr\u00e9e courageuse et s&rsquo;est bien relanc\u00e9e pour finir. Elle est revenue \u00e0 un tr\u00e8s bon niveau. Nous nous pr\u00e9sentons sans pression, en position d&rsquo;outsider. Elle est tr\u00e8s dure mais manque parfois de maniabilit\u00e9. Nous allons mettre tous les atouts de notre c\u00f4t\u00e9 pour qu&rsquo;elle fournisse sa meilleure valeur. Son jockey la connait et a d\u00e9j\u00e0 gagn\u00e9 cette \u00e9preuve, en 2024. Sa pr\u00e9paration s&rsquo;est bien d\u00e9roul\u00e9e. Si elle termine dans les cinq premiers, ce sera d\u00e9j\u00e0 un grand succ\u00e8s. \u00bb<\/p>\n<p id=\"ch_JE M'ENVOLE\" style=\"margin-bottom: 1%;\"><a href=\"https:\/\/www.equidia.fr\/chevaux\/je-menvole?horse_uuid=68233e84-f300-4bd8-aa56-72d0ae9a2359\" target=\"_blank\" rel=\"noopener\">5 &#8211; \u00a0<img decoding=\"async\" alt=\"casaque_JE M'ENVOLE\" src=\"https:\/\/www.europesays.com\/fr\/wp-content\/uploads\/2026\/01\/1768668565_516_20260118-r1c4p5-png.png\" style=\"width: 4.5%; margin :0; vertical-align : middle;\"\/>\u00a0\u00a0JE M&rsquo;ENVOLE<\/a><\/p>\n<p style=\"text-align: justify;\">Il avait frapp\u00e9 un grand coup dans le Prix Paul Buquet, le 27 novembre, en dominant de la t\u00eate et des \u00e9paules IDEALE DU CHENE (18) et JEAN BALTHAZAR (15). Depuis, il s&rsquo;est produit avec ses fers afin de pr\u00e9parer ce sommet. Vite sur jambes, il pourra sans aucun doute suivre les animateurs, qui devraient imprimer un rythme s\u00e9lectif. Il a beaucoup d&rsquo;atouts dans son jeu !<\/p>\n<p><strong>Mathieu Mottier, entra\u00eeneur et jockey : <\/strong><\/p>\n<p style=\"text-align: justify;\">\u00ab Je M&rsquo;envole (5) arrive sur ce Prix de Cornulier en pleine forme. Sa pr\u00e9paration s&rsquo;est bien pass\u00e9e. On a fait l&rsquo;impasse sur le Calvados pour lui laisser de la fra\u00eecheur, sachant qu&rsquo;il \u00e9tait ferr\u00e9 lors de sa derni\u00e8re course. On garde l&rsquo;effet d\u00e9ferrage pour cette grande course. Je pense que Jeroboam d&rsquo;Erable (10) sera difficile \u00e0 battre, mais mon cheval devrait faire sa course et lutter pour les places. \u00bb<\/p>\n<p id=\"ch_HARMONISTA\" style=\"margin-bottom: 1%;\"><a href=\"https:\/\/www.equidia.fr\/chevaux\/harmonista?horse_uuid=79a6bacb-8c6c-4776-9ea9-2ee0620eee79\" target=\"_blank\" rel=\"noopener\">6 &#8211; \u00a0<img decoding=\"async\" alt=\"casaque_HARMONISTA\" src=\"https:\/\/www.europesays.com\/fr\/wp-content\/uploads\/2026\/01\/20260118-r1c4p6-png.png\" style=\"width: 4.5%; margin :0; vertical-align : middle;\"\/>\u00a0\u00a0HARMONISTA<\/a><\/p>\n<p style=\"text-align: justify;\">Pour son retour au mont\u00e9, dans le \u00ab Cornulier des apprentis \u00bb, elle a fourni un tr\u00e8s bel effort final le 27 d\u00e9cembre (3e). Sa t\u00e2che est autrement plus difficile cette fois et son jeune (et talentueux) jockey prendra part \u00e0 son premier championnat du monde des trotteurs mont\u00e9s. Il y a mieux.<\/p>\n<p><strong>L&rsquo;avis du reporter : <\/strong><\/p>\n<p style=\"text-align: justify;\">\u00ab Pour son retour au trot mont\u00e9, Harmonista (6) a pris une bonne troisi\u00e8me dans le Prix Yvonnick Bodin, le \u00ab\u00a0Cornulier des apprentis\u00a0\u00bb. Elle est capable de finir vite, mais monte s\u00e9rieusement de cat\u00e9gorie. Elle n&rsquo;a encore jamais brill\u00e9 \u00e0 ce niveau et aura des ambitions limit\u00e9es. \u00bb<\/p>\n<p id=\"ch_KEENGAME\" style=\"margin-bottom: 1%;\"><a href=\"https:\/\/www.equidia.fr\/chevaux\/keengame?horse_uuid=30c0c3ef-ed1f-4c99-a14c-26edfc1791b5\" target=\"_blank\" rel=\"noopener\">7 &#8211; \u00a0<img decoding=\"async\" alt=\"casaque_KEENGAME\" src=\"https:\/\/www.europesays.com\/fr\/wp-content\/uploads\/2026\/01\/20260118-r1c4p7-png.png\" style=\"width: 4.5%; margin :0; vertical-align : middle;\"\/>\u00a0\u00a0KEENGAME<\/a><\/p>\n<p style=\"text-align: justify;\">Cette repr\u00e9sentante de l&rsquo;\u00e9curie Hunter Valley a pris le leadership de sa promotion en fin d&rsquo;ann\u00e9e derni\u00e8re. Elle a entretenu sa condition dans le Prix L\u00e9on Tacquet (3e), sans \u00eatre d\u00e9ferr\u00e9e, et a les moyens de mener la vie dure \u00e0 ses a\u00een\u00e9s. N\u00e9anmoins, elle a parfois fait des fautes, notamment au moment du d\u00e9part, et le peloton touffu ne l&rsquo;avantagera pas. Oui, mais\u2026<\/p>\n<p><strong>Jean-Philippe Monclin, entra\u00eeneur : <\/strong><\/p>\n<p style=\"text-align: justify;\">\u00ab Quand Keengame (7) est arriv\u00e9e \u00e0 la maison, nous avons tent\u00e9 de l&rsquo;orienter vers le trot mont\u00e9, car elle \u00e9tait tr\u00e8s caract\u00e9rielle, et c&rsquo;est devenu sa sp\u00e9cialit\u00e9 de pr\u00e9dilection. Elle a beaucoup de temp\u00e9rament, mais ce n&rsquo;est pas forc\u00e9ment un d\u00e9faut. Elle a couru sagement dans le Prix L\u00e9on Tacquet et a pourtant pris une tr\u00e8s bonne troisi\u00e8me place. Le rythme probablement soutenu de dimanche va l&rsquo;avantager, car c&rsquo;est une jument qui ne \u00ab cale \u00bb jamais. Anthony Barrier la conna\u00eet par c\u0153ur et sait parfaitement s&rsquo;en servir. Le parcours fera la diff\u00e9rence. Elle a d\u00e9j\u00e0 remport\u00e9 son objectif de l&rsquo;hiver, le Prix Bilibili, et cette participation au \u00ab Cornulier \u00bb est tout simplement la cerise sur le g\u00e2teau. \u00bb<\/p>\n<p id=\"ch_HALFA\" style=\"margin-bottom: 1%;\"><a href=\"https:\/\/www.equidia.fr\/chevaux\/halfa?horse_uuid=4bb719a8-a50a-44b2-bb4c-bba33580df0b\" target=\"_blank\" rel=\"noopener\">8 &#8211; \u00a0<img decoding=\"async\" alt=\"casaque_HALFA\" src=\"https:\/\/www.europesays.com\/fr\/wp-content\/uploads\/2026\/01\/20260118-r1c4p8-png.png\" style=\"width: 4.5%; margin :0; vertical-align : middle;\"\/>\u00a0\u00a0HALFA<\/a><\/p>\n<p style=\"text-align: justify;\">Septi\u00e8me de l&rsquo;\u00e9dition 2024, en tra\u00e7ant une plaisante fin de course, cette fille d&rsquo;Offshore Dream nous a assur\u00e9s de sa forme dans la Qualif 3, derri\u00e8re ISLAMORADA (2) et JEAN BALTHAZAR (15). Elle n&rsquo;a aucune marge de man\u0153uvre face \u00e0 l&rsquo;\u00e9lite mais sera \u00e0 l&rsquo;aff\u00fbt des d\u00e9faillances.<\/p>\n<p><strong>St\u00e9phane Levoy, entra\u00eeneur : <\/strong><\/p>\n<p style=\"text-align: justify;\">\u00ab Halfa (8) est rest\u00e9e en belle forme. Elle a bien travaill\u00e9, notamment lundi sur la plage de Deauville. Elle est barr\u00e9e pour les premi\u00e8res places mais, avec un parcours sans encombre, elle peut prendre une petite place. \u00bb<\/p>\n<p id=\"ch_KAPAULA DE L'EPINE\" style=\"margin-bottom: 1%;\"><a href=\"https:\/\/www.equidia.fr\/chevaux\/kapaula-de-lepine?horse_uuid=08d0826e-7aec-4d4e-8e73-bced424c2e1a\" target=\"_blank\" rel=\"noopener\">9 &#8211; \u00a0<img decoding=\"async\" alt=\"casaque_KAPAULA DE L'EPINE\" src=\"https:\/\/www.europesays.com\/fr\/wp-content\/uploads\/2026\/01\/20260118-r1c4p9-png.png\" style=\"width: 4.5%; margin :0; vertical-align : middle;\"\/>\u00a0\u00a0KAPAULA DE L&rsquo;EPINE<\/a><\/p>\n<p style=\"text-align: justify;\">Un brin d\u00e9cevante dans le Prix Bilibili (6e), elle vient de rassurer ses supporters en \u00e9voluant totalement d\u00e9ferr\u00e9e. Elle a montr\u00e9 \u00e0 maintes reprises qu&rsquo;elle faisait partie des meilleures de sa promotion mais doit d\u00e9sormais faire ses preuves face aux chevaux d&rsquo;\u00e2ge. Sans en faire une impossibilit\u00e9, d&rsquo;autres protagonistes offrent davantage de garanties.<\/p>\n<p><strong>J\u00e9r\u00e9my Gaston Van Eeckhaute, entra\u00eeneur : <\/strong><\/p>\n<p style=\"text-align: justify;\">\u00ab Kapaula de l&rsquo;Epine (9) vient de tr\u00e8s bien courir derri\u00e8re London. Sa pr\u00e9paration s&rsquo;est tr\u00e8s bien pass\u00e9e. Elle n&rsquo;a rencontr\u00e9 aucun probl\u00e8me et arrive sur cette course au top de sa forme. Elle d\u00e9marre bien et nous allons prendre des risques en partant \u00e0 l&rsquo;int\u00e9rieur, afin d&rsquo;\u00e9viter de voyager \u00e0 l&rsquo;ext\u00e9rieur. Elle doit \u00eatre pr\u00e9serv\u00e9e. C&rsquo;est tr\u00e8s ouvert pour les places et je pense qu&rsquo;elle peut terminer dans le Quint\u00e9+ avec un parcours sans encombre. \u00bb<\/p>\n<p id=\"ch_JEROBOAM D'ERABLE\" style=\"margin-bottom: 1%;\"><a href=\"https:\/\/www.equidia.fr\/chevaux\/jeroboam-derable?horse_uuid=21261534-652e-41fc-b846-60d1d6c8d87d\" target=\"_blank\" rel=\"noopener\">10 &#8211; \u00a0<img decoding=\"async\" alt=\"casaque_JEROBOAM D'ERABLE\" src=\"https:\/\/www.europesays.com\/fr\/wp-content\/uploads\/2026\/01\/1768668568_883_20260118-r1c4p10-png.png\" style=\"width: 4.5%; margin :0; vertical-align : middle;\"\/>\u00a0\u00a0JEROBOAM D&rsquo;ERABLE<\/a><\/p>\n<p style=\"text-align: justify;\">Ce v\u00e9ritable champion a marqu\u00e9 les esprits le 10 d\u00e9cembre en survolant le Prix Auguste Fran\u00e7ois. Un peu plus t\u00f4t dans l&rsquo;ann\u00e9e, il avait terrass\u00e9 INA DU RIB (16) et JEAN BALTHAZAR (15) sur ce parcours classique. S&rsquo;il fournit sa meilleure valeur, il peut obtenir la cons\u00e9cration.<\/p>\n<p><strong>Damien Bonne, jockey : <\/strong><\/p>\n<p style=\"text-align: justify;\">\u00ab Jeroboam d&rsquo;Erable (10) a encore \u00e9t\u00e9 impressionnant lors de sa derni\u00e8re victoire sous la selle. Il a ensuite tr\u00e8s bien couru \u00e0 l&rsquo;attel\u00e9. Son entourage m&rsquo;a dit qu&rsquo;il \u00e9tait bien au travail et qu&rsquo;il n&rsquo;a subi aucun contretemps. C&rsquo;est un cheval complet et dur \u00e0 l&rsquo;effort. Il y a beaucoup de partants, donc il faudra que tout se passe bien et que nous \u00e9vitions les ennuis de trafic. Avant le coup, tout est r\u00e9uni pour qu&rsquo;il fournisse sa meilleure valeur. Il s&rsquo;agit d&rsquo;un Prix de Cornulier et la concurrence est f\u00e9roce, mais je pars tr\u00e8s confiant. \u00bb<\/p>\n<p id=\"ch_IBIKI DE HOUELLE\" style=\"margin-bottom: 1%;\"><a href=\"https:\/\/www.equidia.fr\/chevaux\/ibiki-de-houelle?horse_uuid=8a363170-16c5-4e2f-8cba-d1fab33a0ed1\" target=\"_blank\" rel=\"noopener\">11 &#8211; \u00a0<img decoding=\"async\" alt=\"casaque_IBIKI DE HOUELLE\" src=\"https:\/\/www.europesays.com\/fr\/wp-content\/uploads\/2026\/01\/20260118-r1c4p11-png.png\" style=\"width: 4.5%; margin :0; vertical-align : middle;\"\/>\u00a0\u00a0IBIKI DE HOUELLE<\/a><\/p>\n<p style=\"text-align: justify;\">Tr\u00e8s jou\u00e9 dans l&rsquo;\u00e9dition 2024, il avait \u00e9t\u00e9 sanctionn\u00e9 pour ses allures en plaine alors qu&rsquo;il caracolait en t\u00eate. Il monte en puissance et vient de fournir une bonne valeur \u00e0 Cagnes-sur-Mer, mais il reste plus \u00e0 l&rsquo;aise au trot attel\u00e9. Face \u00e0 des comp\u00e9titeurs aussi confirm\u00e9s sous la selle, il remplirait son contrat en accrochant une allocation.<\/p>\n<p><strong>K\u00e9vin Leblanc, entra\u00eeneur : <\/strong><\/p>\n<p style=\"text-align: justify;\">\u00ab Ibiki de Houelle (11) vient de tr\u00e8s bien se comporter \u00e0 Cagnes-sur-Mer. Il a support\u00e9 le poids de la course et, si le record du parcours a \u00e9t\u00e9 battu ce jour-l\u00e0, c&rsquo;est un peu gr\u00e2ce \u00e0 lui. Le matin, je ne l&rsquo;avais pas vu dans cet \u00e9tat de forme depuis tr\u00e8s longtemps. On tente un vrai coup de poker : ses derni\u00e8res sorties dans la sp\u00e9cialit\u00e9 n&rsquo;ont pas \u00e9t\u00e9 concluantes et on ne l&rsquo;a pas r\u00e9essay\u00e9 sous la selle. Comme l&rsquo;aurait fait mon p\u00e8re, je le pr\u00e9sente \u00ab \u00e0 la surprise \u00bb. Nous y allons sans pression et nous n&rsquo;aurons aucun regret si cela ne va pas. Le matin, il est au top. \u00c7a passe ou \u00e7a casse ! \u00bb<\/p>\n<p id=\"ch_KYT KAT\" style=\"margin-bottom: 1%;\"><a href=\"https:\/\/www.equidia.fr\/chevaux\/kyt-kat?horse_uuid=4ede651c-afa0-44c1-a361-822215e1aa84\" target=\"_blank\" rel=\"noopener\">12 &#8211; \u00a0<img decoding=\"async\" alt=\"casaque_KYT KAT\" src=\"https:\/\/www.europesays.com\/fr\/wp-content\/uploads\/2026\/01\/20260118-r1c4p12-png.png\" style=\"width: 4.5%; margin :0; vertical-align : middle;\"\/>\u00a0\u00a0KYT KAT<\/a><\/p>\n<p style=\"text-align: justify;\">Double laur\u00e9at de Groupe 1 au trot mont\u00e9, cet \u00e9l\u00e8ve de Thomas Levesque n&rsquo;a pu convaincre lors de ses deux premi\u00e8res sorties de l&rsquo;hiver. Il affronte les \u00ab vieux \u00bb pour la premi\u00e8re fois et devra montrer un tout autre visage pour esp\u00e9rer jouer un bon r\u00f4le. Simple outsider.<\/p>\n<p><strong>Thomas Levesque, entra\u00eeneur : <\/strong><\/p>\n<p style=\"text-align: justify;\">\u00ab Kyt Kat (12) n&rsquo;a pas \u00e9t\u00e9 heureux dans le Prix Bilibili, se faisant sortir dans la mont\u00e9e. Il a repris de la fra\u00eecheur depuis sa derni\u00e8re sortie. Je l&rsquo;ai travaill\u00e9 en cons\u00e9quence pour cette grande course. Il affronte les vieux et doit rassurer, mais il poss\u00e8de des titres face \u00e0 ses contemporains. Il est s\u00fbrement barr\u00e9 pour la victoire, mais je ne serais pas surpris de le voir finir dans les cinq premiers. \u00bb<\/p>\n<p id=\"ch_IGUSKI SAUTONNE\" style=\"margin-bottom: 1%;\"><a href=\"https:\/\/www.equidia.fr\/chevaux\/iguski-sautonne?horse_uuid=5cb2c1c8-1d52-4535-abd8-7934b4e8f279\" target=\"_blank\" rel=\"noopener\">13 &#8211; \u00a0<img decoding=\"async\" alt=\"casaque_IGUSKI SAUTONNE\" src=\"https:\/\/www.europesays.com\/fr\/wp-content\/uploads\/2026\/01\/1768668570_783_20260118-r1c4p13-png.png\" style=\"width: 4.5%; margin :0; vertical-align : middle;\"\/>\u00a0\u00a0IGUSKI SAUTONNE<\/a><\/p>\n<p style=\"text-align: justify;\">Laur\u00e9at de Groupe 1 \u00e0 l&rsquo;attel\u00e9 (Prix de l&rsquo;Atlantique 2025), ce sprinteur hors pair a \u00e9t\u00e9 l&rsquo;un des grands malchanceux des \u00e9preuves qualificatives au Prix d&rsquo;Am\u00e9rique. Il a effectu\u00e9 d&rsquo;excellents d\u00e9buts sous la selle le 10 d\u00e9cembre, derri\u00e8re JEROBOAM D&rsquo;ERABLE (10), et poss\u00e8de une petite marge de progression dans la sp\u00e9cialit\u00e9. Sur une pointe, il peut faire mal !<\/p>\n<p><strong>Matthieu Abrivard, entra\u00eeneur : <\/strong><\/p>\n<p style=\"text-align: justify;\">\u00ab J&rsquo;ai ax\u00e9 toute la pr\u00e9paration d&rsquo;Iguski Sautonne (13) sur ce Prix de Cornulier. Il a couru r\u00e9guli\u00e8rement, toutes les trois semaines. Son essai sous la selle a \u00e9t\u00e9 bon. Il \u00e9tait un peu perdu dans le parcours, mais il avait du bon gaz. Il a bien plu \u00e0 son jockey. Il est remont\u00e9 \u00e0 Grosbois il y a quelques jours pour pr\u00e9parer cette course. Il a \u00e9t\u00e9 malheureux lors de sa derni\u00e8re course \u00e0 l&rsquo;attelage, dans le Prix de Bourgogne, terminant avec des ressources. Son moral est intact. On compte sur lui ! \u00bb<\/p>\n<p id=\"ch_IT'S A DOLLARMAKER\" style=\"margin-bottom: 1%;\"><a href=\"https:\/\/www.equidia.fr\/chevaux\/its-a-dollarmaker?horse_uuid=1e8e72bb-cb16-4c4d-95a0-271d19fe97ac\" target=\"_blank\" rel=\"noopener\">14 &#8211; \u00a0<img decoding=\"async\" alt=\"casaque_IT'S A DOLLARMAKER\" src=\"https:\/\/www.europesays.com\/fr\/wp-content\/uploads\/2026\/01\/1768668571_217_20260118-r1c4p14-png.png\" style=\"width: 4.5%; margin :0; vertical-align : middle;\"\/>\u00a0\u00a0IT&rsquo;S A DOLLARMAKER<\/a><\/p>\n<p style=\"text-align: justify;\">Ce cheval solide a fait grosse impression lors de ses deux derni\u00e8res tentatives au trot mont\u00e9. Il a repris de la fra\u00eecheur depuis sa tentative malheureuse dans le Prix du Bourbonnais (11e) et peut animer les d\u00e9bats, un \u00e9norme avantage. Mont\u00e9 par le jockey tenant du titre, il sera logiquement tr\u00e8s en vue.<\/p>\n<p><strong>S\u00e9bastien Guarato, entra\u00eeneur : <\/strong><\/p>\n<p style=\"text-align: justify;\">\u00ab It&rsquo;s A Dollarmaker (14) est un cheval imposant, qui avait besoin de prendre de la force. D\u00e9sormais, il est bien soud\u00e9. J&rsquo;ai pr\u00e9f\u00e9r\u00e9 lui laisser de la fra\u00eecheur pour ce rendez-vous. Ses derni\u00e8res sorties sous la selle sont excellentes. Il a une classe d&rsquo;attelage et ne manque pas de tenue, surtout s&rsquo;il ne tire pas et peut \u00eatre pr\u00e9serv\u00e9. Il avait battu Iroise de la No\u00e9 dans la finale du Grand National du Trot l&rsquo;hiver dernier. Tous les feux sont au vert. Certes, Jeroboam d&rsquo;Erable (10) s&rsquo;annonce difficile \u00e0 battre, mais je compte le voir jouer un tr\u00e8s bon r\u00f4le. \u00bb<\/p>\n<p id=\"ch_JEAN BALTHAZAR\" style=\"margin-bottom: 1%;\"><a href=\"https:\/\/www.equidia.fr\/chevaux\/jean-balthazar?horse_uuid=15daa696-2981-4c6d-a255-a831690176d8\" target=\"_blank\" rel=\"noopener\">15 &#8211; \u00a0<img decoding=\"async\" alt=\"casaque_JEAN BALTHAZAR\" src=\"https:\/\/www.europesays.com\/fr\/wp-content\/uploads\/2026\/01\/1768668572_48_20260118-r1c4p15-png.png\" style=\"width: 4.5%; margin :0; vertical-align : middle;\"\/>\u00a0\u00a0JEAN BALTHAZAR<\/a><\/p>\n<p style=\"text-align: justify;\">Sixi\u00e8me l&rsquo;an pass\u00e9, malgr\u00e9 un parcours peu enviable, ce fer de lance de Pascal Castel a eu un excellent comportement dans la Q3 (2e), en \u00e9tant seulement plaqu\u00e9 aux ant\u00e9rieurs. Il s&rsquo;entend parfaitement avec Guillaume Martin (un succ\u00e8s et quatre places en six associations) et se pr\u00e9sentera fin pr\u00eat pour son grand objectif de l&rsquo;hiver. Dans le coup !<\/p>\n<p><strong>Pascal Castel, entra\u00eeneur : <\/strong><\/p>\n<p style=\"text-align: justify;\">\u00ab Apr\u00e8s une p\u00e9riode de repos, Jean Balthazar (15) est mont\u00e9 en puissance au fil des courses. Il est d\u00e9sormais revenu \u00e0 son meilleur niveau. Le matin, il est allant et a du bon gaz. Tout s&rsquo;est bien d\u00e9roul\u00e9 le matin. Avec 18 partants, il ne faut pas rencontrer de probl\u00e8me de parcours, mais il est assez maniable. Il y a peut-\u00eatre deux ou trois chevaux sup\u00e9rieurs, mais il va faire sa course. Je suis assez serein et il doit pouvoir terminer dans les cinq premiers. \u00bb<\/p>\n<p id=\"ch_INA DU RIB\" style=\"margin-bottom: 1%;\"><a href=\"https:\/\/www.equidia.fr\/chevaux\/ina-du-rib?horse_uuid=30918baa-1bce-48bb-b742-a43edf342ad3\" target=\"_blank\" rel=\"noopener\">16 &#8211; \u00a0<img decoding=\"async\" alt=\"casaque_INA DU RIB\" src=\"https:\/\/www.europesays.com\/fr\/wp-content\/uploads\/2026\/01\/1768668572_669_20260118-r1c4p16-png.png\" style=\"width: 4.5%; margin :0; vertical-align : middle;\"\/>\u00a0\u00a0INA DU RIB<\/a><\/p>\n<p style=\"text-align: justify;\">Quatri\u00e8me en 2024, elle a failli cr\u00e9er l&rsquo;exploit l&rsquo;an dernier (2e). Toutes ses courses de l&rsquo;hiver ont \u00e9t\u00e9 discr\u00e8tes, mais elle se transcende sans ses quatre fers (trois succ\u00e8s, deux accessits et une quatri\u00e8me place en six sorties au mont\u00e9). Si elle fournit sa meilleure valeur, elle est capable de mettre tout le monde d&rsquo;accord.<\/p>\n<p><strong>No\u00e9 Perron, assistant de Jo\u00ebl Hallais : <\/strong><\/p>\n<p style=\"text-align: justify;\">\u00ab Ina du Rib (16) avait tr\u00e8s bien couru lors de sa premi\u00e8re sortie de l&rsquo;hiver au trot mont\u00e9. En dernier lieu, nous l&rsquo;avons trouv\u00e9e moins tranchante, mais ce comportement \u00e9tait pr\u00e9visible car elle avait besoin de rythme. Elle monte en puissance et sera pieds nus. On conna\u00eet sa qualit\u00e9. Elle peut manquer d&rsquo;une vraie course, malgr\u00e9 cela, elle devrait pouvoir s&rsquo;illustrer. \u00bb<\/p>\n<p id=\"ch_HIRONDELLE DU RIB\" style=\"margin-bottom: 1%;\"><a href=\"https:\/\/www.equidia.fr\/chevaux\/hirondelle-du-rib?horse_uuid=534fdf39-d65c-4dd4-867f-4f6d76d94fb2\" target=\"_blank\" rel=\"noopener\">17 &#8211; \u00a0<img decoding=\"async\" alt=\"casaque_HIRONDELLE DU RIB\" src=\"https:\/\/www.europesays.com\/fr\/wp-content\/uploads\/2026\/01\/20260118-r1c4p17-png.png\" style=\"width: 4.5%; margin :0; vertical-align : middle;\"\/>\u00a0\u00a0HIRONDELLE DU RIB<\/a><\/p>\n<p style=\"text-align: justify;\">Deuxi\u00e8me de l&rsquo;\u00e9dition 2024, elle s&rsquo;est vite montr\u00e9e fautive l&rsquo;an dernier. Elle n&rsquo;a encore rien montr\u00e9 durant ce meeting mais sera cette fois pieds nus, configuration dans laquelle elle avait remport\u00e9 un Groupe 1 l&rsquo;hiver dernier. Malgr\u00e9 une forme douteuse, il serait hasardeux de l&rsquo;\u00e9liminer totalement.<\/p>\n<p><strong>No\u00e9 Perron, jockey : <\/strong><\/p>\n<p style=\"text-align: justify;\">\u00ab Hirondelle du Rib (17) a manqu\u00e9 pour finir dans le Prix du Calvados, mais elle avait ses fers. Cette course lui a fait le plus grand bien. Elle manquait de rythme apr\u00e8s des probl\u00e8mes de jambes cet \u00e9t\u00e9. Il faut voir si elle retrouve son niveau et si elle ne manque pas encore d&rsquo;une course, mais elle montre souplesse et envie le matin. Elle arrive dans le bon timing pour ce Prix de Cornulier. Elle peut prendre une place. \u00bb<\/p>\n<p id=\"ch_IDEALE DU CHENE\" style=\"margin-bottom: 1%;\"><a href=\"https:\/\/www.equidia.fr\/chevaux\/ideale-du-chene?horse_uuid=369a7e69-af0d-4f3f-8fb8-9ffe75ee739f\" target=\"_blank\" rel=\"noopener\">18 &#8211; \u00a0<img decoding=\"async\" alt=\"casaque_IDEALE DU CHENE\" src=\"https:\/\/www.europesays.com\/fr\/wp-content\/uploads\/2026\/01\/1768668574_155_20260118-r1c4p18-png.png\" style=\"width: 4.5%; margin :0; vertical-align : middle;\"\/>\u00a0\u00a0IDEALE DU CHENE<\/a><\/p>\n<p style=\"text-align: justify;\">Troisi\u00e8me en 2024 et septi\u00e8me en 2025, cette jument de classe se pr\u00e9sentera cette ann\u00e9e avec plus de fra\u00eecheur que d&rsquo;habitude. Elle avait offert une belle r\u00e9plique \u00e0 JE M&rsquo;ENVOLE (5) le 27 novembre, sans \u00eatre au top, et peut cette fois dominer son rival. Elle s&rsquo;\u00e9lance mieux qu&rsquo;auparavant et fait logiquement partie des candidates au podium.<\/p>\n<p><strong>Julien Le Mer, entra\u00eeneur : <\/strong><\/p>\n<p style=\"text-align: justify;\">\u00ab On a d\u00e9cid\u00e9 de laisser plus de fra\u00eecheur qu&rsquo;\u00e0 l&rsquo;accoutum\u00e9e \u00e0 Id\u00e9ale du Ch\u00eane (18). Il faut faire attention au d\u00e9part, mais elle a bien d\u00e9marr\u00e9 ces derniers temps. Une fois les premiers m\u00e8tres pass\u00e9s, elle est assez maniable. Une course rythm\u00e9e servirait ses int\u00e9r\u00eats. Le plateau est relev\u00e9 cette ann\u00e9e, avec des jeunes aux dents longues, mais ma jument me semble en tr\u00e8s grande forme. \u00bb<\/p>\n<p><strong>Les favoris de la presse<\/strong><\/p>\n<p class=\"synthese\"><strong>SYNTH\u00c8SE \u00a0\u00a0\u00a0\u00a010\u00a0\u00a0&#8211;\u00a0\u00a014\u00a0\u00a0&#8211;\u00a0\u00a013\u00a0\u00a0&#8211;\u00a0\u00a05\u00a0\u00a0&#8211;\u00a0\u00a016\u00a0\u00a0&#8211;\u00a0\u00a018\u00a0\u00a0&#8211;\u00a0\u00a02\u00a0\u00a0&#8211;\u00a0\u00a07<\/strong><\/p>\n<p><a href=\"https:\/\/servedby.revive-adserver.net\/ck.php?n=aa10a822&amp;cb=1234\" target=\"_blank\" rel=\"noopener\"><img decoding=\"async\" alt=\"\" border=\"0\" src=\"https:\/\/www.europesays.com\/fr\/wp-content\/uploads\/2026\/01\/1768668575_593_avw.png\"\/><\/a><\/p>\n<p><strong>Les stats du jour<\/strong><\/p>\n<p><img decoding=\"async\" src=\"https:\/\/www.europesays.com\/fr\/wp-content\/uploads\/2026\/01\/0118_stats-web_2025-jpg-1.jpeg\"\/><\/p>\n","protected":false},"excerpt":{"rendered":"Les partants du Quint\u00e9+ de ce dimanche 18 janvierPRIX DE CORNULIERDIMANCHE 18 JANVIERPARIS-VINCENNES &#8211; 2700 METRES &#8211; \u00a0D\u00c9PART&hellip;\n","protected":false},"author":2,"featured_media":670412,"comment_status":"","ping_status":"","sticky":false,"template":"","format":"standard","meta":{"footnotes":""},"categories":[1888],"tags":[11,1777,674,1011,27,7636,12,626,1821,3015,25,7637],"class_list":{"0":"post-670411","1":"post","2":"type-post","3":"status-publish","4":"format-standard","5":"has-post-thumbnail","7":"category-paris","8":"tag-actualites","9":"tag-eu","10":"tag-europe","11":"tag-fr","12":"tag-france","13":"tag-monte","14":"tag-news","15":"tag-paris","16":"tag-pronostics","17":"tag-qrcode","18":"tag-republique-francaise","19":"tag-trot"},"share_on_mastodon":{"url":"https:\/\/pubeurope.com\/@fr\/115911471529709261","error":""},"_links":{"self":[{"href":"https:\/\/www.europesays.com\/fr\/wp-json\/wp\/v2\/posts\/670411","targetHints":{"allow":["GET"]}}],"collection":[{"href":"https:\/\/www.europesays.com\/fr\/wp-json\/wp\/v2\/posts"}],"about":[{"href":"https:\/\/www.europesays.com\/fr\/wp-json\/wp\/v2\/types\/post"}],"author":[{"embeddable":true,"href":"https:\/\/www.europesays.com\/fr\/wp-json\/wp\/v2\/users\/2"}],"replies":[{"embeddable":true,"href":"https:\/\/www.europesays.com\/fr\/wp-json\/wp\/v2\/comments?post=670411"}],"version-history":[{"count":0,"href":"https:\/\/www.europesays.com\/fr\/wp-json\/wp\/v2\/posts\/670411\/revisions"}],"wp:featuredmedia":[{"embeddable":true,"href":"https:\/\/www.europesays.com\/fr\/wp-json\/wp\/v2\/media\/670412"}],"wp:attachment":[{"href":"https:\/\/www.europesays.com\/fr\/wp-json\/wp\/v2\/media?parent=670411"}],"wp:term":[{"taxonomy":"category","embeddable":true,"href":"https:\/\/www.europesays.com\/fr\/wp-json\/wp\/v2\/categories?post=670411"},{"taxonomy":"post_tag","embeddable":true,"href":"https:\/\/www.europesays.com\/fr\/wp-json\/wp\/v2\/tags?post=670411"}],"curies":[{"name":"wp","href":"https:\/\/api.w.org\/{rel}","templated":true}]}}