{"id":670415,"date":"2026-01-17T16:51:13","date_gmt":"2026-01-17T16:51:13","guid":{"rendered":"https:\/\/www.europesays.com\/fr\/670415\/"},"modified":"2026-01-17T16:51:13","modified_gmt":"2026-01-17T16:51:13","slug":"guerre-en-ukraine-trois-emissaires-de-kiev-aux-etats-unis-ce-samedi-pour-des-pourparlers-sur-la-fin-du-conflit-avec-la-russie","status":"publish","type":"post","link":"https:\/\/www.europesays.com\/fr\/670415\/","title":{"rendered":"Guerre en Ukraine\u00a0: trois \u00e9missaires de Kiev aux \u00c9tats-Unis ce samedi pour des pourparlers sur la fin du conflit avec la Russie"},"content":{"rendered":"<p>\n                                                                Les Ukrainiens Kyrylo Boudanov, Roustem Oumerov et David Arakhamia ont rejoint les \u00c9tats-Unis ce samedi 17\u00a0janvier en fin de matin\u00e9e. Les n\u00e9gociateurs vont rendre visite \u00e0 leurs interlocuteurs am\u00e9ricains Steve Vitkoff et Jares Kushner afin de mettre fin \u00e0 la guerre qui m\u00e8le l\u2019Ukraine et la Russie depuis quatre ans.\n                            <\/p>\n<p>Les n\u00e9gociateurs ukrainiens sont arriv\u00e9s en fin de matin\u00e9e, samedi, aux \u00c9tats-Unis pour des pourparlers avec l\u2019\u00e9missaire de Donald Trump, Steve Witkoff, et son gendre Jared Kushner. L\u2019objectif de cette nouvelle rencontre\u00a0: mettre fin \u00e0 pr\u00e8s de quatre ann\u00e9es de guerre avec la Russie, a d\u00e9clar\u00e9 un membre de la d\u00e9l\u00e9gation.<\/p>\n<p>Les \u00e9missaires am\u00e9ricains n\u00e9gocient s\u00e9par\u00e9ment avec Kiev et Moscou depuis des mois un accord destin\u00e9 \u00e0 faire cesser le conflit, mais plusieurs questions restent non r\u00e9solues, dont celles des territoires occup\u00e9s et des garanties de s\u00e9curit\u00e9 pour l\u2019Ukraine.<\/p>\n<p>Une rencontre sur fond de bombardements<\/p>\n<p>Ces nouvelles discussions, qui se tiendront \u00e0 Miami, en Floride, interviennent alors qu\u2019une s\u00e9rie de bombardements russes massifs contre les infrastructures de l\u2019Ukraine ont provoqu\u00e9 des coupures de courant et de chauffage massives en plein hiver. Une situation que le pr\u00e9sident ukrainien Volodymyr Zelensky a imput\u00e9e vendredi \u00e0 une p\u00e9nurie de missiles antia\u00e9riens occidentaux.<\/p>\n<p>\u00ab\u00a0Arriv\u00e9s aux \u00c9tats-Unis. Avec (le chef de la s\u00e9curit\u00e9) Roustem Oumerov et (le n\u00e9gociateur) David Arakhamia, nous aurons une conversation importante avec nos partenaires am\u00e9ricains concernant les d\u00e9tails de l\u2019accord de paix\u00a0\u00bb, a affirm\u00e9 Kyrylo Boudanov sur les r\u00e9seaux sociaux, ajoutant qu'\u00a0\u00bbune r\u00e9union conjointe avec Steve Witkoff, Jared Kushner et (le secr\u00e9taire am\u00e9ricain \u00e0 l\u2019Arm\u00e9e de terre) Dan Driscoll est pr\u00e9vue\u00a0\u00bb.<\/p>\n<p>Une issue la semaine prochaine\u00a0?<\/p>\n<p>Vendredi, Volodymyr Zelensky avait annonc\u00e9 le d\u00e9placement et dit esp\u00e9rer obtenir \u00ab\u00a0plus de clart\u00e9\u00a0\u00bb sur les documents pr\u00e9par\u00e9s avec les Am\u00e9ricains et la position de la Russie \u00e0 leur sujet.\u00a0\u00ab\u00a0Si tout est finalis\u00e9 et si la partie am\u00e9ricaine donne son accord [\u2026], alors une signature pendant le Forum \u00e9conomique mondial de Davos sera possible\u00a0\u00bb la semaine prochaine, a-t-il ajout\u00e9.<\/p>\n<p>Donald Trump avait assur\u00e9 pour sa part mercredi \u00e0 l\u2019agence Reuters que le pr\u00e9sident russe Vladimir Poutine \u00e9tait \u00ab\u00a0pr\u00eat \u00e0 conclure un accord\u00a0\u00bb, mais que \u00ab\u00a0l\u2019Ukraine \u00e9tait moins dispos\u00e9e \u00e0 le faire\u00a0\u00bb. Le pr\u00e9sident am\u00e9ricain avait imput\u00e9 le blocage dans les n\u00e9gociations \u00e0 Volodymyr Zelensky.<\/p>\n","protected":false},"excerpt":{"rendered":"Les Ukrainiens Kyrylo Boudanov, Roustem Oumerov et David Arakhamia ont rejoint les \u00c9tats-Unis ce samedi 17\u00a0janvier en fin&hellip;\n","protected":false},"author":2,"featured_media":670416,"comment_status":"","ping_status":"","sticky":false,"template":"","format":"standard","meta":{"footnotes":""},"categories":[1591],"tags":[1111,11,1887,131,74,12,1885,1886,132],"class_list":{"0":"post-670415","1":"post","2":"type-post","3":"status-publish","4":"format-standard","5":"has-post-thumbnail","7":"category-russie","8":"tag-actu","9":"tag-actualites","10":"tag-federation-de-russie","11":"tag-guerre-en-ukraine","12":"tag-monde","13":"tag-news","14":"tag-russia","15":"tag-russian-federation","16":"tag-russie"},"share_on_mastodon":{"url":"https:\/\/pubeurope.com\/@fr\/115911477338770500","error":""},"_links":{"self":[{"href":"https:\/\/www.europesays.com\/fr\/wp-json\/wp\/v2\/posts\/670415","targetHints":{"allow":["GET"]}}],"collection":[{"href":"https:\/\/www.europesays.com\/fr\/wp-json\/wp\/v2\/posts"}],"about":[{"href":"https:\/\/www.europesays.com\/fr\/wp-json\/wp\/v2\/types\/post"}],"author":[{"embeddable":true,"href":"https:\/\/www.europesays.com\/fr\/wp-json\/wp\/v2\/users\/2"}],"replies":[{"embeddable":true,"href":"https:\/\/www.europesays.com\/fr\/wp-json\/wp\/v2\/comments?post=670415"}],"version-history":[{"count":0,"href":"https:\/\/www.europesays.com\/fr\/wp-json\/wp\/v2\/posts\/670415\/revisions"}],"wp:featuredmedia":[{"embeddable":true,"href":"https:\/\/www.europesays.com\/fr\/wp-json\/wp\/v2\/media\/670416"}],"wp:attachment":[{"href":"https:\/\/www.europesays.com\/fr\/wp-json\/wp\/v2\/media?parent=670415"}],"wp:term":[{"taxonomy":"category","embeddable":true,"href":"https:\/\/www.europesays.com\/fr\/wp-json\/wp\/v2\/categories?post=670415"},{"taxonomy":"post_tag","embeddable":true,"href":"https:\/\/www.europesays.com\/fr\/wp-json\/wp\/v2\/tags?post=670415"}],"curies":[{"name":"wp","href":"https:\/\/api.w.org\/{rel}","templated":true}]}}