{"id":670419,"date":"2026-01-17T16:53:18","date_gmt":"2026-01-17T16:53:18","guid":{"rendered":"https:\/\/www.europesays.com\/fr\/670419\/"},"modified":"2026-01-17T16:53:18","modified_gmt":"2026-01-17T16:53:18","slug":"une-delegation-ukrainienne-aux-usa-pour-discuter-des-garanties-de-securite","status":"publish","type":"post","link":"https:\/\/www.europesays.com\/fr\/670419\/","title":{"rendered":"Une d\u00e9l\u00e9gation ukrainienne aux USA pour discuter des garanties de s\u00e9curit\u00e9"},"content":{"rendered":"<p>KYIV, 17 janvier (Reuters) &#8211; Une d\u00e9l\u00e9gation ukrainienne est arriv\u00e9e samedi aux Etats-Unis pour discuter des garanties de s\u00e9curit\u00e9 afin de mettre fin au conflit avec la Russie, a d\u00e9clar\u00e9 le bureau du pr\u00e9sident ukrainien.<\/p>\n<p>\n              La d\u00e9l\u00e9gation ukrainienne doit rencontrer l&rsquo;\u00e9missaire am\u00e9ricain Steve Witkoff et le gendre du pr\u00e9sident am\u00e9ricain Jared Kushner ainsi que le secr\u00e9taire \u00e0 l&rsquo;Arm\u00e9e, Daniel Driscoll, a pr\u00e9cis\u00e9 Kyrylo Budanov.<\/p>\n<p>\n              \u00ab\u00a0L&rsquo;Ukraine a besoin d&rsquo;une paix juste. Nous travaillons \u00e0 accomplir des r\u00e9sultats\u00a0\u00bb, a-t-il d\u00e9clar\u00e9 sur Telegram.<\/p>\n<p>\n              L&rsquo;Ukraine et les Etats-Unis ont convenu d&rsquo;un accord de paix de vingt points, alors que le Kremlin ne s&rsquo;est pas encore prononc\u00e9 sur le sujet.<\/p>\n<p>\n              En d\u00e9but de semaine, le pr\u00e9sident am\u00e9ricain Donald Trump a d\u00e9clar\u00e9 \u00e0 Reuters qu&rsquo;il pourrait rencontrer Volodimir Zelensky au forum \u00e0 Davos, en Suisse, une rencontre que le dirigeant ukrainien a publiquement sollicit\u00e9e.<\/p>\n<p>\n              Donald Trump, qui a souvent critiqu\u00e9 Volodimir Zelensky, a d\u00e9clar\u00e9 mercredi que la Russie \u00e9tait pr\u00eate \u00e0 conclure un accord de paix et qu&rsquo;il consid\u00e9rait le dirigeant ukrainien comme l&rsquo;obstacle \u00e0 la paix, une \u00e9valuation qui contraste fortement avec celle des alli\u00e9s europ\u00e9ens.<\/p>\n<p>\n              Vendredi, le pr\u00e9sident ukrainien a d\u00e9clar\u00e9 que la Russie entravait les efforts de paix et a cit\u00e9 les r\u00e9centes attaques de Moscou contre le syst\u00e8me \u00e9nerg\u00e9tique ukrainien comme preuve de ses intentions r\u00e9elles.<\/p>\n<p>\n               (Reportage d&rsquo;Olena Harmash; version fran\u00e7aise Zhifan Liu)<\/p>\n","protected":false},"excerpt":{"rendered":"KYIV, 17 janvier (Reuters) &#8211; Une d\u00e9l\u00e9gation ukrainienne est arriv\u00e9e samedi aux Etats-Unis pour discuter des garanties de&hellip;\n","protected":false},"author":2,"featured_media":670420,"comment_status":"","ping_status":"","sticky":false,"template":"","format":"standard","meta":{"footnotes":""},"categories":[1589],"tags":[11,340,73,1866,12,1864,1865,1863,308],"class_list":{"0":"post-670419","1":"post","2":"type-post","3":"status-publish","4":"format-standard","5":"has-post-thumbnail","7":"category-etats-unis","8":"tag-actualites","9":"tag-bourse","10":"tag-etats-unis","11":"tag-etats-unis-damerique","12":"tag-news","13":"tag-united-states","14":"tag-united-states-of-america","15":"tag-us","16":"tag-usa"},"share_on_mastodon":{"url":"https:\/\/pubeurope.com\/@fr\/115911485237269698","error":""},"_links":{"self":[{"href":"https:\/\/www.europesays.com\/fr\/wp-json\/wp\/v2\/posts\/670419","targetHints":{"allow":["GET"]}}],"collection":[{"href":"https:\/\/www.europesays.com\/fr\/wp-json\/wp\/v2\/posts"}],"about":[{"href":"https:\/\/www.europesays.com\/fr\/wp-json\/wp\/v2\/types\/post"}],"author":[{"embeddable":true,"href":"https:\/\/www.europesays.com\/fr\/wp-json\/wp\/v2\/users\/2"}],"replies":[{"embeddable":true,"href":"https:\/\/www.europesays.com\/fr\/wp-json\/wp\/v2\/comments?post=670419"}],"version-history":[{"count":0,"href":"https:\/\/www.europesays.com\/fr\/wp-json\/wp\/v2\/posts\/670419\/revisions"}],"wp:featuredmedia":[{"embeddable":true,"href":"https:\/\/www.europesays.com\/fr\/wp-json\/wp\/v2\/media\/670420"}],"wp:attachment":[{"href":"https:\/\/www.europesays.com\/fr\/wp-json\/wp\/v2\/media?parent=670419"}],"wp:term":[{"taxonomy":"category","embeddable":true,"href":"https:\/\/www.europesays.com\/fr\/wp-json\/wp\/v2\/categories?post=670419"},{"taxonomy":"post_tag","embeddable":true,"href":"https:\/\/www.europesays.com\/fr\/wp-json\/wp\/v2\/tags?post=670419"}],"curies":[{"name":"wp","href":"https:\/\/api.w.org\/{rel}","templated":true}]}}