{"id":67043,"date":"2025-05-01T14:06:23","date_gmt":"2025-05-01T14:06:23","guid":{"rendered":"https:\/\/www.europesays.com\/fr\/67043\/"},"modified":"2025-05-01T14:06:23","modified_gmt":"2025-05-01T14:06:23","slug":"pulnoy-mai-en-gris-en-souvenir-de-maxence-vaincu-par-le-glioblastome","status":"publish","type":"post","link":"https:\/\/www.europesays.com\/fr\/67043\/","title":{"rendered":"Pulnoy. Mai en gris en souvenir de Maxence, vaincu par le glioblastome"},"content":{"rendered":"<p>Je ne m\u2019attendais pas \u00e0 un tel engagement.\u00a0\u00bb Laetitia Antonella, tr\u00e8s \u00e9mue, est surprise. \u00ab\u00a0Cach\u00e9e derri\u00e8re mon ordinateur, j\u2019ai juste mis un post sur Facebook, c\u2019est une premi\u00e8re.\u00a0\u00bb Un appel qui a fait mouche\u00a0: de nombreuses manifestations auront lieu \u00e0 l\u2019occasion de Mai en Gris, mois international de la sensibilisation aux tumeurs c\u00e9r\u00e9brales.<\/p>\n<p>Apr\u00e8s \u00ab\u00a0Deux ans de col\u00e8re, sauf contre le corps m\u00e9dical qui a d\u00e9plac\u00e9 des murs\u00a0\u00bb Laetitia Antonella veut \u00ab\u00a0en parler pour mobiliser\u00a0\u00bb. En 2022, le&#8230;<\/p>\n","protected":false},"excerpt":{"rendered":"Je ne m\u2019attendais pas \u00e0 un tel engagement.\u00a0\u00bb Laetitia Antonella, tr\u00e8s \u00e9mue, est surprise. \u00ab\u00a0Cach\u00e9e derri\u00e8re mon ordinateur,&hellip;\n","protected":false},"author":2,"featured_media":67044,"comment_status":"","ping_status":"","sticky":false,"template":"","format":"standard","meta":{"footnotes":""},"categories":[9635],"tags":[1111,11,1704,1777,674,1011,27,775,11362,1702,12,16781,25,71],"class_list":{"0":"post-67043","1":"post","2":"type-post","3":"status-publish","4":"format-standard","5":"has-post-thumbnail","7":"category-nancy","8":"tag-actu","9":"tag-actualites","10":"tag-edition-nancy-et-agglomeration","11":"tag-eu","12":"tag-europe","13":"tag-fr","14":"tag-france","15":"tag-grand-est","16":"tag-metropole-du-grand-nancy-54b3","17":"tag-nancy","18":"tag-news","19":"tag-pulnoy","20":"tag-republique-francaise","21":"tag-sante"},"share_on_mastodon":{"url":"https:\/\/pubeurope.com\/@fr\/114432965858812201","error":""},"_links":{"self":[{"href":"https:\/\/www.europesays.com\/fr\/wp-json\/wp\/v2\/posts\/67043","targetHints":{"allow":["GET"]}}],"collection":[{"href":"https:\/\/www.europesays.com\/fr\/wp-json\/wp\/v2\/posts"}],"about":[{"href":"https:\/\/www.europesays.com\/fr\/wp-json\/wp\/v2\/types\/post"}],"author":[{"embeddable":true,"href":"https:\/\/www.europesays.com\/fr\/wp-json\/wp\/v2\/users\/2"}],"replies":[{"embeddable":true,"href":"https:\/\/www.europesays.com\/fr\/wp-json\/wp\/v2\/comments?post=67043"}],"version-history":[{"count":0,"href":"https:\/\/www.europesays.com\/fr\/wp-json\/wp\/v2\/posts\/67043\/revisions"}],"wp:featuredmedia":[{"embeddable":true,"href":"https:\/\/www.europesays.com\/fr\/wp-json\/wp\/v2\/media\/67044"}],"wp:attachment":[{"href":"https:\/\/www.europesays.com\/fr\/wp-json\/wp\/v2\/media?parent=67043"}],"wp:term":[{"taxonomy":"category","embeddable":true,"href":"https:\/\/www.europesays.com\/fr\/wp-json\/wp\/v2\/categories?post=67043"},{"taxonomy":"post_tag","embeddable":true,"href":"https:\/\/www.europesays.com\/fr\/wp-json\/wp\/v2\/tags?post=67043"}],"curies":[{"name":"wp","href":"https:\/\/api.w.org\/{rel}","templated":true}]}}