{"id":670444,"date":"2026-01-17T17:11:10","date_gmt":"2026-01-17T17:11:10","guid":{"rendered":"https:\/\/www.europesays.com\/fr\/670444\/"},"modified":"2026-01-17T17:11:10","modified_gmt":"2026-01-17T17:11:10","slug":"neptune-plus-grand-plus-fort-va-remplacer-hercule-a-narbonne-plage","status":"publish","type":"post","link":"https:\/\/www.europesays.com\/fr\/670444\/","title":{"rendered":"Neptune, plus grand, plus fort, va remplacer Hercule \u00e0 Narbonne-Plage"},"content":{"rendered":"<p>\n                                                                L\u2019art inspir\u00e9 de L\u00e9o Caillard s\u2019invite \u00e0 nouveau \u00e0 Narbonne-Plage avec une sculpture monumentale. Un Neptune en marbre de Carrare, pesant 9 tonnes, sera install\u00e9 mi-f\u00e9vrier\u00a02026.\n                            <\/p>\n<p>L\u2019inspiration gr\u00e9co-romaine de L\u00e9o Caillard, encore une fois\u00a0d\u00e9form\u00e9e par le vent, n\u2019a pas fini de s\u2019exprimer sur le front de mer de Narbonne-Plage et ailleurs. Apr\u00e8s le pr\u00eat de \u00ab\u00a0Hercule in the wind\u00a0\u00bb, install\u00e9 d\u00e9but juillet pour lui laisser\u00a0le temps d\u2019achever la commande, son suppl\u00e9ant\u00a0neptunien est en chemin. L\u2019imposante sculpture devrait \u00eatre livr\u00e9e dans les semaines qui viennent et ce n\u2019est pas une mince affaire. Affichant un poids de\u00a09\u00a0tonnes\u00a0et\u00a02,30\u00a0m de haut, le protecteur des p\u00eacheurs et bateliers, enti\u00e8rement\u00a0en marbre de Carrare, attend que le\u00a0socle de 2\u00a0m, lui aussi\u00a0en marbre, puisse l\u2019accueillir.<\/p>\n<p>Florence Vitasse, adjointe au maire d\u00e9l\u00e9gu\u00e9e \u00e0 la station baln\u00e9aire et au quartier de Narbonne-Plage, confirme\u00a0: \u00ab\u00a0En milieu de semaine prochaine, vers le 21\u00a0janvier, les services techniques vont enlever la statue actuelle. La soci\u00e9t\u00e9 Eiffage viendra ensuite b\u00e2tir le socle o\u00f9 reposer notre Neptune. Trois semaines seront n\u00e9cessaires au s\u00e9chage et la sculpture pourra \u00eatre pos\u00e9e.\u00a0\u00bb C\u2019est donc autour de\u00a0la Saint-Valentin que le dieu \u00e0\u00a0l\u2019origine des eaux vives et des sources sera dos \u00e0 la mer.<\/p>\n","protected":false},"excerpt":{"rendered":"L\u2019art inspir\u00e9 de L\u00e9o Caillard s\u2019invite \u00e0 nouveau \u00e0 Narbonne-Plage avec une sculpture monumentale. Un Neptune en marbre&hellip;\n","protected":false},"author":2,"featured_media":670445,"comment_status":"","ping_status":"","sticky":false,"template":"","format":"standard","meta":{"footnotes":""},"categories":[1358],"tags":[1348,1384,1385,4086,1386,58,33,59,1011,27,3135,35514,77021,602],"class_list":{"0":"post-670444","1":"post","2":"type-post","3":"status-publish","4":"format-standard","5":"has-post-thumbnail","7":"category-arts-et-design","8":"tag-arts","9":"tag-arts-and-design","10":"tag-arts-et-design","11":"tag-aude","12":"tag-design","13":"tag-divertissement","14":"tag-economie","15":"tag-entertainment","16":"tag-fr","17":"tag-france","18":"tag-littoral","19":"tag-narbonne","20":"tag-sur-le-littoral-mu00e9diterranu00e9en-audois","21":"tag-tourisme"},"share_on_mastodon":{"url":"https:\/\/pubeurope.com\/@fr\/115911555947296199","error":""},"_links":{"self":[{"href":"https:\/\/www.europesays.com\/fr\/wp-json\/wp\/v2\/posts\/670444","targetHints":{"allow":["GET"]}}],"collection":[{"href":"https:\/\/www.europesays.com\/fr\/wp-json\/wp\/v2\/posts"}],"about":[{"href":"https:\/\/www.europesays.com\/fr\/wp-json\/wp\/v2\/types\/post"}],"author":[{"embeddable":true,"href":"https:\/\/www.europesays.com\/fr\/wp-json\/wp\/v2\/users\/2"}],"replies":[{"embeddable":true,"href":"https:\/\/www.europesays.com\/fr\/wp-json\/wp\/v2\/comments?post=670444"}],"version-history":[{"count":0,"href":"https:\/\/www.europesays.com\/fr\/wp-json\/wp\/v2\/posts\/670444\/revisions"}],"wp:featuredmedia":[{"embeddable":true,"href":"https:\/\/www.europesays.com\/fr\/wp-json\/wp\/v2\/media\/670445"}],"wp:attachment":[{"href":"https:\/\/www.europesays.com\/fr\/wp-json\/wp\/v2\/media?parent=670444"}],"wp:term":[{"taxonomy":"category","embeddable":true,"href":"https:\/\/www.europesays.com\/fr\/wp-json\/wp\/v2\/categories?post=670444"},{"taxonomy":"post_tag","embeddable":true,"href":"https:\/\/www.europesays.com\/fr\/wp-json\/wp\/v2\/tags?post=670444"}],"curies":[{"name":"wp","href":"https:\/\/api.w.org\/{rel}","templated":true}]}}