{"id":670450,"date":"2026-01-17T17:16:14","date_gmt":"2026-01-17T17:16:14","guid":{"rendered":"https:\/\/www.europesays.com\/fr\/670450\/"},"modified":"2026-01-17T17:16:14","modified_gmt":"2026-01-17T17:16:14","slug":"pourquoi-beaucoup-de-seniors-craquent","status":"publish","type":"post","link":"https:\/\/www.europesays.com\/fr\/670450\/","title":{"rendered":"pourquoi beaucoup de s\u00e9niors craquent ?"},"content":{"rendered":"<p>&#13;<\/p>\n<p>L&rsquo;ESSENTIEL<\/p>\n<ul>&#13;<\/p>\n<li class=\"li_essentiel\"> Selon Le Journal des S\u00e9niors, les m\u00e9decins constatent une hausse de consultations pour des sympt\u00f4mes flous mais r\u00e9currents. \t<\/li>\n<li class=\"li_essentiel\"> En cause : l&rsquo;exc\u00e8s chronique de cortisol, l\u2019hormone du stress, qui d\u00e9r\u00e8gle le sommeil, la digestion et l&rsquo;humeur. \t<\/li>\n<li class=\"li_essentiel\"> Des solutions simples existent pour r\u00e9apprendre \u00e0 se reposer.\t<\/li>\n<p>\t\t\t\t\t\t\t\t    &#13;\n\t\t\t\t\t\t<\/ul>\n<p>\t\t\t\t\t\t\t\t\t\t\t\t&#13;<\/p>\n<p>Des maux de dos sans cause apparente, une fatigue persistante, une humeur instable, un sommeil non r\u00e9parateur\u2026 En ce d\u00e9but d&rsquo;ann\u00e9e 2026, pour de nombreux actifs et s\u00e9niors, le corps semble dire \u00ab\u00a0stop\u00a0\u00bb. Et ce que beaucoup prennent pour un simple coup de mou hivernal pourrait bien \u00eatre le sympt\u00f4me d&rsquo;une v\u00e9ritable \u00e9pid\u00e9mie silencieuse de stress chronique.<\/p>\n<p>&#13;<\/p>\n<p>D\u2019apr\u00e8s <a href=\"https:\/\/journaldesseniors.20minutes.fr\/sante\/on-pensait-ces-symptomes-anodins-les-medecins-parlent-desormais-dune-epidemie-silencieuse-pourtant-pas-contagieuse\/\" target=\"_blank\" rel=\"noopener\">Le Journal des S\u00e9niors<\/a>, h\u00e9berg\u00e9 par 20 Minutes, les professionnels de sant\u00e9 constatent en effet une hausse de consultations pour des sympt\u00f4mes flous mais r\u00e9currents. Les bilans sanguins sont normaux, mais les organismes sont \u00e9puis\u00e9s. Le point commun entre les patients ? Une \u00ab\u00a0incapacit\u00e9 \u00e0 r\u00e9cup\u00e9rer\u00a0\u00bb, \u00e9crit le journal. M\u00eame une semaine de repos ne suffit plus \u00e0 recharger les batteries, selon les m\u00e9decins. \u00ab\u00a0Ce n&rsquo;est pas le carburant qui manque, c\u2019est le moteur qui tourne \u00e0 vide.\u00a0\u00bb<\/p>\n<p>&#13;<br \/>\nLe cortisol, l\u2019ennemi silencieux&#13;<\/p>\n<p>La cause de ce d\u00e9r\u00e8glement profond ? Le cortisol, hormone du stress, dont la production est en roue libre depuis l\u2019ann\u00e9e 2020, entretenue par la pand\u00e9mie de Covid-19, l\u2019inflation et les difficult\u00e9s financi\u00e8res, les guerres \u00e0 l\u2019\u00e9tranger et les relations internationales de plus en plus tendues. Bref, une actualit\u00e9 particuli\u00e8rement anxiog\u00e8ne. R\u00e9sultat, le corps humain, con\u00e7u normalement pour affronter des stress ponctuels, se retrouve bloqu\u00e9 en \u00ab\u00a0mode survie\u00a0\u00bb permanent. \u00ab\u00a0Imaginez une alarme incendie qui sonnerait en continu, mais \u00e0 bas volume, depuis cinq ans. Au bout d&rsquo;un moment, vous ne l&rsquo;entendez plus consciemment, mais votre cerveau, lui, reste en \u00e9tat d&rsquo;alerte maximale\u00a0\u00bb, illustre Le Journal des S\u00e9niors. Une hypervigilance qui a des cons\u00e9quences multiples : troubles du sommeil, baisse de l\u2019immunit\u00e9, douleurs articulaires, troubles digestifs, perte de concentration, prise de poids, d\u00e9clin cognitif\u2026<\/p>\n<p>&#13;<br \/>\n&#13;<br \/>\n&#13;<br \/>\n&#13;<br \/>\n&#13;<br \/>\n\t\t\t\t\t\t\t\t                                &#13;<br \/>\n&#13;<\/p>\n<p><a href=\"https:\/\/www.pourquoidocteur.fr\/MaladiesPkoidoc\/55-Anxiete-une-emotion-normale-qui-peut-mal-tourner\" target=\"_blank\" rel=\"noopener\"><img loading=\"lazy\" decoding=\"async\" src=\"https:\/\/www.europesays.com\/fr\/wp-content\/uploads\/2026\/01\/Anxiete_banner_maladie.png\" alt=\"\" width=\"596\" height=\"87\"\/><\/a><\/p>\n<p>&#13;<br \/>\nReprendre le contr\u00f4le sur son corps&#13;<\/p>\n<p>Heureusement, il est possible d\u2019agir. Notamment en stimulant le nerf vague, frein naturel du stress, par des gestes simples : <a href=\"https:\/\/www.pourquoidocteur.fr\/Mieux-Vivre\/43416-La-coherence-cardiaque-une-technique-de-respiration-pour-chasser-le-stress\" target=\"_blank\" rel=\"noopener\">pratiquer la coh\u00e9rence cardiaque<\/a> (une technique de respiration rythm\u00e9e) trois fois par jour, <a href=\"https:\/\/www.pourquoidocteur.fr\/Mieux-Vivre\/43284-Pourquoi-le-soleil-est-un-atout-pour-l-humeur-et-la-sante\" target=\"_blank\" rel=\"noopener\">s\u2019exposer \u00e0 la lumi\u00e8re du soleil le matin<\/a> pour r\u00e9guler le rythme circadien, privil\u00e9gier une alimentation anti-inflammatoire, ou encore <a href=\"https:\/\/www.pourquoidocteur.fr\/Mieux-Vivre\/50723-Sante-mentale-concentration-bien-etre-bienfaits-bloquer-Internet-telephone\" target=\"_blank\" rel=\"noopener\">se d\u00e9connecter au maximum du num\u00e9rique<\/a> (\u00e9crans, \u00e9couteurs, s\u00e9ries&#8230;). Facile \u00e0 dire, mais l\u2019id\u00e9e est de ralentir, de retrouver le temps long, de se reconnecter \u00e0 soi et son environnement. Cela peut passer par des \u00ab\u00a0temps calmes\u00a0\u00bb, la lecture, la marche (sans musique dans les oreilles !) ou le jardinage \u2013 des activit\u00e9s qui permettent de d\u00e9sactiver cet \u00e9tat d\u2019alerte permanent. La bonne r\u00e9solution pour l\u2019ann\u00e9e 2026, \u00ab\u00a0c\u2019est dire \u00e0 son corps : &lsquo;j&rsquo;ai entendu ton message, nous allons ralentir'\u00a0\u00bb, conclut l\u2019article.<\/p>\n<p>\t&#13;<br \/>\n\t\t\t\t\t\t\t\t&#13;<br \/>\n\t\t\t\t\t\t\t\t&#13;<br \/>\n\t\t\t\t\t\t\t\t \t\t\t\t\t\t\t\t\t\t\t\t\t\t\t\t\t\t\t &#13;<br \/>\n\t\t\t\t\t\t\t\t\t\t\t\t\t\t\t\t\t\t\t &#13;<br \/>\n\t\t\t\t\t\t\t\t\t\t\t\t\t\t\t\t\t\t\t&#13;<br \/>\n\t\t\t\t\t\t\t\t\t\t\t\t\t\t\t\t \t\t\t\t\t\t\t\t\t&#13;<br \/>\n\t\t\t\t\t\t\t\t\t&#13;<br \/>\n\t\t\t\t\t\t\t\t\t \t\t\t\t\t\t\t\t\t&#13;<br \/>\n\t\t\t\t\t\t\t\t\t&#13;<br \/>\n                &#13;<br \/>\n                &#13;<br \/>\n\t\t\t\t\t\t\t\t&#13;<br \/>\n&#13;<br \/>\n\t\t\t\t\t\t\t&#13;<br \/>\n\t\t\t\t\t\t\t&#13;<br \/>\n                &#13;<\/p>\n","protected":false},"excerpt":{"rendered":"&#13; L&rsquo;ESSENTIEL &#13; Selon Le Journal des S\u00e9niors, les m\u00e9decins constatent une hausse de consultations pour des sympt\u00f4mes&hellip;\n","protected":false},"author":2,"featured_media":670451,"comment_status":"","ping_status":"","sticky":false,"template":"","format":"standard","meta":{"footnotes":""},"categories":[10],"tags":[1011,27,72,71],"class_list":{"0":"post-670450","1":"post","2":"type-post","3":"status-publish","4":"format-standard","5":"has-post-thumbnail","7":"category-sante","8":"tag-fr","9":"tag-france","10":"tag-health","11":"tag-sante"},"share_on_mastodon":{"url":"https:\/\/pubeurope.com\/@fr\/115911575817840594","error":""},"_links":{"self":[{"href":"https:\/\/www.europesays.com\/fr\/wp-json\/wp\/v2\/posts\/670450","targetHints":{"allow":["GET"]}}],"collection":[{"href":"https:\/\/www.europesays.com\/fr\/wp-json\/wp\/v2\/posts"}],"about":[{"href":"https:\/\/www.europesays.com\/fr\/wp-json\/wp\/v2\/types\/post"}],"author":[{"embeddable":true,"href":"https:\/\/www.europesays.com\/fr\/wp-json\/wp\/v2\/users\/2"}],"replies":[{"embeddable":true,"href":"https:\/\/www.europesays.com\/fr\/wp-json\/wp\/v2\/comments?post=670450"}],"version-history":[{"count":0,"href":"https:\/\/www.europesays.com\/fr\/wp-json\/wp\/v2\/posts\/670450\/revisions"}],"wp:featuredmedia":[{"embeddable":true,"href":"https:\/\/www.europesays.com\/fr\/wp-json\/wp\/v2\/media\/670451"}],"wp:attachment":[{"href":"https:\/\/www.europesays.com\/fr\/wp-json\/wp\/v2\/media?parent=670450"}],"wp:term":[{"taxonomy":"category","embeddable":true,"href":"https:\/\/www.europesays.com\/fr\/wp-json\/wp\/v2\/categories?post=670450"},{"taxonomy":"post_tag","embeddable":true,"href":"https:\/\/www.europesays.com\/fr\/wp-json\/wp\/v2\/tags?post=670450"}],"curies":[{"name":"wp","href":"https:\/\/api.w.org\/{rel}","templated":true}]}}