{"id":670454,"date":"2026-01-17T17:18:11","date_gmt":"2026-01-17T17:18:11","guid":{"rendered":"https:\/\/www.europesays.com\/fr\/670454\/"},"modified":"2026-01-17T17:18:11","modified_gmt":"2026-01-17T17:18:11","slug":"les-artistes-sont-aussi-touches-par-les-coups-de-boutoirs-de-la-russie-de-la-chine-et-de-lamerique","status":"publish","type":"post","link":"https:\/\/www.europesays.com\/fr\/670454\/","title":{"rendered":"\u00abLes artistes sont aussi touch\u00e9s par les coups de boutoirs de la Russie, de la Chine et de l\u2019Am\u00e9rique\u00bb"},"content":{"rendered":"<p>                                                                                                                                                                                                                                                            <a href=\"https:\/\/video.lefigaro.fr\/figaro\/cinema\/grand-gagnant-surprises-et-evenements-marquants-retour-sur-les-oscars-2023-20230313\" class=\"fig-ranking-profile-link\" data-fig-domain=\"LEFIGARO\" target=\"_blank\" rel=\"noopener\"><\/p>\n<p>        Grand gagnant, surprises et \u00e9v\u00e9nements marquants, retour sur les Oscars 2023<\/p>\n<p>                                                <\/a><\/p>\n<p>        <img   class=\"fig-img fig-ranking-profile-media-small-picture__photo\" alt=\"Grand gagnant, surprises et \u00e9v\u00e9nements marquants, retour sur les Oscars 2023\" height=\"1080\" width=\"1920\"\/><\/p>\n<p class=\"fig-ranking-profile-standfirst\">\n    Dans la nuit de dimanche \u00e0 lundi 13 mars a eu lieu la 95\u00e8me c\u00e9r\u00e9monie des Oscars. Avec sept statuettes dont celles du meilleur film et de la meilleure actrice pour Michelle Yeoh, le long-m\u00e9trage d\u00e9lirant de SF et de kung-fu l&#8217;emporte haut la main. \u00c0 l&rsquo;Ouest rien de nouveau arrive deuxi\u00e8me avec quatre prix.\n<\/p>\n<p>                                                                                                                                                                                                                                                            <a href=\"https:\/\/video.lefigaro.fr\/figaro\/cinema\/series-tele-on-narrive-pas-a-faire-de-la-politique-en-direct-sagace-francois-aubel-20230201\" class=\"fig-ranking-profile-link\" data-fig-domain=\"LEFIGARO\" target=\"_blank\" rel=\"noopener\"><\/p>\n<p>        S\u00e9ries t\u00e9l\u00e9: \u00abOn n\u2019arrive pas \u00e0 faire de la politique en direct\u00bb, s&rsquo;agace Fran\u00e7ois Aubel<\/p>\n<p>                                                <\/a><\/p>\n<p>        <img   class=\"fig-img fig-ranking-profile-media-small-picture__photo\" alt=\"S\u00e9ries t\u00e9l\u00e9: \u00abOn n\u2019arrive pas \u00e0 faire de la politique en direct\u00bb, s'agace Fran\u00e7ois Aubel\" height=\"1080\" width=\"1920\"\/><\/p>\n<p class=\"fig-ranking-profile-standfirst\">\n    Le Club Le Figaro Culture diffus\u00e9 ce mercredi 30 novembre \u00e9tait consacr\u00e9 aux s\u00e9ries. Les invit\u00e9s de Jean-Christophe Buisson sont, Fran\u00e7ois Aubel, r\u00e9dacteur en chef Culture-T\u00e9l\u00e9 du Figaro, Constance Jamet, journaliste S\u00e9ries et Cin\u00e9ma au Figaro, C\u00e9line Fontana, r\u00e9dactrice en chef adjointe au Figaro TV et Romain Renner, chef adjoint du p\u00f4le Actualit\u00e9 du Figaro.\n<\/p>\n<p>                                                                                                                                                                                                                                                            <a href=\"https:\/\/video.lefigaro.fr\/figaro\/cinema\/cannes-une-femme-portant-une-robe-aux-couleurs-de-lukraine-sasperge-de-faux-sang-sur-le-tapis-rouge-20230522\" class=\"fig-ranking-profile-link\" data-fig-domain=\"LEFIGARO\" target=\"_blank\" rel=\"noopener\"><\/p>\n<p>        Cannes: une femme portant une robe aux couleurs de l&rsquo;Ukraine s&rsquo;asperge de faux sang sur le tapis rouge<\/p>\n<p>                                                <\/a><\/p>\n<p>        <img   class=\"fig-img fig-ranking-profile-media-small-picture__photo\" alt=\"Cannes: une femme portant une robe aux couleurs de l'Ukraine s'asperge de faux sang sur le tapis rouge\" height=\"1080\" width=\"1920\"\/><\/p>\n<p class=\"fig-ranking-profile-standfirst\">\n    Une femme v\u00eatue d&rsquo;une robe aux couleurs du drapeau de l&rsquo;Ukraine a fait irruption dimanche 21 mai au soir sur le tapis rouge du Festival de Cannes pour s&rsquo;y recouvrir de faux sang. Elle a ensuite \u00e9t\u00e9 expuls\u00e9e par la s\u00e9curit\u00e9.<\/p>\n","protected":false},"excerpt":{"rendered":"Grand gagnant, surprises et \u00e9v\u00e9nements marquants, retour sur les Oscars 2023 Dans la nuit de dimanche \u00e0 lundi&hellip;\n","protected":false},"author":2,"featured_media":670455,"comment_status":"","ping_status":"","sticky":false,"template":"","format":"standard","meta":{"footnotes":""},"categories":[8],"tags":[1898,58,59,1011,27,73454,5683],"class_list":{"0":"post-670454","1":"post","2":"type-post","3":"status-publish","4":"format-standard","5":"has-post-thumbnail","7":"category-divertissement","8":"tag-berlin","9":"tag-divertissement","10":"tag-entertainment","11":"tag-fr","12":"tag-france","13":"tag-jafar-panahi","14":"tag-juliette-binoche"},"share_on_mastodon":{"url":"https:\/\/pubeurope.com\/@fr\/115911583624889034","error":""},"_links":{"self":[{"href":"https:\/\/www.europesays.com\/fr\/wp-json\/wp\/v2\/posts\/670454","targetHints":{"allow":["GET"]}}],"collection":[{"href":"https:\/\/www.europesays.com\/fr\/wp-json\/wp\/v2\/posts"}],"about":[{"href":"https:\/\/www.europesays.com\/fr\/wp-json\/wp\/v2\/types\/post"}],"author":[{"embeddable":true,"href":"https:\/\/www.europesays.com\/fr\/wp-json\/wp\/v2\/users\/2"}],"replies":[{"embeddable":true,"href":"https:\/\/www.europesays.com\/fr\/wp-json\/wp\/v2\/comments?post=670454"}],"version-history":[{"count":0,"href":"https:\/\/www.europesays.com\/fr\/wp-json\/wp\/v2\/posts\/670454\/revisions"}],"wp:featuredmedia":[{"embeddable":true,"href":"https:\/\/www.europesays.com\/fr\/wp-json\/wp\/v2\/media\/670455"}],"wp:attachment":[{"href":"https:\/\/www.europesays.com\/fr\/wp-json\/wp\/v2\/media?parent=670454"}],"wp:term":[{"taxonomy":"category","embeddable":true,"href":"https:\/\/www.europesays.com\/fr\/wp-json\/wp\/v2\/categories?post=670454"},{"taxonomy":"post_tag","embeddable":true,"href":"https:\/\/www.europesays.com\/fr\/wp-json\/wp\/v2\/tags?post=670454"}],"curies":[{"name":"wp","href":"https:\/\/api.w.org\/{rel}","templated":true}]}}