{"id":670458,"date":"2026-01-17T17:20:12","date_gmt":"2026-01-17T17:20:12","guid":{"rendered":"https:\/\/www.europesays.com\/fr\/670458\/"},"modified":"2026-01-17T17:20:12","modified_gmt":"2026-01-17T17:20:12","slug":"mario-draghi-recoit-le-prix-charlemagne-pour-son-engagement-en-faveur-de-la-construction-europeenne","status":"publish","type":"post","link":"https:\/\/www.europesays.com\/fr\/670458\/","title":{"rendered":"Mario Draghi re\u00e7oit le prix Charlemagne pour son engagement en faveur de la construction europ\u00e9enne"},"content":{"rendered":"<p>\n    L\u2019ancien pr\u00e9sident de la Banque centrale europ\u00e9enne, cr\u00e9dit\u00e9 d\u2019avoir sauv\u00e9 l\u2019euro de l\u2019effondrement en 2012, ne cesse de mettre en garde contre la \u00ablente agonie\u00bb du Vieux continent.<\/p>\n<p class=\"fig-paragraph\">L&rsquo;ancien pr\u00e9sident de la Banque centrale europ\u00e9enne (BCE), l&rsquo;Italien\u00a0<a href=\"http:\/\/www.lefigaro.fr\/conjoncture\/en-decrochage-par-rapport-aux-etats-unis-l-europe-doit-absolument-ameliorer-sa-productivite-alerte-mario-draghi-20240909\" data-fig-type=\"NewsFlash\" data-gtm-custom-categorie=\"navigation\" data-gtm-custom-action=\"crossclick\" data-gtm-custom-label=\"Contextuel\" data-gtm-event=\"customEventSPE\" data-fig-domain=\"LEFIGARO\" target=\"_blank\" rel=\"noopener\">Mario Draghi<\/a>, a re\u00e7u le\u00a0<a href=\"https:\/\/www.lefigaro.fr\/flash-actu\/2015\/12\/23\/97001-20151223FILWWW00133-le-prix-charlemagne-decerne-au-pape-francois.php\" data-fig-type=\"NewsFlash\" data-gtm-custom-categorie=\"navigation\" data-gtm-custom-action=\"crossclick\" data-gtm-custom-label=\"Contextuel\" data-gtm-event=\"customEventSPE\" data-fig-domain=\"LEFIGARO\" target=\"_blank\" rel=\"noopener\">prix Charlemagne<\/a>\u00a02026 pour sa contribution \u00e0 l&rsquo;unit\u00e9 europ\u00e9enne, ont annonc\u00e9 samedi les organisateurs, tout en avertissant que l&rsquo;Europe devait d&rsquo;urgence renforcer son \u00e9conomie. \u00abLa situation est grave\u00bb, a d\u00e9clar\u00e9 le d\u00e9put\u00e9 allemand et pr\u00e9sident du comit\u00e9 de s\u00e9lection de cette prestigieuse distinction, Armin Laschet. \u00abL&rsquo;Europe ne doit pas devenir un pion entre les mains de puissances \u00e9trang\u00e8res face \u00e0 l&rsquo;accumulation des crises g\u00e9opolitiques\u00bb.<\/p>\n<p class=\"fig-paragraph\">\u00abSi l&rsquo;Europe n&rsquo;est pas comp\u00e9titive sur le plan \u00e9conomique, elle ne disposera pas, \u00e0 long terme, des bases financi\u00e8res, technologiques et industrielles pour garantir sa s\u00e9curit\u00e9\u00bb, a-t-il ajout\u00e9 dans un discours prononc\u00e9 d&rsquo;un ton grave. Largement cr\u00e9dit\u00e9 d&rsquo;avoir sauv\u00e9 l&rsquo;euro de l&rsquo;effondrement apr\u00e8s avoir promis en 2012 de faire \u00abtout ce qu&rsquo;il faudra\u00bb pour soutenir la monnaie unique au plus fort de la crise de la dette dans la zone euro, Mario Draghi a depuis exhort\u00e9 l&rsquo;UE \u00e0 approfondir son int\u00e9gration \u00e9conomique pour mieux rivaliser avec les \u00c9tats-Unis et la Chine.<\/p>\n<p class=\"fig-body-link\">\n            \u00c0 lire aussi<br \/>\n        <a class=\"fig-body-link__link fig-premium-mark\" href=\"http:\/\/www.lefigaro.fr\/conjoncture\/en-decrochage-par-rapport-aux-etats-unis-l-europe-doit-absolument-ameliorer-sa-productivite-alerte-mario-draghi-20240909\" target=\"_blank\" data-fig-type=\"NewsFlash\" rel=\"noopener\" data-gtm-custom-categorie=\"navigation\" data-gtm-custom-action=\"crossclick\" data-gtm-custom-label=\"Contextuel\" data-gtm-event=\"customEventSPE\" data-fig-domain=\"LEFIGARO\"><\/p>\n<p>        Le cri d&rsquo;alarme de Mario Draghi face au risque de d\u00e9classement de l\u2019Europe<br \/>\n    <\/a>\n<\/p>\n<p>                                            <a class=\"fig-a11y-skip\" href=\"#fig-a11y-skip-main-inarticle\" data-module=\"a11y-skip\" data-context=\"was @visible\"><br \/>\n    Passer la publicit\u00e9<br \/>\n<\/a>            <\/p>\n<p>                                            N\u00e9cessit\u00e9 de \u00abr\u00e9formes radicales\u00bb<\/p>\n<p class=\"fig-paragraph\">Dans son rapport phare de\u00a0<a href=\"http:\/\/www.lefigaro.fr\/conjoncture\/un-an-apres-seulement-10-du-rapport-draghi-qui-devait-reveiller-l-europe-a-ete-applique-20250904\" data-fig-type=\"Article\" data-gtm-custom-categorie=\"navigation\" data-gtm-custom-action=\"crossclick\" data-gtm-custom-label=\"Contextuel\" data-gtm-event=\"customEventSPE\" data-fig-domain=\"LEFIGARO\" target=\"_blank\" rel=\"noopener\">2024 sur la comp\u00e9titivit\u00e9\u00a0<\/a>pr\u00f4nant des \u00abr\u00e9formes radicales\u00bb au sein de l&rsquo;UE, Mario Draghi avait formul\u00e9 383 recommandations, appelant \u00e0 une r\u00e9glementation commune des march\u00e9s de capitaux du continent et \u00e0 une r\u00e9duction globale de la bureaucratie pour les entreprises. L&rsquo;Europe subit une pression croissante pour dynamiser son \u00e9conomie, alors que des partis antisyst\u00e8mes remportent des victoires \u00e9lectorales sur tout le continent et que la Russie et les \u00c9tats-Unis se montrent de plus en plus hostiles.<\/p>\n<p class=\"fig-paragraph\">\u00abCette d\u00e9cision (de lui d\u00e9cerner ce prix, NDLR) intervient \u00e0 un moment o\u00f9 l&rsquo;Europe n&rsquo;a peut-\u00eatre jamais compt\u00e9 autant d&rsquo;ennemis qu&rsquo;aujourd&rsquo;hui, tant int\u00e9rieurs qu&rsquo;ext\u00e9rieurs\u00bb, a d\u00e9clar\u00e9 l&rsquo;ancien patron de la BCE (2011-2019), \u00e2g\u00e9 de 78 ans, dans un bref discours de remerciement diffus\u00e9 par vid\u00e9o. \u00abNous devons devenir plus forts\u00a0: plus forts militairement, plus forts \u00e9conomiquement et plus forts politiquement\u00bb, a-t-il ajout\u00e9.<\/p>\n<p class=\"fig-paragraph\">Nomm\u00e9 d&rsquo;apr\u00e8s le roi des Francs devenu empereur Charlemagne, premier \u00e0 unifier une large partie de l&rsquo;Europe occidentale apr\u00e8s la chute de l&rsquo;Empire romain d&rsquo;Occident,\u00a0<a href=\"https:\/\/www.lefigaro.fr\/flash-actu\/2018\/05\/10\/97001-20180510FILWWW00075-emmanuel-macron-a-recu-le-prix-charlemagne-pour-l-europe.php\" data-fig-type=\"NewsFlash\" data-gtm-custom-categorie=\"navigation\" data-gtm-custom-action=\"crossclick\" data-gtm-custom-label=\"Contextuel\" data-gtm-event=\"customEventSPE\" data-fig-domain=\"LEFIGARO\" target=\"_blank\" rel=\"noopener\">le prix est d\u00e9cern\u00e9<\/a>\u00a0par un comit\u00e9 de 17 membres et remis \u00e0 Aix-la-Chapelle, l&rsquo;ex-capitale de l&#8217;empire carolingien. Le prix avait \u00e9t\u00e9 cr\u00e9\u00e9 en 1949 pour promouvoir la construction europ\u00e9enne, apr\u00e8s les destructions de la Seconde guerre mondiale. Parmi les laur\u00e9ats pr\u00e9c\u00e9dents figurent le pape Fran\u00e7ois, Volodymyr Zelensky et le peuple ukrainien, ainsi que le chef de l&rsquo;\u00c9tat fran\u00e7ais Emmanuel Macron et l&rsquo;ancien pr\u00e9sident tch\u00e8que et dissident anticommuniste V\u00e1clav Havel.<\/p>\n","protected":false},"excerpt":{"rendered":"L\u2019ancien pr\u00e9sident de la Banque centrale europ\u00e9enne, cr\u00e9dit\u00e9 d\u2019avoir sauv\u00e9 l\u2019euro de l\u2019effondrement en 2012, ne cesse de&hellip;\n","protected":false},"author":2,"featured_media":670459,"comment_status":"","ping_status":"","sticky":false,"template":"","format":"standard","meta":{"footnotes":""},"categories":[6],"tags":[11126,35,33,34,1011,27,17912],"class_list":{"0":"post-670458","1":"post","2":"type-post","3":"status-publish","4":"format-standard","5":"has-post-thumbnail","7":"category-economie","8":"tag-bce","9":"tag-business","10":"tag-economie","11":"tag-economy","12":"tag-fr","13":"tag-france","14":"tag-mario-draghi"},"share_on_mastodon":{"url":"https:\/\/pubeurope.com\/@fr\/115911591424360401","error":""},"_links":{"self":[{"href":"https:\/\/www.europesays.com\/fr\/wp-json\/wp\/v2\/posts\/670458","targetHints":{"allow":["GET"]}}],"collection":[{"href":"https:\/\/www.europesays.com\/fr\/wp-json\/wp\/v2\/posts"}],"about":[{"href":"https:\/\/www.europesays.com\/fr\/wp-json\/wp\/v2\/types\/post"}],"author":[{"embeddable":true,"href":"https:\/\/www.europesays.com\/fr\/wp-json\/wp\/v2\/users\/2"}],"replies":[{"embeddable":true,"href":"https:\/\/www.europesays.com\/fr\/wp-json\/wp\/v2\/comments?post=670458"}],"version-history":[{"count":0,"href":"https:\/\/www.europesays.com\/fr\/wp-json\/wp\/v2\/posts\/670458\/revisions"}],"wp:featuredmedia":[{"embeddable":true,"href":"https:\/\/www.europesays.com\/fr\/wp-json\/wp\/v2\/media\/670459"}],"wp:attachment":[{"href":"https:\/\/www.europesays.com\/fr\/wp-json\/wp\/v2\/media?parent=670458"}],"wp:term":[{"taxonomy":"category","embeddable":true,"href":"https:\/\/www.europesays.com\/fr\/wp-json\/wp\/v2\/categories?post=670458"},{"taxonomy":"post_tag","embeddable":true,"href":"https:\/\/www.europesays.com\/fr\/wp-json\/wp\/v2\/tags?post=670458"}],"curies":[{"name":"wp","href":"https:\/\/api.w.org\/{rel}","templated":true}]}}