{"id":670460,"date":"2026-01-17T17:21:14","date_gmt":"2026-01-17T17:21:14","guid":{"rendered":"https:\/\/www.europesays.com\/fr\/670460\/"},"modified":"2026-01-17T17:21:14","modified_gmt":"2026-01-17T17:21:14","slug":"donald-trump-menace-dimposer-10-de-droits-de-douane-a-huit-pays-europeens-dont-la-france-tant-quils-sopposeront-a-son-annexion-par-les-etats-unis","status":"publish","type":"post","link":"https:\/\/www.europesays.com\/fr\/670460\/","title":{"rendered":"Donald Trump menace d\u2019imposer 10\u00a0% de droits de douane \u00e0 huit pays europ\u00e9ens, dont la France, tant qu\u2019ils s\u2019opposeront \u00e0 son annexion par les Etats-Unis"},"content":{"rendered":"<p>   Pourquoi le Groenland est-il convoit\u00e9\u00a0?             <\/p>\n<p class=\"post__live-container--answer-text post__space-node\">Territoire autonome du Danemark grand comme quatre fois la France hexagonale mais recouvert \u00e0 81\u00a0% de glace, le Groenland fascine pour ses hypoth\u00e9tiques ressources mini\u00e8res et son importance g\u00e9ostrat\u00e9gique, qui font l\u2019objet de la convoitise persistante du pr\u00e9sident am\u00e9ricain, Donald Trump.<\/p>\n<p class=\"post__live-container--answer-text post__space-node\">Voici les principales raisons de cet int\u00e9r\u00eat\u00a0:<\/p>\n<ul class=\"article__unordered-list\">\n<li><strong>Secteur minier peu exploit\u00e9<\/strong><\/li>\n<\/ul>\n<p>               <img decoding=\"async\" class=\"post__live-container--img post__space-node\"  src=\"https:\/\/www.europesays.com\/fr\/wp-content\/uploads\/2026\/01\/5b2c05d_upload-1-sgg0ca1gth01-carte-minerais-664-3x.png\" data- alt=\"\"\/>              <\/p>\n<p class=\"post__live-container--answer-text post__space-node\">Depuis 2009, il revient aux Groenlandais de d\u00e9cider de l\u2019usage de leurs mati\u00e8res premi\u00e8res.<\/p>\n<p class=\"post__live-container--answer-text post__space-node\">Le gouvernement local, dont la p\u00eache constitue la principale source de revenus, vante les richesses de son sous-sol, m\u00eame si seules deux mines sont en activit\u00e9 et les productions sont limit\u00e9es.<\/p>\n<p class=\"post__live-container--answer-text post__space-node\">A l\u2019heure o\u00f9 augmente la demande pour les m\u00e9taux et les min\u00e9raux, la course aux ressources inexploit\u00e9es s\u2019acc\u00e9l\u00e8re et le Groenland pourrait faire figure d\u2019eldorado, en d\u00e9pit d\u2019un environnement polaire inhospitalier et d\u2019infrastructures balbutiantes.<\/p>\n<p class=\"post__live-container--answer-text post__space-node\">L\u2019acc\u00e8s aux ressources min\u00e9rales du Groenland est jug\u00e9 crucial par les Am\u00e9ricains, qui ont sign\u00e9 en\u00a02019\u00a0un m\u00e9morandum sur la coop\u00e9ration dans ce secteur. Les Europ\u00e9ens leur ont embo\u00eet\u00e9 le pas quatre ans plus tard avec leur propre accord de collaboration.<\/p>\n<p class=\"post__live-container--answer-text post__space-node\">Les sols groenlandais sont extr\u00eamement bien cartographi\u00e9s, ce qui a permis d\u2019\u00e9tablir une carte d\u00e9taill\u00e9e des ressources. L\u2019UE a ainsi identifi\u00e9 25\u00a0des 34\u00a0min\u00e9raux de sa liste officielle de mati\u00e8res premi\u00e8res essentielles, y compris les terres rares.<\/p>\n<p class=\"post__live-container--answer-text post__space-node\">Amaroq, qui exploite une mine d\u2019or sur le territoire, entend ouvrir une mine de terres rares, Black Angel. Celle-ci pourrait entrer en production d\u00e8s 2027\u00a0ou 2028\u00a0gr\u00e2ce \u00e0 l\u2019existence pr\u00e9alable d\u2019infrastructures, le site ayant \u00e9t\u00e9 en activit\u00e9 dans le pass\u00e9.<\/p>\n<p class=\"post__live-container--answer-text post__space-node\">Amaroq pourrait y extraire zinc, plomb et argent, mais aussi des \u00e9l\u00e9ments critiques comme le germanium, le gallium et le cadmium.<\/p>\n<p class=\"post__live-container--answer-text post__space-node\">Sur la c\u00f4te ouest, un gisement d\u2019anorthosite est exploit\u00e9 par Lumina Sustainable Materials depuis 2019.<\/p>\n<p class=\"post__live-container--answer-text post__space-node\">Avec son projet Tanbreez (tantale, niobium, REE \u2013 rare earth elements, \u00ab\u00a0terres rares\u00a0\u00bb \u2013, zirconium), Critical Metals, groupe cot\u00e9 au Nasdaq, compte ouvrir cette ann\u00e9e une mine de terres rares pr\u00e8s de Qaqortoq (Sud), avec un d\u00e9marrage de l\u2019extraction \u00e0 grande \u00e9chelle pr\u00e9vu pour l\u2019an prochain.<\/p>\n<p>                            <img decoding=\"async\" class=\"post__live-container--img post__space-node\"  src=\"https:\/\/www.europesays.com\/fr\/wp-content\/uploads\/2026\/01\/0a2802f_upload-1-nwb0papv3qwv-carte-militaire-664-3x-1.png\" data- alt=\"\"\/>              <\/p>\n<p class=\"post__live-container--answer-text post__space-node\">Le Groenland est un territoire autonome o\u00f9 la justice, la politique mon\u00e9taire, \u00e9trang\u00e8re, de d\u00e9fense et de s\u00e9curit\u00e9 d\u00e9pendent de Copenhague.<\/p>\n<p class=\"post__live-container--answer-text post__space-node\">Sa capitale \u00e9tant plus proche de New York que de Copenhague, le Groenland fait partie de la zone d\u2019int\u00e9r\u00eat des Etats-Unis, note l\u2019historienne Astrid Nonbo Andersen, de l\u2019Institut danois des \u00e9tudes internationales.<\/p>\n<p class=\"post__live-container--answer-text post__space-node\">Washington d\u00e9tient une base militaire active dans le nord-est de l\u2019\u00eele, \u00e0 Pituffik (anciennement Thul\u00e9). Elle \u00e9tait utilis\u00e9e en tant que poste d\u2019alerte face \u00e0 l\u2019URSS pendant la guerre froide et reste un maillon essentiel du bouclier antimissile am\u00e9ricain.<\/p>\n<p class=\"post__live-container--answer-text post__space-node\">Pour pallier le manque de surveillance de l\u2019espace a\u00e9rien et sous-marin \u00e0 l\u2019est du Groenland, qui pourrait poser probl\u00e8me \u00e0 mesure que la fonte des glaces lib\u00e8re les routes maritimes, le Danemark investit dans des patrouilleurs arctiques, des drones et veut augmenter sa surveillance a\u00e9rienne et ses radars c\u00f4tiers.<\/p>\n<p class=\"post__live-container--answer-text post__space-node\">Situ\u00e9 entre l\u2019Atlantique Nord et l\u2019Arctique, \u00e0 proximit\u00e9 des Etats-Unis, du Canada et de la Russie, le Groenland occupe une position g\u00e9ographique strat\u00e9gique.<\/p>\n<p class=\"post__live-container--answer-text post__space-node\">Donald Trump accuse Copenhague de ne pas bien assurer la s\u00e9curit\u00e9 de ce gigantesque territoire face \u00e0 la Russie et \u00e0 la Chine. Le Danemark, membre de l\u2019OTAN, rejette ces affirmations\u00a0: il rappelle avoir investi pr\u00e8s de 90\u00a0milliards de couronnes (12\u00a0milliards d\u2019euros) pour renforcer sa pr\u00e9sence militaire dans l\u2019Arctique.<\/p>\n","protected":false},"excerpt":{"rendered":"Pourquoi le Groenland est-il convoit\u00e9\u00a0? Territoire autonome du Danemark grand comme quatre fois la France hexagonale mais recouvert&hellip;\n","protected":false},"author":2,"featured_media":670461,"comment_status":"","ping_status":"","sticky":false,"template":"","format":"standard","meta":{"footnotes":""},"categories":[5],"tags":[11,1011,27,14,12,28],"class_list":{"0":"post-670460","1":"post","2":"type-post","3":"status-publish","4":"format-standard","5":"has-post-thumbnail","7":"category-international","8":"tag-actualites","9":"tag-fr","10":"tag-france","11":"tag-international","12":"tag-news","13":"tag-world"},"share_on_mastodon":{"url":"https:\/\/pubeurope.com\/@fr\/115911595467077235","error":""},"_links":{"self":[{"href":"https:\/\/www.europesays.com\/fr\/wp-json\/wp\/v2\/posts\/670460","targetHints":{"allow":["GET"]}}],"collection":[{"href":"https:\/\/www.europesays.com\/fr\/wp-json\/wp\/v2\/posts"}],"about":[{"href":"https:\/\/www.europesays.com\/fr\/wp-json\/wp\/v2\/types\/post"}],"author":[{"embeddable":true,"href":"https:\/\/www.europesays.com\/fr\/wp-json\/wp\/v2\/users\/2"}],"replies":[{"embeddable":true,"href":"https:\/\/www.europesays.com\/fr\/wp-json\/wp\/v2\/comments?post=670460"}],"version-history":[{"count":0,"href":"https:\/\/www.europesays.com\/fr\/wp-json\/wp\/v2\/posts\/670460\/revisions"}],"wp:featuredmedia":[{"embeddable":true,"href":"https:\/\/www.europesays.com\/fr\/wp-json\/wp\/v2\/media\/670461"}],"wp:attachment":[{"href":"https:\/\/www.europesays.com\/fr\/wp-json\/wp\/v2\/media?parent=670460"}],"wp:term":[{"taxonomy":"category","embeddable":true,"href":"https:\/\/www.europesays.com\/fr\/wp-json\/wp\/v2\/categories?post=670460"},{"taxonomy":"post_tag","embeddable":true,"href":"https:\/\/www.europesays.com\/fr\/wp-json\/wp\/v2\/tags?post=670460"}],"curies":[{"name":"wp","href":"https:\/\/api.w.org\/{rel}","templated":true}]}}