{"id":670496,"date":"2026-01-17T17:42:15","date_gmt":"2026-01-17T17:42:15","guid":{"rendered":"https:\/\/www.europesays.com\/fr\/670496\/"},"modified":"2026-01-17T17:42:15","modified_gmt":"2026-01-17T17:42:15","slug":"a-seulement-1h-de-nice-cette-station-de-ski-meconnue-offre-une-vue-unique-entre-mer-et-montagne","status":"publish","type":"post","link":"https:\/\/www.europesays.com\/fr\/670496\/","title":{"rendered":"\u00c0 seulement 1h de Nice, cette station de ski m\u00e9connue offre une vue unique entre mer et montagne"},"content":{"rendered":"<p>La Plagne, Val Thorens, L\u00a0\u00bbAlpe d&rsquo;Huez, Meg\u00e8ve, Courchevel,<br \/>\nChamonix&#8230; <strong>Difficile de faire son choix dans un pays o\u00f9<br \/>\nles stations de ski sont toutes plus populaires les unes que les<br \/>\nautres<\/strong>. Mais qui dit stations populaires dit aussi longues<br \/>\nheures d&rsquo;attente avant de prendre son forfait, files interminables<br \/>\ndevant les remont\u00e9es m\u00e9caniques et logements qui co\u00fbtent un bras<br \/>\npour le s\u00e9jour. Alors, si vous testiez cet hiver une station de ski<br \/>\nencore \u00e9pargn\u00e9e par la foule et qui offre en plus une vue<br \/>\nspectaculaire sur la mer ? Rep\u00e9r\u00e9e dans les colonnes de<br \/>\nCosmopolitan, cette destination situ\u00e9e dans le sud de la<br \/>\nFrance attire l&rsquo;attention par son emplacement singulier et son<br \/>\natmosph\u00e8re paisible. Et \u00e0 mesure que l&rsquo;on d\u00e9couvre ce lieu, l&rsquo;envie<br \/>\nde chausser les skis devient difficile \u00e0 contenir.<\/p>\n<p>La station de ski qui fait aimer l&rsquo;hiver aux amoureux du<br \/>\nsoleil<\/p>\n<p>Quand on pense au sud de la France, <strong><a href=\"https:\/\/www.grazia.fr\/lifestyle\/voyages\/retraite-pas-chere-en-mediterranee-cette-ville-balneaire-ou-les-loyers-demarrent-a-300-e-attire-de-plus-en-plus-de-seniors-1189998.html\" target=\"_blank\" rel=\"noopener\"><br \/>\non pense avant tout \u00e0 la M\u00e9diterran\u00e9e<\/a>, aux villes c\u00f4ti\u00e8res et<br \/>\naux vacances d&rsquo;\u00e9t\u00e9<\/strong>. La r\u00e9gion Provence-Alpes-C\u00f4te d&rsquo;Azur<br \/>\nreste l&rsquo;une des plus fr\u00e9quent\u00e9es du pays pendant la belle saison,<br \/>\nnotamment pour son climat et la diversit\u00e9 de ses paysages.<\/p>\n<p>Beaucoup attendent les beaux jours pour retrouver ces paysages.<br \/>\nMais cette station de ski, <strong>situ\u00e9e tout pr\u00e8s de la<br \/>\nM\u00e9diterran\u00e9e<\/strong>, propose une autre mani\u00e8re de d\u00e9couvrir la<br \/>\nmontagne. M\u00eame les personnes peu attir\u00e9es par l&rsquo;hiver y trouvent<br \/>\nleur compte, gr\u00e2ce \u00e0 son cadre et \u00e0 <strong>son emplacement tr\u00e8s<br \/>\nparticulier entre mer et relief<\/strong>.<\/p>\n<p>Gr\u00e9oli\u00e8res 1400, ou la station qui change totalement<br \/>\nl&rsquo;exp\u00e9rience montagne<\/p>\n<p><strong>Direction Gr\u00e9oli\u00e8res-les-Neiges, aussi appel\u00e9e<br \/>\nGr\u00e9oli\u00e8res 1400<\/strong>. Pos\u00e9e sur le versant nord du massif du<br \/>\nCheiron, dans les Alpes-Maritimes, <a href=\"https:\/\/www.grazia.fr\/lifestyle\/voyages\/sacree-pour-la-dixieme-fois-la-meilleure-station-de-ski-du-monde-est-francaise-1120159.html\" target=\"_blank\" rel=\"noopener\"><br \/>\ncette station de ski<\/a> se situe \u00e0 seulement <strong>21 kilom\u00e8tres<br \/>\nde Nice<\/strong> et devient la station la plus proche de la mer<br \/>\nM\u00e9diterran\u00e9e. \u00c0 1 400 m\u00e8tres d&rsquo;altitude, elle offre un d\u00e9cor<br \/>\nsaisissant o\u00f9 l&rsquo;on skie face \u00e0 l&rsquo;horizon marin.<\/p>\n<p>Son domaine s&rsquo;\u00e9tend sur plus de 1 000 hectares et propose<br \/>\n<strong>30 kilom\u00e8tres de pistes, avec 4 vertes, 6 bleues, 14 rouges<br \/>\net 2 noires<\/strong>, sans oublier un snowpark, des pistes de ski<br \/>\nde fond et de nombreux itin\u00e9raires pour les raquettes. Le village<br \/>\nconserve une ambiance familiale, avec ses chalets en bois, ses<br \/>\nrestaurants de sp\u00e9cialit\u00e9s, ses commerces et ses h\u00e9bergements<br \/>\naccessibles, loin des tarifs vertigineux des grandes stations<br \/>\nalpines.<\/p>\n<p>L&rsquo;activit\u00e9 la plus tendance de cette<br \/>\nstation de ski du sud de la France<\/p>\n<p>Depuis quelques semaines, une nouveaut\u00e9 attire tous les regards<br \/>\n\u00e0 Gr\u00e9oli\u00e8res 1400 : <strong>la luge quatre saisons<\/strong>.<br \/>\nInstall\u00e9e sur les hauteurs de la station, elle propose pr\u00e8s d&rsquo;un<br \/>\nkilom\u00e8tre de descente sur rails. Les virages relev\u00e9s et les<br \/>\npassages rapides offrent une sensation de glisse spectaculaire.<br \/>\nAccessible aux enfants d\u00e8s 3 ans comme aux adultes, elle est<br \/>\ndevenue <strong>l&rsquo;attraction phare du domaine, pour seulement 9<br \/>\neuros la descente<\/strong>.<\/p>\n<p><strong>Ouverte toute l&rsquo;ann\u00e9e<\/strong>, cette activit\u00e9 permet de<br \/>\nprolonger le plaisir de la montagne bien au-del\u00e0 de l&rsquo;hiver. En<br \/>\nquelques minutes de descente, le regard embrasse \u00e0 la fois les<br \/>\nfor\u00eats, les sommets et, par temps clair, la mer en contrebas. Une<br \/>\nmani\u00e8re ludique et moderne de <strong>d\u00e9couvrir autrement cette<br \/>\nstation de ski du sud<\/strong>, qui confirme son positionnement<br \/>\ncomme <a href=\"https:\/\/www.grazia.fr\/lifestyle\/voyages\/a-300-m-daltitude-ce-village-considere-comme-le-petit-versailles-de-la-cote-dazur-est-un-joyau-epoustouflant-1104116.html\" target=\"_blank\" rel=\"noopener\"><br \/>\ndestination \u00e0 part sur la C\u00f4te d&rsquo;Azur<\/a>.<\/p>\n","protected":false},"excerpt":{"rendered":"La Plagne, Val Thorens, L\u00a0\u00bbAlpe d&rsquo;Huez, Meg\u00e8ve, Courchevel, Chamonix&#8230; Difficile de faire son choix dans un pays o\u00f9&hellip;\n","protected":false},"author":2,"featured_media":670497,"comment_status":"","ping_status":"","sticky":false,"template":"","format":"standard","meta":{"footnotes":""},"categories":[2819],"tags":[77022,13041,1111,11,3477,1805,2834,12219,1777,674,1011,27,34275,6127,5324,12,2401,5235,882,25,43032,4129,3758,96,10336,13373],"class_list":{"0":"post-670496","1":"post","2":"type-post","3":"status-publish","4":"format-standard","5":"has-post-thumbnail","7":"category-nice","8":"tag-1h","9":"tag-a","10":"tag-actu","11":"tag-actualites","12":"tag-cette","13":"tag-de","14":"tag-entre","15":"tag-et","16":"tag-eu","17":"tag-europe","18":"tag-fr","19":"tag-france","20":"tag-meconnue","21":"tag-mer","22":"tag-montagne","23":"tag-news","24":"tag-nice","25":"tag-offre","26":"tag-provence-alpes-cote-dazur","27":"tag-republique-francaise","28":"tag-seulement","29":"tag-ski","30":"tag-station","31":"tag-une","32":"tag-unique","33":"tag-vue"},"share_on_mastodon":{"url":"https:\/\/pubeurope.com\/@fr\/115911678020859045","error":""},"_links":{"self":[{"href":"https:\/\/www.europesays.com\/fr\/wp-json\/wp\/v2\/posts\/670496","targetHints":{"allow":["GET"]}}],"collection":[{"href":"https:\/\/www.europesays.com\/fr\/wp-json\/wp\/v2\/posts"}],"about":[{"href":"https:\/\/www.europesays.com\/fr\/wp-json\/wp\/v2\/types\/post"}],"author":[{"embeddable":true,"href":"https:\/\/www.europesays.com\/fr\/wp-json\/wp\/v2\/users\/2"}],"replies":[{"embeddable":true,"href":"https:\/\/www.europesays.com\/fr\/wp-json\/wp\/v2\/comments?post=670496"}],"version-history":[{"count":0,"href":"https:\/\/www.europesays.com\/fr\/wp-json\/wp\/v2\/posts\/670496\/revisions"}],"wp:featuredmedia":[{"embeddable":true,"href":"https:\/\/www.europesays.com\/fr\/wp-json\/wp\/v2\/media\/670497"}],"wp:attachment":[{"href":"https:\/\/www.europesays.com\/fr\/wp-json\/wp\/v2\/media?parent=670496"}],"wp:term":[{"taxonomy":"category","embeddable":true,"href":"https:\/\/www.europesays.com\/fr\/wp-json\/wp\/v2\/categories?post=670496"},{"taxonomy":"post_tag","embeddable":true,"href":"https:\/\/www.europesays.com\/fr\/wp-json\/wp\/v2\/tags?post=670496"}],"curies":[{"name":"wp","href":"https:\/\/api.w.org\/{rel}","templated":true}]}}