{"id":670550,"date":"2026-01-17T18:13:10","date_gmt":"2026-01-17T18:13:10","guid":{"rendered":"https:\/\/www.europesays.com\/fr\/670550\/"},"modified":"2026-01-17T18:13:10","modified_gmt":"2026-01-17T18:13:10","slug":"le-contre-de-cheslin-kolbe-sur-thomas-ramos-etait-tout-a-fait-valable-la-polemique-de-france-afrique-du-sud-decryptee-par-un-grand-nom-francais","status":"publish","type":"post","link":"https:\/\/www.europesays.com\/fr\/670550\/","title":{"rendered":"\u00ab\u00a0Le contre de Cheslin Kolbe sur Thomas Ramos \u00e9tait tout \u00e0 fait valable\u00a0!\u00a0\u00bb La pol\u00e9mique de France-Afrique du Sud d\u00e9crypt\u00e9e par un grand nom fran\u00e7ais"},"content":{"rendered":"<p>\n                                                                    l&rsquo;essentiel<br \/>\n                                                                Laurent Cardona, arbitre fort de pr\u00e8s de 15 ans d\u2019arbitrage au plus haut niveau international, livre dans une vid\u00e9o une analyse pr\u00e9cise des actions pol\u00e9miques de France-Afrique du Sud, le quart de finale de la Coupe du monde 2023 perdu \u00e0 Saint-Denis par Antoine Dupont et l\u2019\u00e9quipe de France (29-28). Au premier rang desquelles\u00a0: la c\u00e9l\u00e8bre transformation contr\u00e9e de Thomas Ramos.\n                            <\/p>\n<p>Une action embl\u00e9matique, inoubliable pour les supporters et qui fait, pr\u00e8s de deux ans et demi apr\u00e8s les faits, encore beaucoup parler tant la blessure est vive. Le 15\u00a0octobre 2023 au Stade de France, Antoine Dupont et ses co\u00e9quipiers du XV de France \u00e9taient \u00e9limin\u00e9s \u00e0 domicile de \u00ab\u00a0leur\u00a0\u00bb Coupe du monde, battus en quart de finale par l\u2019Afrique du Sud (29-28). Une rencontre dont le sc\u00e9nario avait beaucoup fait parler en raison de potentielles pol\u00e9miques d\u2019arbitrage, sur lesquelles l\u2019ex-arbitre international fran\u00e7ais Laurent Cardona s\u2019exprime ce samedi 17\u00a0janvier.<\/p>\n<p>Dans une vid\u00e9o de pr\u00e8s de 20 minutes post\u00e9e sur YouTube, l\u2019ancien directeur de jeu, fort de pr\u00e8s de 15 ans d\u2019exp\u00e9rience au plus haut niveau (2008-2022), livre son analyse sur plusieurs faits de jeu pol\u00e9miques. Le plus marquant, le plus pol\u00e9mique\u00a0: la transformation de Thomas Ramos contr\u00e9e par Cheslin Kolbe, \u00e0 la 23e minute.<\/p>\n<p class=\"std-elt__inline\">\n        <strong>\u00c0 lire aussi :<\/strong><br \/>\n        <a href=\"https:\/\/www.ladepeche.fr\/2025\/12\/28\/video-thomas-ramos-venge-cheslin-kolbe-celebre-pour-avoir-contre-le-toulousain-au-mondial-2023-piege-a-son-tour-et-ca-finit-mal-pour-lui-13134236.php\" target=\"_blank\" rel=\"noopener\">VIDEO. Thomas Ramos veng\u00e9\u00a0! Cheslin Kolbe, c\u00e9l\u00e8bre pour avoir contr\u00e9 le Toulousain au Mondial 2023, pi\u00e9g\u00e9 \u00e0 son tour (et \u00e7a finit mal pour lui)<\/a>\n    <\/p>\n<p>\u00ab\u00a0Ce cas a fait \u00e9norm\u00e9ment d\u00e9bat\u00a0\u00bb entame le natif de V\u00e9nissieux (Rh\u00f4ne). Cheslin Kolbe est-il parti avant les premiers pas d\u2019\u00e9lan de Thomas Ramos\u00a0? Toutes les images observ\u00e9es, les angles de cam\u00e9ra officiels, mais non officiels \u2013 c\u2019est-\u00e0-dire les spectateurs pr\u00e9sents dans les tribunes et qui ont film\u00e9 la situation\u2026 Aucune de ces images ne prouve que Cheslin Kolbe est parti avant les premiers pas d\u2019\u00e9lan.\u00a0\u00bb<\/p>\n<p>Il poursuit\u00a0: \u00ab\u00a0Alors, si Ben O\u2019Keeffe (l\u2019arbitre n\u00e9o-z\u00e9landais, NDLR) avait fait appel \u00e0 la vid\u00e9o, comme beaucoup l\u2019ont r\u00e9clam\u00e9, rien ne lui aurait permis d\u2019annuler le contre de Cheslin Kolbe. Cheslin Kolbe dira en conf\u00e9rence de presse qu\u2019il conna\u00eet parfaitement la routine de Thomas Ramos [\u2026] Si on ajoute \u00e0 cela, l\u2019extr\u00eame explosivit\u00e9 de l\u2019ailier sud-africain, c\u2019est ce combin\u00e9 extr\u00eamement rare qui lui a permis de contrer.\u00a0\u00bb<\/p>\n<p>\u00ab\u00a0C\u2019est un cas qui n\u2019arrive jamais\u00a0\u00bb conclut-il, \u00ab\u00a0et encore moins au niveau international. Mais je suis d\u2019accord avec Ben O\u2019Keeffe. Il ne valait pas revenir sur l\u2019action et le contre \u00e9tait tout \u00e0 fait valable.\u00a0\u00bb<\/p>\n<p>Laurent Cardona, \u00e2g\u00e9 aujourd\u2019hui de 48 ans, a pris sa retraite d\u2019arbitre international en 2022. Depuis, il est notamment pass\u00e9 par le staff technique de Soyaux-Angoul\u00eame, dont il a d\u00e9missionn\u00e9 il y a peu.<\/p>\n<p class=\"std-elt__inline\">\n        <strong>\u00c0 lire aussi :<\/strong><br \/>\n        <a href=\"https:\/\/www.ladepeche.fr\/2025\/11\/28\/rugby-si-cheslin-kolbe-navait-pas-contre-thomas-ramos-les-revelations-dun-sud-africain-sur-le-match-du-mondial-2023-contre-les-bleus-13079448.php\" target=\"_blank\" rel=\"noopener\">Rugby\u00a0: \u00ab\u00a0Si Cheslin Kolbe n\u2019avait pas contr\u00e9 Thomas Ramos\u2026\u00a0\u00bb Les r\u00e9v\u00e9lations d\u2019un Sud-Africain sur le match du Mondial 2023 contre les Bleus<\/a>\n    <\/p>\n<p>Dans cette m\u00eame vid\u00e9o, l\u2019ancien directeur de jeu pointe plusieurs autres actions litigieuses, comme le possible en-avant volontaire d\u2019Eben Etzebeth \u00e0 la 6e minute, annihilant une action fran\u00e7aise, donnant raison \u00e0 Ben O\u2019Keeffe. Toutefois, il rel\u00e8ve des erreurs de ce dernier, commises aux 45e (en-avant non sanctionn\u00e9 de Jessie Kriel) et 50e minutes (Steven\u00a0Kitshoff avait\u00a0tap\u00e9 sur le ballon dans les mains d\u2019Antoine Dupont).<\/p>\n<p>\u00c0 l\u2019issue de cet \u00e9pique France-Afrique du Sud, Antoine Dupont avait lui-m\u00eame critiqu\u00e9 la prestation de Ben O\u2019Keeffe, estimant que \u00ab\u00a0l\u2019arbitrage n\u2019avait pas \u00e9t\u00e9 \u00e0 la hauteur de l\u2019enjeu\u00a0\u00bb.<\/p>\n","protected":false},"excerpt":{"rendered":"l&rsquo;essentiel Laurent Cardona, arbitre fort de pr\u00e8s de 15 ans d\u2019arbitrage au plus haut niveau international, livre dans&hellip;\n","protected":false},"author":2,"featured_media":670551,"comment_status":"","ping_status":"","sticky":false,"template":"","format":"standard","meta":{"footnotes":""},"categories":[1416],"tags":[1011,27,479,1468,68796,517,60,513],"class_list":{"0":"post-670550","1":"post","2":"type-post","3":"status-publish","4":"format-standard","5":"has-post-thumbnail","7":"category-rugby","8":"tag-fr","9":"tag-france","10":"tag-rugby","11":"tag-rugby-football","12":"tag-rugby-u00e0-xv","13":"tag-sport","14":"tag-sports","15":"tag-xv-de-france"},"share_on_mastodon":{"url":"https:\/\/pubeurope.com\/@fr\/115911799847528579","error":""},"_links":{"self":[{"href":"https:\/\/www.europesays.com\/fr\/wp-json\/wp\/v2\/posts\/670550","targetHints":{"allow":["GET"]}}],"collection":[{"href":"https:\/\/www.europesays.com\/fr\/wp-json\/wp\/v2\/posts"}],"about":[{"href":"https:\/\/www.europesays.com\/fr\/wp-json\/wp\/v2\/types\/post"}],"author":[{"embeddable":true,"href":"https:\/\/www.europesays.com\/fr\/wp-json\/wp\/v2\/users\/2"}],"replies":[{"embeddable":true,"href":"https:\/\/www.europesays.com\/fr\/wp-json\/wp\/v2\/comments?post=670550"}],"version-history":[{"count":0,"href":"https:\/\/www.europesays.com\/fr\/wp-json\/wp\/v2\/posts\/670550\/revisions"}],"wp:featuredmedia":[{"embeddable":true,"href":"https:\/\/www.europesays.com\/fr\/wp-json\/wp\/v2\/media\/670551"}],"wp:attachment":[{"href":"https:\/\/www.europesays.com\/fr\/wp-json\/wp\/v2\/media?parent=670550"}],"wp:term":[{"taxonomy":"category","embeddable":true,"href":"https:\/\/www.europesays.com\/fr\/wp-json\/wp\/v2\/categories?post=670550"},{"taxonomy":"post_tag","embeddable":true,"href":"https:\/\/www.europesays.com\/fr\/wp-json\/wp\/v2\/tags?post=670550"}],"curies":[{"name":"wp","href":"https:\/\/api.w.org\/{rel}","templated":true}]}}