{"id":670553,"date":"2026-01-17T18:18:10","date_gmt":"2026-01-17T18:18:10","guid":{"rendered":"https:\/\/www.europesays.com\/fr\/670553\/"},"modified":"2026-01-17T18:18:10","modified_gmt":"2026-01-17T18:18:10","slug":"pierre-henry-basset-jaime-tout-actualite","status":"publish","type":"post","link":"https:\/\/www.europesays.com\/fr\/670553\/","title":{"rendered":"Pierre-Henry Basset : \u00ab J\u2019aime tout ! \u00bb &#8211; Actualit\u00e9"},"content":{"rendered":"<p dir=\"ltr\">D\u2019un ciel bleu azur \u00e0 l\u2019autre. Ce vendredi, <strong><a href=\"https:\/\/www.directvelo.com\/coureur\/37753\/pierre-henry-basset\" target=\"_blank\" rel=\"noopener\">Pierre-Henry Basset<\/a><\/strong> a quitt\u00e9 Calpe pour Duba\u00ef o\u00f9 il d\u00e9butera sa saison ce dimanche \u00e0 l\u2019Al Salam Championship, une course non-UCI. \u201cJe n\u2019ai pas couru depuis fin ao\u00fbt alors j\u2019ai h\u00e2te. On n\u2019y va pas dans l&rsquo;optique de la victoire \u00e0 tout prix m\u00eame si on a envie de gagner quand on met un dossard. Je n\u2019ai jamais \u00e9t\u00e9 \u00e0 Duba\u00ef, \u00e7a va \u00eatre sympa\u201d, imaginait-il en milieu de semaine aupr\u00e8s de DirectVelo, depuis la Costa Blanca. <\/p>\n<p dir=\"ltr\">Le coureur de la Conti XDS Astana n\u2019a pu s\u2019entra\u00eener comme il le voulait en d\u00e9but de semaine.\u00a0\u201cUne belle bronchite\u201d l\u2019a mis sur la touche pendant quelques jours. \u201cBosser sur la fatigue, ce n\u2019est pas ce qu\u2019il y a le mieux \u00e0 faire. Ce n\u2019est pas tr\u00e8s grave, c\u2019est au Tour de la Provence o\u00f9 je reprendrai vraiment la saison qu\u2019il faudra commencer \u00e0 \u00eatre en forme\u201d. <\/p>\n<p><strong>DE LA BRETAGNE \u00c0 LA SAVOIE EN PASSANT PAR LA C\u00d4TE D\u2019AZUR<\/strong><\/p>\n<p>Le Breton avait termin\u00e9 pr\u00e9matur\u00e9ment son exercice 2025 apr\u00e8s le Tour de l\u2019Avenir en raison d\u2019un cytom\u00e9galovirus. Cette maladie l\u2019a priv\u00e9 du Championnat du Monde au Rwanda et du Championnat d\u2019Europe en Ard\u00e8che. \u201cC\u2019\u00e9tait p\u00e9nible car \u00e7a aurait \u00e9t\u00e9 deux super exp\u00e9riences\u201d. Malgr\u00e9 cette d\u00e9ception, Pierre-Henry Basset est sorti satisfait de sa saison.\u00a0\u00ab\u00a0Il y a encore eu pas mal d\u2019apprentissage. Et j\u2019ai gagn\u00e9, ce qui est toujours sympa\u201d, <a href=\"https:\/\/www.directvelo.com\/actualite\/119384\/pierre-henry-basset-jai-repense-a-lautre-fois\" target=\"_blank\" rel=\"noopener\"><strong>appr\u00e9cie le vainqueur d\u2019une \u00e9tape et du g\u00e9n\u00e9ral du Tour of Rhodes<\/strong>.<\/a> <\/p>\n<p>Ses bons r\u00e9sultats ne lui ont en revanche pas permis de signer un contrat plus haut. \u201cL\u2019\u00e9quipe m\u2019a dit de refaire une ann\u00e9e en d\u00e9vo et de continuer de progresser. Forc\u00e9ment, j\u2019esp\u00e8re \u00eatre dans la WorldTeam l\u2019an prochain\u201d, dit-il avant d\u2019attaquer sa derni\u00e8re ann\u00e9e dans les rangs Espoirs. <\/p>\n<p>Il se donne les moyens de r\u00e9pondre aux attentes de la formation kazakhe. Depuis mi-novembre, il a quitt\u00e9 la Bretagne, avec son fr\u00e8re Antoine (Bourg-en-Bresse Ain Cyclisme), pour vivre \u00e0 Cannes. Et en avril, les deux frangins partiront s&rsquo;installer \u00e0 Chamb\u00e9ry. \u201cLa Bretagne, c\u2019est sympa, mais pas toujours simple avec la m\u00e9t\u00e9o. Rouler dans les cols, c\u2019est quand m\u00eame sympa\u201d. <\/p>\n<p><strong>\u00ab CE SONT LES \u00c9TAPES DE MONTAGNE QUI TE FONT R\u00caVER \u00bb<\/strong><\/p>\n<p>Pierre-Henry Basset a la volont\u00e9 de progresser dans les efforts longs. \u201cJe n\u2019ai pas la fibre pour \u00eatre un super puncheur, j\u2019ai plus les qualit\u00e9s de r\u00e9sistance notamment quand une \u00e9tape de montagne est vraiment longue. Et quand tu grandis en regardant les courses de v\u00e9lo \u00e0 la t\u00e9l\u00e9, ce sont les \u00e9tapes de montagne qui te font r\u00eaver\u201d. <\/p>\n<p>L\u2019ancien coureur du VC Pays de Loud\u00e9ac conna\u00eet malgr\u00e9 tout ses limites dans les cols. \u201cJe ne serai jamais un grimpeur mais pourquoi pas \u00eatre l\u00e0 sur des courses \u00ab \u00e0 la r\u00e2pe \u00bb,\u00a0o\u00f9 c\u2019est vraiment vallonn\u00e9. Je ne sais pas encore quel type de coureur je suis car je n\u2019excelle pas dans un domaine. Pourquoi pas bosser le chrono aussi, et penser aux classements g\u00e9n\u00e9raux\u201d, dit le coureur class\u00e9 l\u2019an dernier 13e du Tour d\u2019Italie Espoirs et 17e du Tour du Val d\u2019Aoste. Il n\u2019oublie pas par ailleurs les Classiques, notamment celles avec des pav\u00e9s. \u201cJ\u2019aime tout ! J\u2019ai fait du cyclo-cross par le pass\u00e9, j\u2019aime les chantiers avec une m\u00e9t\u00e9o qui n\u2019est pas bonne\u201d.<\/p>\n<p>Ses principaux objectifs ressembleront \u00e0 ceux de l\u2019an pass\u00e9. Il a en t\u00eate le Giro Espoirs, le Tour de l\u2019Avenir et le Championnat de France U23. Et il a bien s\u00fbr remarqu\u00e9 que le Championnat du Monde \u00e0 Montr\u00e9al pourrait parfaitement correspondre \u00e0 ses qualit\u00e9s. \u201cIl peut \u00eatre pas mal pour moi\u201d. Pierre-Henry Basset sait ce qui lui reste \u00e0 faire pour obtenir une s\u00e9lection.\u00a0<\/p>\n","protected":false},"excerpt":{"rendered":"D\u2019un ciel bleu azur \u00e0 l\u2019autre. Ce vendredi, Pierre-Henry Basset a quitt\u00e9 Calpe pour Duba\u00ef o\u00f9 il d\u00e9butera&hellip;\n","protected":false},"author":2,"featured_media":670554,"comment_status":"","ping_status":"","sticky":false,"template":"","format":"standard","meta":{"footnotes":""},"categories":[1411],"tags":[834,828,836,829,837,827,83,826,824,823,1154,207,814,817,815,816,822,821,832,211,839,1011,27,820,818,819,835,831,830,833,838,60,212,208,825],"class_list":{"0":"post-670553","1":"post","2":"type-post","3":"status-publish","4":"format-standard","5":"has-post-thumbnail","7":"category-cyclisme","8":"tag-attaque","9":"tag-belgique","10":"tag-braquet","11":"tag-bretagne","12":"tag-chute","13":"tag-competition","14":"tag-coupe-de-france","15":"tag-coureur","16":"tag-course-cyclisme","17":"tag-course-cycliste","18":"tag-cycling","19":"tag-cyclisme","20":"tag-direct","21":"tag-direct-velo","22":"tag-directvelo","23":"tag-directvelo-com","24":"tag-epreuve","25":"tag-epreuve-cycliste","26":"tag-federation-francaise-de-cyclisme","27":"tag-ffc","28":"tag-flandres","29":"tag-fr","30":"tag-france","31":"tag-live","32":"tag-live-course","33":"tag-live-epreuve","34":"tag-peloton","35":"tag-radio-peloton","36":"tag-radio-tour","37":"tag-ravitaillement","38":"tag-relance","39":"tag-sports","40":"tag-uci","41":"tag-velo","42":"tag-velos"},"share_on_mastodon":{"url":"https:\/\/pubeurope.com\/@fr\/115911819540651125","error":""},"_links":{"self":[{"href":"https:\/\/www.europesays.com\/fr\/wp-json\/wp\/v2\/posts\/670553","targetHints":{"allow":["GET"]}}],"collection":[{"href":"https:\/\/www.europesays.com\/fr\/wp-json\/wp\/v2\/posts"}],"about":[{"href":"https:\/\/www.europesays.com\/fr\/wp-json\/wp\/v2\/types\/post"}],"author":[{"embeddable":true,"href":"https:\/\/www.europesays.com\/fr\/wp-json\/wp\/v2\/users\/2"}],"replies":[{"embeddable":true,"href":"https:\/\/www.europesays.com\/fr\/wp-json\/wp\/v2\/comments?post=670553"}],"version-history":[{"count":0,"href":"https:\/\/www.europesays.com\/fr\/wp-json\/wp\/v2\/posts\/670553\/revisions"}],"wp:featuredmedia":[{"embeddable":true,"href":"https:\/\/www.europesays.com\/fr\/wp-json\/wp\/v2\/media\/670554"}],"wp:attachment":[{"href":"https:\/\/www.europesays.com\/fr\/wp-json\/wp\/v2\/media?parent=670553"}],"wp:term":[{"taxonomy":"category","embeddable":true,"href":"https:\/\/www.europesays.com\/fr\/wp-json\/wp\/v2\/categories?post=670553"},{"taxonomy":"post_tag","embeddable":true,"href":"https:\/\/www.europesays.com\/fr\/wp-json\/wp\/v2\/tags?post=670553"}],"curies":[{"name":"wp","href":"https:\/\/api.w.org\/{rel}","templated":true}]}}